{"id":26980,"date":"2013-10-29T02:02:34","date_gmt":"2013-10-29T02:02:34","guid":{"rendered":"http:\/\/www.hoymercedes.com.ar\/principal\/?p=26980"},"modified":"2013-10-29T02:02:34","modified_gmt":"2013-10-29T02:02:34","slug":"wado-de-pedro-se-reunio-con-selva-tras-las-elecciones","status":"publish","type":"post","link":"https:\/\/www.hoymercedes.com.ar\/principal\/2013\/10\/29\/wado-de-pedro-se-reunio-con-selva-tras-las-elecciones\/","title":{"rendered":"Wado de Pedro se reuni\u00f3 con Selva tras las elecciones"},"content":{"rendered":"<p><a href=\"https:\/\/www.hoymercedes.com.ar\/principal\/wp-content\/uploads\/2013\/10\/wadodepedro.jpg\"><img loading=\"lazy\" decoding=\"async\" data-attachment-id=\"26982\" data-permalink=\"https:\/\/www.hoymercedes.com.ar\/principal\/2013\/10\/29\/wado-de-pedro-se-reunio-con-selva-tras-las-elecciones\/wadodepedro-3\/#main\" data-orig-file=\"https:\/\/www.hoymercedes.com.ar\/principal\/wp-content\/uploads\/2013\/10\/wadodepedro.jpg\" data-orig-size=\"620,355\" data-comments-opened=\"1\" data-image-meta=\"{&quot;aperture&quot;:&quot;0&quot;,&quot;credit&quot;:&quot;&quot;,&quot;camera&quot;:&quot;&quot;,&quot;caption&quot;:&quot;&quot;,&quot;created_timestamp&quot;:&quot;0&quot;,&quot;copyright&quot;:&quot;&quot;,&quot;focal_length&quot;:&quot;0&quot;,&quot;iso&quot;:&quot;0&quot;,&quot;shutter_speed&quot;:&quot;0&quot;,&quot;title&quot;:&quot;&quot;}\" data-image-title=\"wadodepedro\" data-image-description=\"\" data-image-caption=\"\" data-large-file=\"https:\/\/www.hoymercedes.com.ar\/principal\/wp-content\/uploads\/2013\/10\/wadodepedro.jpg\" class=\"aligncenter size-full wp-image-26982\" alt=\"wadodepedro\" src=\"https:\/\/www.hoymercedes.com.ar\/principal\/wp-content\/uploads\/2013\/10\/wadodepedro.jpg\" width=\"620\" height=\"355\" \/><\/a><\/p>\n<p><em><strong>Tras la elecci\u00f3n del domingo y tal como lo hab\u00eda manifestado \u00e9ste lunes se produjo el encuentro entre el Diputado Nacional Eduardo \u00abWado\u00bb de Pedro y el Intendente Carlos Selva.\u00a0<\/strong><\/em><\/p>\n<p>D\u00edas atr\u00e1s en los medios sali\u00f3 la declaraci\u00f3n de Eduardo de Pedro de que buscar\u00eda reunirse tras las elecciones con el primer mandatario local para trabajar por Mercedes. Tal instancia se materializ\u00f3 \u00e9ste lunes cerca del mediod\u00eda cuando ingres\u00f3 \u00abWado\u00bb a reunirse a solas con el jefe comunal tras la victoria que el Frente Renovador tuvo sobre el Frente Mercedino.<\/p>\n<p>Por el momento no trascendi\u00f3 lo dialogado entre los pol\u00edticos, pero, si se sabe que el encuentro se llev\u00f3 a cabo en el despacho privado de Selva en el Palacio Municipal.<\/p>\n","protected":false},"excerpt":{"rendered":"<p>Tras la elecci\u00f3n del domingo y tal como lo hab\u00eda manifestado \u00e9ste lunes se produjo el encuentro entre el Diputado &#8230; <a title=\"Wado de Pedro se reuni\u00f3 con Selva tras las elecciones\" class=\"read-more\" href=\"https:\/\/www.hoymercedes.com.ar\/principal\/2013\/10\/29\/wado-de-pedro-se-reunio-con-selva-tras-las-elecciones\/\" aria-label=\"Leer m\u00e1s sobre Wado de Pedro se reuni\u00f3 con Selva tras las elecciones\">Leer m\u00e1s<\/a><\/p>\n","protected":false},"author":1,"featured_media":0,"comment_status":"open","ping_status":"open","sticky":false,"template":"","format":"standard","meta":{"_monsterinsights_skip_tracking":false,"_monsterinsights_sitenote_active":false,"_monsterinsights_sitenote_note":"","_monsterinsights_sitenote_category":0,"jetpack_post_was_ever_published":false,"_jetpack_newsletter_access":"","_jetpack_dont_email_post_to_subs":false,"_jetpack_newsletter_tier_id":0,"_jetpack_memberships_contains_paywalled_content":false,"_jetpack_memberships_contains_paid_content":false,"footnotes":"","jetpack_publicize_message":"","jetpack_publicize_feature_enabled":true,"jetpack_social_post_already_shared":true,"jetpack_social_options":{"image_generator_settings":{"template":"highway","default_image_id":0,"font":"","enabled":false},"version":2},"_wpas_customize_per_network":false},"categories":[5],"tags":[39,1007,3647,281],"class_list":["post-26980","post","type-post","status-publish","format-standard","hentry","category-politica","tag-carlos-selva","tag-frente-mercedino","tag-frente-renovador-mercedes","tag-wado-de-pedro","generate-columns","tablet-grid-50","mobile-grid-100","grid-parent","grid-50"],"jetpack_publicize_connections":[],"jetpack_featured_media_url":"","wps_subtitle":"","jetpack_sharing_enabled":true,"_links":{"self":[{"href":"https:\/\/www.hoymercedes.com.ar\/principal\/wp-json\/wp\/v2\/posts\/26980","targetHints":{"allow":["GET"]}}],"collection":[{"href":"https:\/\/www.hoymercedes.com.ar\/principal\/wp-json\/wp\/v2\/posts"}],"about":[{"href":"https:\/\/www.hoymercedes.com.ar\/principal\/wp-json\/wp\/v2\/types\/post"}],"author":[{"embeddable":true,"href":"https:\/\/www.hoymercedes.com.ar\/principal\/wp-json\/wp\/v2\/users\/1"}],"replies":[{"embeddable":true,"href":"https:\/\/www.hoymercedes.com.ar\/principal\/wp-json\/wp\/v2\/comments?post=26980"}],"version-history":[{"count":0,"href":"https:\/\/www.hoymercedes.com.ar\/principal\/wp-json\/wp\/v2\/posts\/26980\/revisions"}],"wp:attachment":[{"href":"https:\/\/www.hoymercedes.com.ar\/principal\/wp-json\/wp\/v2\/media?parent=26980"}],"wp:term":[{"taxonomy":"category","embeddable":true,"href":"https:\/\/www.hoymercedes.com.ar\/principal\/wp-json\/wp\/v2\/categories?post=26980"},{"taxonomy":"post_tag","embeddable":true,"href":"https:\/\/www.hoymercedes.com.ar\/principal\/wp-json\/wp\/v2\/tags?post=26980"}],"curies":[{"name":"wp","href":"https:\/\/api.w.org\/{rel}","templated":true}]}}