{"id":26985,"date":"2013-10-29T14:08:36","date_gmt":"2013-10-29T14:08:36","guid":{"rendered":"http:\/\/www.hoymercedes.com.ar\/principal\/?p=26985"},"modified":"2013-10-29T14:08:36","modified_gmt":"2013-10-29T14:08:36","slug":"rescatan-nina-que-era-obligada-a-prostituirse-en-mercedes","status":"publish","type":"post","link":"https:\/\/www.hoymercedes.com.ar\/principal\/2013\/10\/29\/rescatan-nina-que-era-obligada-a-prostituirse-en-mercedes\/","title":{"rendered":"Rescatan ni\u00f1a que era obligada a prostituirse en Mercedes"},"content":{"rendered":"<p><em><strong>La \u00a0ni\u00f1a es de la ciudad de Luj\u00e1n y tiene tan s\u00f3lo 12 a\u00f1os. Era obligada a prostituirse. Sostuvo tras ser rescatada que estuvo durante un determinado tiempo en Mercedes. Qued\u00f3 detenido un sospechoso. Los allanamientos y la recuperaci\u00f3n de la ni\u00f1a se produjo en la ciudad de Luj\u00e1n.<\/strong><\/em><\/p>\n<p>La cuesti\u00f3n se inici\u00f3 durante el a\u00f1o pasado desde que la Unidad Funcional de Instrucci\u00f3n N\u00ba10 de la vecina comunidad de Luj\u00e1n recibiera la denuncia realizada por la madre de la menor qui\u00e9n sostuvo ante la justicia que ten\u00eda la joven problemas de conducta, que se drogaba y que ten\u00eda una relaci\u00f3n con un hombre de 40 a\u00f1os de edad.<\/p>\n<p>La primera visi\u00f3n de la UFI de Luj\u00e1n fue entender era un tema de familia, sin embargo, el Juzgado de Familia de Mercedes tom\u00f3 el asunto y lo sigui\u00f3. Dio conocimiento al Fiscal General Departamental.<\/p>\n<p>Un a\u00f1o despu\u00e9s la madre denuncia la desaparici\u00f3n de la ni\u00f1a qui\u00e9n se comunic\u00f3 con la mam\u00e1 por mensaje de texto dici\u00e9ndole estaba en un galp\u00f3n encerrada con dos mayores, uno de ello el que en el pasado habr\u00eda tenido una relaci\u00f3n con ella y bajo per\u00edmetro judicial tras la acci\u00f3n del Juzgado de Familia mercedino.<\/p>\n<p>Al tiempo la ni\u00f1a logra recuperar su libertad, aparece y narra c\u00f3mo la hab\u00edan llevado a un lugar dentro de la ruta N\u00ba5, en Mercedes y que le hab\u00edan pagado 300 pesos a ella y otras j\u00f3venes para mantener relaciones sexuales con otros sujetos.<\/p>\n<p>La ni\u00f1a tambi\u00e9n hab\u00eda declarado una violaci\u00f3n dentro del entorno familiar, nunca investigado.<\/p>\n<p>Poco tiempo atr\u00e1s intervino la Procuraduria tras una nueva desaparici\u00f3n de la ni\u00f1a. En esta ocasi\u00f3n intervino desde el \u00e1rea de Combate de Trata y Explotaci\u00f3n de Personas a cargo del fiscal Marcelo Colombo. De esta manera, tras la intervenci\u00f3n, se agiliz\u00f3 todo lo judicial referido a la ni\u00f1a, se intervinieron tel\u00e9fonos y se movilizaron recursos dentro del marco adecuado, con acci\u00f3n incluso de Gendarmer\u00eda.<\/p>\n<p>Durante el corriente mes y tras varias acciones judiciales se producen allanamientos simult\u00e1neos y se pudo encontrar a la ni\u00f1a qui\u00e9n recibi\u00f3 inmediatamente asistencia por especialistas en el \u00e1rea de Rescate siendo trasladada a un refugio en Capital Federal.<\/p>\n<p>El sujeto en cuesti\u00f3n fue\u00a0detenido recibiendo una acusaci\u00f3n por la comisi\u00f3n de los delitos de corrupci\u00f3n agravada, abuso sexual agravado, desobediencia (por violar la restricci\u00f3n de acercamiento a la v\u00edctima) e inducci\u00f3n a la fuga.<\/p>\n<p>El imputado qued\u00f3 a disposici\u00f3n del Juzgado de Garant\u00edas n\u00ba 2 de Mercedes, a cargo de Facundo Oliva.<\/p>\n","protected":false},"excerpt":{"rendered":"<p>La \u00a0ni\u00f1a es de la ciudad de Luj\u00e1n y tiene tan s\u00f3lo 12 a\u00f1os. Era obligada a prostituirse. Sostuvo tras &#8230; <a title=\"Rescatan ni\u00f1a que era obligada a prostituirse en Mercedes\" class=\"read-more\" href=\"https:\/\/www.hoymercedes.com.ar\/principal\/2013\/10\/29\/rescatan-nina-que-era-obligada-a-prostituirse-en-mercedes\/\" aria-label=\"Leer m\u00e1s sobre Rescatan ni\u00f1a que era obligada a prostituirse en Mercedes\">Leer m\u00e1s<\/a><\/p>\n","protected":false},"author":1,"featured_media":0,"comment_status":"open","ping_status":"open","sticky":false,"template":"","format":"standard","meta":{"_monsterinsights_skip_tracking":false,"_monsterinsights_sitenote_active":false,"_monsterinsights_sitenote_note":"","_monsterinsights_sitenote_category":0,"jetpack_post_was_ever_published":false,"_jetpack_newsletter_access":"","_jetpack_dont_email_post_to_subs":false,"_jetpack_newsletter_tier_id":0,"_jetpack_memberships_contains_paywalled_content":false,"_jetpack_memberships_contains_paid_content":false,"footnotes":"","jetpack_publicize_message":"","jetpack_publicize_feature_enabled":true,"jetpack_social_post_already_shared":true,"jetpack_social_options":{"image_generator_settings":{"template":"highway","default_image_id":0,"font":"","enabled":false},"version":2},"_wpas_customize_per_network":false},"categories":[85],"tags":[4121,677,4119,4120],"class_list":["post-26985","post","type-post","status-publish","format-standard","hentry","category-policial","tag-justicia-lujan","tag-justicia-mercedes","tag-nina-obligada-a-prostituirse","tag-trata-de-personas","generate-columns","tablet-grid-50","mobile-grid-100","grid-parent","grid-50"],"jetpack_publicize_connections":[],"jetpack_featured_media_url":"","wps_subtitle":"","jetpack_sharing_enabled":true,"_links":{"self":[{"href":"https:\/\/www.hoymercedes.com.ar\/principal\/wp-json\/wp\/v2\/posts\/26985","targetHints":{"allow":["GET"]}}],"collection":[{"href":"https:\/\/www.hoymercedes.com.ar\/principal\/wp-json\/wp\/v2\/posts"}],"about":[{"href":"https:\/\/www.hoymercedes.com.ar\/principal\/wp-json\/wp\/v2\/types\/post"}],"author":[{"embeddable":true,"href":"https:\/\/www.hoymercedes.com.ar\/principal\/wp-json\/wp\/v2\/users\/1"}],"replies":[{"embeddable":true,"href":"https:\/\/www.hoymercedes.com.ar\/principal\/wp-json\/wp\/v2\/comments?post=26985"}],"version-history":[{"count":0,"href":"https:\/\/www.hoymercedes.com.ar\/principal\/wp-json\/wp\/v2\/posts\/26985\/revisions"}],"wp:attachment":[{"href":"https:\/\/www.hoymercedes.com.ar\/principal\/wp-json\/wp\/v2\/media?parent=26985"}],"wp:term":[{"taxonomy":"category","embeddable":true,"href":"https:\/\/www.hoymercedes.com.ar\/principal\/wp-json\/wp\/v2\/categories?post=26985"},{"taxonomy":"post_tag","embeddable":true,"href":"https:\/\/www.hoymercedes.com.ar\/principal\/wp-json\/wp\/v2\/tags?post=26985"}],"curies":[{"name":"wp","href":"https:\/\/api.w.org\/{rel}","templated":true}]}}