{"id":27027,"date":"2013-10-30T16:25:49","date_gmt":"2013-10-30T16:25:49","guid":{"rendered":"http:\/\/www.hoymercedes.com.ar\/principal\/?p=27027"},"modified":"2013-10-30T16:25:49","modified_gmt":"2013-10-30T16:25:49","slug":"detenido-por-amenaza-y-lesionar-un-policia","status":"publish","type":"post","link":"https:\/\/www.hoymercedes.com.ar\/principal\/2013\/10\/30\/detenido-por-amenaza-y-lesionar-un-policia\/","title":{"rendered":"Detenido por amenaza y lesionar un polic\u00eda"},"content":{"rendered":"<p><strong><em>Durante la semana se han vivido diversos acontecimientos con la necesidad de contar con presencia policial. Uno de ellos que tom\u00f3 dimensiones fue en el que un polic\u00eda result\u00f3 herido tras intentar detener a un sujeto el pasado domingo en calle 14 y 11, seg\u00fan se inform\u00f3.<\/em><\/strong><\/p>\n<p>Los hechos sucedieron durante el horario nocturno y se actu\u00f3 tras el arribo de una denuncia al 911. Al ir al sitio en cuesti\u00f3n la polic\u00eda se encuentra con un hombre en estado de nervios y alteraci\u00f3n con manchas de sangre que podr\u00edan ser parte de una pelea o acto similar.<\/p>\n<p>Al intentar averiguar su identidad se puso violento y agredi\u00f3 al oficial. Fue aprendido y reducido finalmente acusado de lesiones graves. La justicia intervino por medio de la UFI N\u00ba3.<\/p>\n<p>El hombre fue identificado como M\u00e1ximiliano Pinote de la localidad de Chivilcoy con antecedentes penales. El acusado por una vecina fue denunciado por amenazas y uso de armas.<\/p>\n<p>Tras la actuaci\u00f3n judicial fue liberado.<\/p>\n<p>&nbsp;<\/p>\n","protected":false},"excerpt":{"rendered":"<p>Durante la semana se han vivido diversos acontecimientos con la necesidad de contar con presencia policial. Uno de ellos que &#8230; <a title=\"Detenido por amenaza y lesionar un polic\u00eda\" class=\"read-more\" href=\"https:\/\/www.hoymercedes.com.ar\/principal\/2013\/10\/30\/detenido-por-amenaza-y-lesionar-un-policia\/\" aria-label=\"Leer m\u00e1s sobre Detenido por amenaza y lesionar un polic\u00eda\">Leer m\u00e1s<\/a><\/p>\n","protected":false},"author":1,"featured_media":0,"comment_status":"open","ping_status":"open","sticky":false,"template":"","format":"standard","meta":{"_monsterinsights_skip_tracking":false,"_monsterinsights_sitenote_active":false,"_monsterinsights_sitenote_note":"","_monsterinsights_sitenote_category":0,"jetpack_post_was_ever_published":false,"_jetpack_newsletter_access":"","_jetpack_dont_email_post_to_subs":false,"_jetpack_newsletter_tier_id":0,"_jetpack_memberships_contains_paywalled_content":false,"_jetpack_memberships_contains_paid_content":false,"footnotes":"","jetpack_publicize_message":"","jetpack_publicize_feature_enabled":true,"jetpack_social_post_already_shared":true,"jetpack_social_options":{"image_generator_settings":{"template":"highway","default_image_id":0,"font":"","enabled":false},"version":2},"_wpas_customize_per_network":false},"categories":[85],"tags":[126],"class_list":["post-27027","post","type-post","status-publish","format-standard","hentry","category-policial","tag-policia-mercedes","generate-columns","tablet-grid-50","mobile-grid-100","grid-parent","grid-50"],"jetpack_publicize_connections":[],"jetpack_featured_media_url":"","wps_subtitle":"","jetpack_sharing_enabled":true,"_links":{"self":[{"href":"https:\/\/www.hoymercedes.com.ar\/principal\/wp-json\/wp\/v2\/posts\/27027","targetHints":{"allow":["GET"]}}],"collection":[{"href":"https:\/\/www.hoymercedes.com.ar\/principal\/wp-json\/wp\/v2\/posts"}],"about":[{"href":"https:\/\/www.hoymercedes.com.ar\/principal\/wp-json\/wp\/v2\/types\/post"}],"author":[{"embeddable":true,"href":"https:\/\/www.hoymercedes.com.ar\/principal\/wp-json\/wp\/v2\/users\/1"}],"replies":[{"embeddable":true,"href":"https:\/\/www.hoymercedes.com.ar\/principal\/wp-json\/wp\/v2\/comments?post=27027"}],"version-history":[{"count":0,"href":"https:\/\/www.hoymercedes.com.ar\/principal\/wp-json\/wp\/v2\/posts\/27027\/revisions"}],"wp:attachment":[{"href":"https:\/\/www.hoymercedes.com.ar\/principal\/wp-json\/wp\/v2\/media?parent=27027"}],"wp:term":[{"taxonomy":"category","embeddable":true,"href":"https:\/\/www.hoymercedes.com.ar\/principal\/wp-json\/wp\/v2\/categories?post=27027"},{"taxonomy":"post_tag","embeddable":true,"href":"https:\/\/www.hoymercedes.com.ar\/principal\/wp-json\/wp\/v2\/tags?post=27027"}],"curies":[{"name":"wp","href":"https:\/\/api.w.org\/{rel}","templated":true}]}}