{"id":27079,"date":"2013-11-02T17:23:03","date_gmt":"2013-11-02T17:23:03","guid":{"rendered":"http:\/\/www.hoymercedes.com.ar\/principal\/?p=27079"},"modified":"2013-11-02T19:10:49","modified_gmt":"2013-11-02T19:10:49","slug":"joven-detenido-por-causas-problemas-en-la-clinica","status":"publish","type":"post","link":"https:\/\/www.hoymercedes.com.ar\/principal\/2013\/11\/02\/joven-detenido-por-causas-problemas-en-la-clinica\/","title":{"rendered":"Joven detenido por causar problemas en la Cl\u00ednica"},"content":{"rendered":"<p><em><strong>\u00a0El hecho pas\u00f3 hace varios d\u00edas en la misma Cl\u00ednica de las Mercedes ubicada en avenida 29 y 16 cuando inexplicablemente un joven, que momentos antes hab\u00eda sido asistido en el lugar por presentar heridas cortantes en uno de sus brazos, comenz\u00f3 a gritar, enfrentando tanto a los m\u00e9dicos como al mismo empleado de seguridad. <\/strong><\/em><\/p>\n<p>Ante tal situaci\u00f3n debiendo desde la Cl\u00ednica llamar a la Polic\u00eda, haci\u00e9ndose presente un patrullero con efectivos, quienes en un primer momento intentaron calmar al muchacho, pero viendo que este, lejos de calmarse, los enfrentaba, tuvieron que detenerlo, siendo llevado a la Comisaria donde qued\u00f3 alojado.<\/p>\n<p>Al identificarlo constatab que se trababa de un menor de edad y por dichos de este mismo, como as\u00ed tambi\u00e9n de sus familiares, se estableci\u00f3 que tuvo esta actitud ya que hab\u00eda concurrido a\u00a0 dicho centro asistencial para ver a su novia, y por no poder pasar, es que tom\u00f3 la decisi\u00f3n de autolesionarse, cort\u00e1ndose con un vidrio, sus mu\u00f1ecas.<\/p>\n<p>Por la cuesti\u00f3n se inici\u00f3 una causa judicial, interviniendo as\u00ed la justicia de menores.<\/p>\n<p>Se supo tambi\u00e9n que este joven se encuentra fuera de peligro, no obstante se encuentra siendo asistido por una psic\u00f3loga del Servicio Local de Promoci\u00f3n y Protecci\u00f3n de los Derechos del Ni\u00f1o<\/p>\n","protected":false},"excerpt":{"rendered":"<p>\u00a0El hecho pas\u00f3 hace varios d\u00edas en la misma Cl\u00ednica de las Mercedes ubicada en avenida 29 y 16 cuando &#8230; <a title=\"Joven detenido por causar problemas en la Cl\u00ednica\" class=\"read-more\" href=\"https:\/\/www.hoymercedes.com.ar\/principal\/2013\/11\/02\/joven-detenido-por-causas-problemas-en-la-clinica\/\" aria-label=\"Leer m\u00e1s sobre Joven detenido por causar problemas en la Cl\u00ednica\">Leer m\u00e1s<\/a><\/p>\n","protected":false},"author":1,"featured_media":0,"comment_status":"open","ping_status":"open","sticky":false,"template":"","format":"standard","meta":{"_monsterinsights_skip_tracking":false,"_monsterinsights_sitenote_active":false,"_monsterinsights_sitenote_note":"","_monsterinsights_sitenote_category":0,"jetpack_post_was_ever_published":false,"_jetpack_newsletter_access":"","_jetpack_dont_email_post_to_subs":false,"_jetpack_newsletter_tier_id":0,"_jetpack_memberships_contains_paywalled_content":false,"_jetpack_memberships_contains_paid_content":false,"footnotes":"","jetpack_publicize_message":"","jetpack_publicize_feature_enabled":true,"jetpack_social_post_already_shared":true,"jetpack_social_options":{"image_generator_settings":{"template":"highway","default_image_id":0,"font":"","enabled":false},"version":2},"_wpas_customize_per_network":false},"categories":[85],"tags":[4135,10],"class_list":["post-27079","post","type-post","status-publish","format-standard","hentry","category-policial","tag-joven-detenido","tag-mercedes","generate-columns","tablet-grid-50","mobile-grid-100","grid-parent","grid-50"],"jetpack_publicize_connections":[],"jetpack_featured_media_url":"","wps_subtitle":"","jetpack_sharing_enabled":true,"_links":{"self":[{"href":"https:\/\/www.hoymercedes.com.ar\/principal\/wp-json\/wp\/v2\/posts\/27079","targetHints":{"allow":["GET"]}}],"collection":[{"href":"https:\/\/www.hoymercedes.com.ar\/principal\/wp-json\/wp\/v2\/posts"}],"about":[{"href":"https:\/\/www.hoymercedes.com.ar\/principal\/wp-json\/wp\/v2\/types\/post"}],"author":[{"embeddable":true,"href":"https:\/\/www.hoymercedes.com.ar\/principal\/wp-json\/wp\/v2\/users\/1"}],"replies":[{"embeddable":true,"href":"https:\/\/www.hoymercedes.com.ar\/principal\/wp-json\/wp\/v2\/comments?post=27079"}],"version-history":[{"count":0,"href":"https:\/\/www.hoymercedes.com.ar\/principal\/wp-json\/wp\/v2\/posts\/27079\/revisions"}],"wp:attachment":[{"href":"https:\/\/www.hoymercedes.com.ar\/principal\/wp-json\/wp\/v2\/media?parent=27079"}],"wp:term":[{"taxonomy":"category","embeddable":true,"href":"https:\/\/www.hoymercedes.com.ar\/principal\/wp-json\/wp\/v2\/categories?post=27079"},{"taxonomy":"post_tag","embeddable":true,"href":"https:\/\/www.hoymercedes.com.ar\/principal\/wp-json\/wp\/v2\/tags?post=27079"}],"curies":[{"name":"wp","href":"https:\/\/api.w.org\/{rel}","templated":true}]}}