{"id":27268,"date":"2013-11-12T02:32:36","date_gmt":"2013-11-12T02:32:36","guid":{"rendered":"http:\/\/www.hoymercedes.com.ar\/principal\/?p=27268"},"modified":"2013-11-12T02:32:36","modified_gmt":"2013-11-12T02:32:36","slug":"investigacion-permite-detener-a-supuesto-abusador","status":"publish","type":"post","link":"https:\/\/www.hoymercedes.com.ar\/principal\/2013\/11\/12\/investigacion-permite-detener-a-supuesto-abusador\/","title":{"rendered":"Investigaci\u00f3n permite detener a supuesto abusador"},"content":{"rendered":"<p><em><strong>La situaci\u00f3n se vivi\u00f3 hace ya varios d\u00edas y se trata de una acci\u00f3n ordenada por la Fiscal\u00eda N\u00b02 de nuestra ciudad quien solicit\u00f3 al Juez de Garant\u00edas N\u00b03 la detenci\u00f3n de un sujeto mayor que estar\u00eda vinculado a un abuso sexual. El asunto est\u00e1 en manos de la\u00a0justicia\u00a0que determinar\u00e1 la gravedad de la cuesti\u00f3n.<\/strong><\/em><\/p>\n<p>La investigaci\u00f3n comenz\u00f3 en junio del 2013 con una fuerte investigaci\u00f3n por parte de la fiscal\u00eda que tendr\u00eda todo para determinar que un hombre, de qui\u00e9n la justicia no revel\u00f3 su identidad, est\u00e1 involucrado en un abuso sexual.<\/p>\n<p>La comisaria local intervino aportando los efectivos que realizaron la detenci\u00f3n.<\/p>\n<p>Si bien se desconocen los pormenores del hecho que motivara todo, por haberse decretado esa medida, fuentes extra oficiales manifestaron que dificilmente el sujeto en cuesti\u00f3n tenga un resultado favorable, es decir, la causa estar\u00eda s\u00f3lidamente construida en su contra.<\/p>\n<p>&nbsp;<\/p>\n","protected":false},"excerpt":{"rendered":"<p>La situaci\u00f3n se vivi\u00f3 hace ya varios d\u00edas y se trata de una acci\u00f3n ordenada por la Fiscal\u00eda N\u00b02 de &#8230; <a title=\"Investigaci\u00f3n permite detener a supuesto abusador\" class=\"read-more\" href=\"https:\/\/www.hoymercedes.com.ar\/principal\/2013\/11\/12\/investigacion-permite-detener-a-supuesto-abusador\/\" aria-label=\"Leer m\u00e1s sobre Investigaci\u00f3n permite detener a supuesto abusador\">Leer m\u00e1s<\/a><\/p>\n","protected":false},"author":1,"featured_media":0,"comment_status":"open","ping_status":"open","sticky":false,"template":"","format":"standard","meta":{"_monsterinsights_skip_tracking":false,"_monsterinsights_sitenote_active":false,"_monsterinsights_sitenote_note":"","_monsterinsights_sitenote_category":0,"jetpack_post_was_ever_published":false,"_jetpack_newsletter_access":"","_jetpack_dont_email_post_to_subs":false,"_jetpack_newsletter_tier_id":0,"_jetpack_memberships_contains_paywalled_content":false,"_jetpack_memberships_contains_paid_content":false,"footnotes":"","jetpack_publicize_message":"","jetpack_publicize_feature_enabled":true,"jetpack_social_post_already_shared":true,"jetpack_social_options":{"image_generator_settings":{"template":"highway","default_image_id":0,"font":"","enabled":false},"version":2},"_wpas_customize_per_network":false},"categories":[85],"tags":[4171,126],"class_list":["post-27268","post","type-post","status-publish","format-standard","hentry","category-policial","tag-abusador-en-mercedes","tag-policia-mercedes","generate-columns","tablet-grid-50","mobile-grid-100","grid-parent","grid-50"],"jetpack_publicize_connections":[],"jetpack_featured_media_url":"","wps_subtitle":"","jetpack_sharing_enabled":true,"_links":{"self":[{"href":"https:\/\/www.hoymercedes.com.ar\/principal\/wp-json\/wp\/v2\/posts\/27268","targetHints":{"allow":["GET"]}}],"collection":[{"href":"https:\/\/www.hoymercedes.com.ar\/principal\/wp-json\/wp\/v2\/posts"}],"about":[{"href":"https:\/\/www.hoymercedes.com.ar\/principal\/wp-json\/wp\/v2\/types\/post"}],"author":[{"embeddable":true,"href":"https:\/\/www.hoymercedes.com.ar\/principal\/wp-json\/wp\/v2\/users\/1"}],"replies":[{"embeddable":true,"href":"https:\/\/www.hoymercedes.com.ar\/principal\/wp-json\/wp\/v2\/comments?post=27268"}],"version-history":[{"count":0,"href":"https:\/\/www.hoymercedes.com.ar\/principal\/wp-json\/wp\/v2\/posts\/27268\/revisions"}],"wp:attachment":[{"href":"https:\/\/www.hoymercedes.com.ar\/principal\/wp-json\/wp\/v2\/media?parent=27268"}],"wp:term":[{"taxonomy":"category","embeddable":true,"href":"https:\/\/www.hoymercedes.com.ar\/principal\/wp-json\/wp\/v2\/categories?post=27268"},{"taxonomy":"post_tag","embeddable":true,"href":"https:\/\/www.hoymercedes.com.ar\/principal\/wp-json\/wp\/v2\/tags?post=27268"}],"curies":[{"name":"wp","href":"https:\/\/api.w.org\/{rel}","templated":true}]}}