{"id":27277,"date":"2013-11-12T13:10:20","date_gmt":"2013-11-12T13:10:20","guid":{"rendered":"http:\/\/www.hoymercedes.com.ar\/principal\/?p=27277"},"modified":"2013-11-12T13:10:20","modified_gmt":"2013-11-12T13:10:20","slug":"wado-anuncio-el-regreso-de-la-presidenta-a-la-vida-publica","status":"publish","type":"post","link":"https:\/\/www.hoymercedes.com.ar\/principal\/2013\/11\/12\/wado-anuncio-el-regreso-de-la-presidenta-a-la-vida-publica\/","title":{"rendered":"Wado anunci\u00f3 el regreso de la Presidenta a la vida p\u00fablica"},"content":{"rendered":"<p style=\"text-align: center;\"><a href=\"https:\/\/www.hoymercedes.com.ar\/principal\/wp-content\/uploads\/2013\/11\/cfk-vuelve.jpg\"><img loading=\"lazy\" decoding=\"async\" data-attachment-id=\"27279\" data-permalink=\"https:\/\/www.hoymercedes.com.ar\/principal\/2013\/11\/12\/wado-anuncio-el-regreso-de-la-presidenta-a-la-vida-publica\/cfk-vuelve\/#main\" data-orig-file=\"https:\/\/www.hoymercedes.com.ar\/principal\/wp-content\/uploads\/2013\/11\/cfk-vuelve.jpg\" data-orig-size=\"620,426\" data-comments-opened=\"1\" data-image-meta=\"{&quot;aperture&quot;:&quot;0&quot;,&quot;credit&quot;:&quot;&quot;,&quot;camera&quot;:&quot;&quot;,&quot;caption&quot;:&quot;&quot;,&quot;created_timestamp&quot;:&quot;0&quot;,&quot;copyright&quot;:&quot;&quot;,&quot;focal_length&quot;:&quot;0&quot;,&quot;iso&quot;:&quot;0&quot;,&quot;shutter_speed&quot;:&quot;0&quot;,&quot;title&quot;:&quot;&quot;}\" data-image-title=\"cfk-vuelve\" data-image-description=\"\" data-image-caption=\"\" data-large-file=\"https:\/\/www.hoymercedes.com.ar\/principal\/wp-content\/uploads\/2013\/11\/cfk-vuelve.jpg\" class=\"size-full wp-image-27279 aligncenter\" alt=\"cfk-vuelve\" src=\"https:\/\/www.hoymercedes.com.ar\/principal\/wp-content\/uploads\/2013\/11\/cfk-vuelve.jpg\" width=\"620\" height=\"426\" \/><\/a><\/p>\n<p><em><strong>El Diputado Nacional Eduardo De Pedro fue sindicado por la prensa nacional como principal fuente sobre el retorno de la Presidenta de la Naci\u00f3n a actividades oficiales tras la intervenci\u00f3n m\u00e9dica que se le practic\u00f3 tiempo atr\u00e1s y que la mantuvo alejada del espacio p\u00fablico.<\/strong><\/em><\/p>\n<p>Por medio de su cuenta de Twitter (<a href=\"https:\/\/twitter.com\/wadodecorrido\" target=\"_blank\" rel=\"noopener\">twitter.com\/wadodecorrido<\/a>)\u00a0que cuenta con cerca de 9 mil seguidores, anunci\u00f3 que la Presidenta de la Naci\u00f3n vuelve por medio de la imagen que ilustra \u00e9stas l\u00edneas.<\/p>\n<p>Como es de p\u00fablico conocimiento el mercedino tiene cercan\u00eda a los c\u00edrculos \u00edntimos de la Cristina Fern\u00e1ndez, m\u00e1s all\u00e1 que en el pasado 27 de octubre consultado por los medios locales prefiri\u00f3 en aquel entonces no dar precisiones sobre la salud de la primera mandataria.<\/p>\n","protected":false},"excerpt":{"rendered":"<p>El Diputado Nacional Eduardo De Pedro fue sindicado por la prensa nacional como principal fuente sobre el retorno de la &#8230; <a title=\"Wado anunci\u00f3 el regreso de la Presidenta a la vida p\u00fablica\" class=\"read-more\" href=\"https:\/\/www.hoymercedes.com.ar\/principal\/2013\/11\/12\/wado-anuncio-el-regreso-de-la-presidenta-a-la-vida-publica\/\" aria-label=\"Leer m\u00e1s sobre Wado anunci\u00f3 el regreso de la Presidenta a la vida p\u00fablica\">Leer m\u00e1s<\/a><\/p>\n","protected":false},"author":1,"featured_media":0,"comment_status":"open","ping_status":"open","sticky":false,"template":"","format":"standard","meta":{"_monsterinsights_skip_tracking":false,"_monsterinsights_sitenote_active":false,"_monsterinsights_sitenote_note":"","_monsterinsights_sitenote_category":0,"jetpack_post_was_ever_published":false,"_jetpack_newsletter_access":"","_jetpack_dont_email_post_to_subs":false,"_jetpack_newsletter_tier_id":0,"_jetpack_memberships_contains_paywalled_content":false,"_jetpack_memberships_contains_paid_content":false,"footnotes":"","jetpack_publicize_message":"","jetpack_publicize_feature_enabled":true,"jetpack_social_post_already_shared":true,"jetpack_social_options":{"image_generator_settings":{"template":"highway","default_image_id":0,"font":"","enabled":false},"version":2},"_wpas_customize_per_network":false},"categories":[5],"tags":[3674,281],"class_list":["post-27277","post","type-post","status-publish","format-standard","hentry","category-politica","tag-eduardo-wado-de-pedro","tag-wado-de-pedro","generate-columns","tablet-grid-50","mobile-grid-100","grid-parent","grid-50"],"jetpack_publicize_connections":[],"jetpack_featured_media_url":"","wps_subtitle":"","jetpack_sharing_enabled":true,"_links":{"self":[{"href":"https:\/\/www.hoymercedes.com.ar\/principal\/wp-json\/wp\/v2\/posts\/27277","targetHints":{"allow":["GET"]}}],"collection":[{"href":"https:\/\/www.hoymercedes.com.ar\/principal\/wp-json\/wp\/v2\/posts"}],"about":[{"href":"https:\/\/www.hoymercedes.com.ar\/principal\/wp-json\/wp\/v2\/types\/post"}],"author":[{"embeddable":true,"href":"https:\/\/www.hoymercedes.com.ar\/principal\/wp-json\/wp\/v2\/users\/1"}],"replies":[{"embeddable":true,"href":"https:\/\/www.hoymercedes.com.ar\/principal\/wp-json\/wp\/v2\/comments?post=27277"}],"version-history":[{"count":0,"href":"https:\/\/www.hoymercedes.com.ar\/principal\/wp-json\/wp\/v2\/posts\/27277\/revisions"}],"wp:attachment":[{"href":"https:\/\/www.hoymercedes.com.ar\/principal\/wp-json\/wp\/v2\/media?parent=27277"}],"wp:term":[{"taxonomy":"category","embeddable":true,"href":"https:\/\/www.hoymercedes.com.ar\/principal\/wp-json\/wp\/v2\/categories?post=27277"},{"taxonomy":"post_tag","embeddable":true,"href":"https:\/\/www.hoymercedes.com.ar\/principal\/wp-json\/wp\/v2\/tags?post=27277"}],"curies":[{"name":"wp","href":"https:\/\/api.w.org\/{rel}","templated":true}]}}