{"id":2730,"date":"2011-03-12T01:32:58","date_gmt":"2011-03-12T01:32:58","guid":{"rendered":"http:\/\/www.hoymercedes.com.ar\/principal\/?p=2730"},"modified":"2011-03-12T01:32:58","modified_gmt":"2011-03-12T01:32:58","slug":"el-movimiento-proyecto-sur-mercedes-conformo-la-comision-de-3ra-edad-y-jubilados","status":"publish","type":"post","link":"https:\/\/www.hoymercedes.com.ar\/principal\/2011\/03\/12\/el-movimiento-proyecto-sur-mercedes-conformo-la-comision-de-3ra-edad-y-jubilados\/","title":{"rendered":"El Movimiento Proyecto Sur Mercedes conform\u00f3 la comisi\u00f3n de 3ra edad y jubilados"},"content":{"rendered":"<figure id=\"attachment_2732\" aria-describedby=\"caption-attachment-2732\" style=\"width: 390px\" class=\"wp-caption alignleft\"><a href=\"https:\/\/www.hoymercedes.com.ar\/principal\/wp-content\/uploads\/2011\/03\/psurjubypens.jpg\"><img loading=\"lazy\" decoding=\"async\" data-attachment-id=\"2732\" data-permalink=\"https:\/\/www.hoymercedes.com.ar\/principal\/2011\/03\/12\/el-movimiento-proyecto-sur-mercedes-conformo-la-comision-de-3ra-edad-y-jubilados\/s\/#main\" data-orig-file=\"https:\/\/www.hoymercedes.com.ar\/principal\/wp-content\/uploads\/2011\/03\/psurjubypens.jpg\" data-orig-size=\"400,300\" data-comments-opened=\"1\" data-image-meta=\"{&quot;aperture&quot;:&quot;2.8&quot;,&quot;credit&quot;:&quot;&quot;,&quot;camera&quot;:&quot;KP570&quot;,&quot;caption&quot;:&quot;&quot;,&quot;created_timestamp&quot;:&quot;1298662905&quot;,&quot;copyright&quot;:&quot;&quot;,&quot;focal_length&quot;:&quot;3.55&quot;,&quot;iso&quot;:&quot;0&quot;,&quot;shutter_speed&quot;:&quot;0&quot;,&quot;title&quot;:&quot;S&quot;}\" data-image-title=\"ProyectoSur\" data-image-description=\"\" data-image-caption=\"\" data-large-file=\"https:\/\/www.hoymercedes.com.ar\/principal\/wp-content\/uploads\/2011\/03\/psurjubypens.jpg\" class=\"size-full wp-image-2732 \" title=\"ProyectoSur\" src=\"https:\/\/www.hoymercedes.com.ar\/principal\/wp-content\/uploads\/2011\/03\/psurjubypens.jpg\" alt=\"\" width=\"400\" height=\"300\" \/><\/a><figcaption id=\"caption-attachment-2732\" class=\"wp-caption-text\">Proyecto Sur Mercedes<\/figcaption><\/figure>\n<p>Desde el Movimiento Proyecto Sur (PS-PSA-PPSur) queremos informar a todos los vecinos de nuestra ciudad sobre la creaci\u00f3n de una nueva comisi\u00f3n de trabajo y un nuevo centro de jubilados denominado \u201cCentro de Jubilados  de la CASA DEL PUEBLO\u201d.<\/p>\n<p>Se decidi\u00f3 la creaci\u00f3n de un \u00e1rea de trabajo y un club de jubilados que se ocupen espec\u00edficamente sobre las diferentes problem\u00e1ticas de este grupo erario debido a que en la actualidad es un de los grupos mas desatendidos, para lo cual es necesario escucharlos y trabajar codo a codo con ellos. En nuestra primera reuni\u00f3n participamos compa\u00f1eros de diferentes edades, ya que todas nuestras comisiones son espacios abiertos, donde en conjunto podemos arribar a definiciones sobre actividades pol\u00edticas a llevar adelante en nuestro programa de gobierno, las cuales, en este caso, definimos como prioridades para comenzar las siguientes:<\/p>\n<p>*Insistir en la lucha por la implementaci\u00f3n del 82% m\u00f3vil<\/p>\n<p>*Crear un espacio de permanente recepci\u00f3n de consultas sobre tr\u00e1mites que los jubilados necesitan realizar.-<\/p>\n<p>*Realizar asesoramiento jur\u00eddico<\/p>\n<p>* Organizar actividades culturales, deportivas y recreativas<\/p>\n<p>*Realizar viajes a diferentes lugares de inter\u00e9s cultural y tur\u00edstico<\/p>\n<p>*Realizar un relevamiento sobre la realidad de nuestros abuelos y jubilados a los efectos de planificar pol\u00edticas p\u00fablicas destinadas a ellos, las cuales formaran parte de nuestro programa de gobierno-<\/p>\n<p>&nbsp;<\/p>\n<p>Tambi\u00e9n se definieron las autoridades del Centro de Jubilados de la Casa del Pueblo, quedando conformada la comisi\u00f3n directiva de la asociaci\u00f3n civil por Juan Jos\u00e9 Rodr\u00edguez como Presidente, Ernesto Adolfo como Secretario y Mercedes Gambardella como tesorera, quienes ya se encuentran trabajando en la convocatoria para realizar una primera actividad.<\/p>\n<p>Por \u00faltimo informamos que esta comisi\u00f3n de trabajo y el centro de jubilados trabajan y se re\u00fanen todos los d\u00edas viernes a partir de las 18 hs. en la Casa del Pueblo (35 e\/ 22 y 24) y es abierta a la participaci\u00f3n de todos aquellos que le interese la tem\u00e1tica.<\/p>\n<p><span style=\"color: #888888;\">Fuente: Proyecto Sur Mercedes<\/span><\/p>\n<p>&nbsp;<\/p>\n","protected":false},"excerpt":{"rendered":"<p>Desde el Movimiento Proyecto Sur (PS-PSA-PPSur) queremos informar a todos los vecinos de nuestra ciudad sobre la creaci\u00f3n de una &#8230; <a title=\"El Movimiento Proyecto Sur Mercedes conform\u00f3 la comisi\u00f3n de 3ra edad y jubilados\" class=\"read-more\" href=\"https:\/\/www.hoymercedes.com.ar\/principal\/2011\/03\/12\/el-movimiento-proyecto-sur-mercedes-conformo-la-comision-de-3ra-edad-y-jubilados\/\" aria-label=\"Leer m\u00e1s sobre El Movimiento Proyecto Sur Mercedes conform\u00f3 la comisi\u00f3n de 3ra edad y jubilados\">Leer m\u00e1s<\/a><\/p>\n","protected":false},"author":1,"featured_media":0,"comment_status":"open","ping_status":"open","sticky":false,"template":"","format":"standard","meta":{"_monsterinsights_skip_tracking":false,"_monsterinsights_sitenote_active":false,"_monsterinsights_sitenote_note":"","_monsterinsights_sitenote_category":0,"jetpack_post_was_ever_published":false,"_jetpack_newsletter_access":"","_jetpack_dont_email_post_to_subs":false,"_jetpack_newsletter_tier_id":0,"_jetpack_memberships_contains_paywalled_content":false,"_jetpack_memberships_contains_paid_content":false,"footnotes":"","jetpack_publicize_message":"","jetpack_publicize_feature_enabled":true,"jetpack_social_post_already_shared":false,"jetpack_social_options":{"image_generator_settings":{"template":"highway","default_image_id":0,"font":"","enabled":false},"version":2},"_wpas_customize_per_network":false},"categories":[5],"tags":[109],"class_list":["post-2730","post","type-post","status-publish","format-standard","hentry","category-politica","tag-proyecto-sur-mercedes","generate-columns","tablet-grid-50","mobile-grid-100","grid-parent","grid-50"],"jetpack_publicize_connections":[],"jetpack_featured_media_url":"","wps_subtitle":"","jetpack_sharing_enabled":true,"_links":{"self":[{"href":"https:\/\/www.hoymercedes.com.ar\/principal\/wp-json\/wp\/v2\/posts\/2730","targetHints":{"allow":["GET"]}}],"collection":[{"href":"https:\/\/www.hoymercedes.com.ar\/principal\/wp-json\/wp\/v2\/posts"}],"about":[{"href":"https:\/\/www.hoymercedes.com.ar\/principal\/wp-json\/wp\/v2\/types\/post"}],"author":[{"embeddable":true,"href":"https:\/\/www.hoymercedes.com.ar\/principal\/wp-json\/wp\/v2\/users\/1"}],"replies":[{"embeddable":true,"href":"https:\/\/www.hoymercedes.com.ar\/principal\/wp-json\/wp\/v2\/comments?post=2730"}],"version-history":[{"count":0,"href":"https:\/\/www.hoymercedes.com.ar\/principal\/wp-json\/wp\/v2\/posts\/2730\/revisions"}],"wp:attachment":[{"href":"https:\/\/www.hoymercedes.com.ar\/principal\/wp-json\/wp\/v2\/media?parent=2730"}],"wp:term":[{"taxonomy":"category","embeddable":true,"href":"https:\/\/www.hoymercedes.com.ar\/principal\/wp-json\/wp\/v2\/categories?post=2730"},{"taxonomy":"post_tag","embeddable":true,"href":"https:\/\/www.hoymercedes.com.ar\/principal\/wp-json\/wp\/v2\/tags?post=2730"}],"curies":[{"name":"wp","href":"https:\/\/api.w.org\/{rel}","templated":true}]}}