{"id":27352,"date":"2013-11-15T13:36:34","date_gmt":"2013-11-15T13:36:34","guid":{"rendered":"http:\/\/www.hoymercedes.com.ar\/principal\/?p=27352"},"modified":"2013-11-15T13:36:34","modified_gmt":"2013-11-15T13:36:34","slug":"presupuesto-provincial-obras-para-mercedes-por-7-784-632","status":"publish","type":"post","link":"https:\/\/www.hoymercedes.com.ar\/principal\/2013\/11\/15\/presupuesto-provincial-obras-para-mercedes-por-7-784-632\/","title":{"rendered":"Presupuesto provincial: obras para Mercedes por $7.784.632"},"content":{"rendered":"<p style=\"text-align: center;\"><a href=\"https:\/\/www.hoymercedes.com.ar\/principal\/wp-content\/uploads\/2013\/11\/DiputadosBonaerenses.jpg\"><img loading=\"lazy\" decoding=\"async\" data-attachment-id=\"27354\" data-permalink=\"https:\/\/www.hoymercedes.com.ar\/principal\/2013\/11\/15\/presupuesto-provincial-obras-para-mercedes-por-7-784-632\/diputadosbonaerenses\/#main\" data-orig-file=\"https:\/\/www.hoymercedes.com.ar\/principal\/wp-content\/uploads\/2013\/11\/DiputadosBonaerenses.jpg\" data-orig-size=\"620,413\" data-comments-opened=\"1\" data-image-meta=\"{&quot;aperture&quot;:&quot;4.5&quot;,&quot;credit&quot;:&quot;&quot;,&quot;camera&quot;:&quot;NIKON D800&quot;,&quot;caption&quot;:&quot;&quot;,&quot;created_timestamp&quot;:&quot;1371140627&quot;,&quot;copyright&quot;:&quot;Honorable Camara de Diputados Bs As&quot;,&quot;focal_length&quot;:&quot;14&quot;,&quot;iso&quot;:&quot;1600&quot;,&quot;shutter_speed&quot;:&quot;0.0125&quot;,&quot;title&quot;:&quot;&quot;}\" data-image-title=\"DiputadosBonaerenses\" data-image-description=\"\" data-image-caption=\"\" data-large-file=\"https:\/\/www.hoymercedes.com.ar\/principal\/wp-content\/uploads\/2013\/11\/DiputadosBonaerenses.jpg\" class=\"size-full wp-image-27354 aligncenter\" alt=\"DiputadosBonaerenses\" src=\"https:\/\/www.hoymercedes.com.ar\/principal\/wp-content\/uploads\/2013\/11\/DiputadosBonaerenses.jpg\" width=\"620\" height=\"413\" \/><\/a><\/p>\n<p><em><strong>Se est\u00e1 debatiendo fuertemente el presupuesto 2014 de la provincia de Buenos Aires que marcar\u00e1 parte de la agenda de gesti\u00f3n, sino toda, que tendr\u00e1n los bonaerenses en t\u00e9rminos de administraci\u00f3n p\u00fablica para el a\u00f1o venidero. Por el momento ha habido m\u00faltiples posibilidades de cruces pol\u00edticos sobre quienes apoyaran y quienes no en la legislatura, que le pedir\u00e1n y qu\u00e9 no a cambio de levantar la mano cada legislador para el sector que representa. Si el massismo acompa\u00f1a o no ha sido un punto fuerte del debate al igual que la UCR que es un espacio que podr\u00eda acompa\u00f1ar el proyecto de presupuesto presentado por Scioli y que le dar\u00eda algo m\u00e1s de aire en la votaci\u00f3n. En el proyecto de ley del presupuesto 2013 prev\u00e9 partidas para obras a los 135 municipios de la provincia.<\/strong><\/em><\/p>\n<p>De la regi\u00f3n, Chivilcoy es la comuna sobre la que m\u00e1s fondos se destinar\u00edan seguida de Suipacha.<\/p>\n<p>Claro est\u00e1 que no significa se realicen ni que sea aprobado tal cual. Sabemos que la realidad marca es necesario ver el d\u00eda a d\u00eda y c\u00f3mo se mueven las finanzas del venidero a\u00f1o para que una obra se concrete, incluso, puede hasta anunciarse y luego no concretarse.<\/p>\n<p>A continuaci\u00f3n, lo que en teor\u00eda, se piensa destinar para Mercedes y la regi\u00f3n:<\/p>\n<p><b><span style=\"text-decoration: underline;\">Mercedes $7.784.632<\/span><\/b><\/p>\n<p>$2.501.000 invertir\u00e1 el ministerio de Infraestructura en la recuperaci\u00f3n y puesta en valor de la Catedral de Mercedes ($1.240.000), en Infraestructura B\u00e1sica ($636.000) y en el Servicio Zonal de Mercedes ($625.000).<\/p>\n<p>El SPAR llegar\u00e1 con $683.632 para desag\u00fces cloacales en Mercedes y agua potable en Tomas Jofre y Gowland.<\/p>\n<p>El Banco Provincia gastar\u00e1 $4.600.000 en diferentes mejoras para la ciudad.<\/p>\n<p><b><span style=\"text-decoration: underline;\">Luj\u00e1n $8.118.522<\/span><\/b><\/p>\n<p>$7.499.900 llegar\u00e1n provenientes del ministerio de infraestructura, los cuales se destinar\u00e1n -seg\u00fan el informe- a \u00abInfraestructura b\u00e1sica en Luj\u00e1n\u00bb.<\/p>\n<p>Adem\u00e1s, el SPAR, invertir\u00e1 $618.622 para obras en la red de agua potable de la localidad de Carlos Keen.<\/p>\n<p><b><span style=\"text-decoration: underline;\">San Andr\u00e9s de Giles $4.181.628<\/span><\/b><\/p>\n<p>$1.500.000 destinar\u00e1 el ministerio de Infraestructura para desag\u00fces pluviales en Giles.<\/p>\n<p>Vialidad har\u00e1 lo propio con $1.200.000 para asfalto urbano.<\/p>\n<p>$1.481.628 aportar\u00e1 el SPAR para agua potable en Villa Ruiz y en Azcu\u00e9naga.<\/p>\n<p><b><span style=\"text-decoration: underline;\">San Antonio de Areco $2.714.065<\/span><\/b><\/p>\n<p>Infraestructura enviar\u00e1 $739.233. $115.043 ser\u00e1n para la primera etapa de la defensa contra las inundaciones y $624.190 para el Parque Lineal Pueblo Hist\u00f3rico San Antonio de Areco.<\/p>\n<p>$10.000 pondr\u00e1 Vialidad para la reparaci\u00f3n del acceso a Duggan.<\/p>\n<p>$1.964.832 destinar\u00e1 el SPAR para abastecimiento de agua potable y para desag\u00fces cloacales.<\/p>\n<p><b><span style=\"text-decoration: underline;\">Suipacha $10.975.720<\/span><\/b><\/p>\n<p>Para playones deportivos Infraestructura pondr\u00e1 $570.000.<\/p>\n<p>$5.495.000 destinar\u00e1 Vialidad para los accesos al Jard\u00edn 904, la Escuela 8, una sala de primeros auxilios y el sal\u00f3n de C\u00e1ritas.<\/p>\n<p>El SPAR enviar\u00e1 $2.540.049 para agua potable en la cabecera y para la estaci\u00f3n elevadora y planta de tratamiento compacta en Rivas.<\/p>\n<p>Del Instituto de la Vivienda mandar\u00e1n $2.370.671 para 40 casas.<\/p>\n<p><b><span style=\"text-decoration: underline;\">Chivilcoy $ 20.366.649<\/span><\/b><\/p>\n<p>Infraestructura planea gastar $ 2.818.407 en trabajos en la ca\u00f1ada, adecuaci\u00f3n de alcantarillas, Prosede y ampliaci\u00f3n de infraestructura el\u00e9ctrica.<\/p>\n<p>$ 8.864.568 tiene presupuestado el SPAR con destino a agua potable en Ben\u00edtez, Ayarza, San Sebasti\u00e1n y La Rica, adem\u00e1s de servicios cloacales en Chivilcoy y Moquehu\u00e1.<\/p>\n<p>Vivienda dispuso aportar $ 8.683.674 en la construcci\u00f3n de 71 casas.<\/p>\n<p><b><span style=\"text-decoration: underline;\">Navarro $4.020.043<\/span><\/b><\/p>\n<p>El ministerio de Infraestructura pondr\u00e1 $542.000 para la construcci\u00f3n de playones deportivos. $2.800.000 llegar\u00e1n provenientes de la Direcci\u00f3n de Vialidad y servir\u00e1n para la repavimentaci\u00f3n del acceso desde Ruta 41 y Ruta 40.<\/p>\n<p>En tanto, $678.043 pondr\u00e1 el SPAR para la etapa 1 del agua potable en la cabecera.<\/p>\n<p><b>Presupuesto<\/b><\/p>\n<p>El presupuesto total de la provincia incluye no s\u00f3lo las obras ac\u00e1 mencionadas en rasgos generales, sino, tambi\u00e9n<\/p>\n<p>Fuente: D\u00e9cadas \/ LaTecla<\/p>\n","protected":false},"excerpt":{"rendered":"<p>Se est\u00e1 debatiendo fuertemente el presupuesto 2014 de la provincia de Buenos Aires que marcar\u00e1 parte de la agenda de &#8230; <a title=\"Presupuesto provincial: obras para Mercedes por $7.784.632\" class=\"read-more\" href=\"https:\/\/www.hoymercedes.com.ar\/principal\/2013\/11\/15\/presupuesto-provincial-obras-para-mercedes-por-7-784-632\/\" aria-label=\"Leer m\u00e1s sobre Presupuesto provincial: obras para Mercedes por $7.784.632\">Leer m\u00e1s<\/a><\/p>\n","protected":false},"author":1,"featured_media":0,"comment_status":"open","ping_status":"open","sticky":false,"template":"","format":"standard","meta":{"_monsterinsights_skip_tracking":false,"_monsterinsights_sitenote_active":false,"_monsterinsights_sitenote_note":"","_monsterinsights_sitenote_category":0,"jetpack_post_was_ever_published":false,"_jetpack_newsletter_access":"","_jetpack_dont_email_post_to_subs":false,"_jetpack_newsletter_tier_id":0,"_jetpack_memberships_contains_paywalled_content":false,"_jetpack_memberships_contains_paid_content":false,"footnotes":"","jetpack_publicize_message":"","jetpack_publicize_feature_enabled":true,"jetpack_social_post_already_shared":true,"jetpack_social_options":{"image_generator_settings":{"template":"highway","default_image_id":0,"font":"","enabled":false},"version":2},"_wpas_customize_per_network":false},"categories":[5],"tags":[4194],"class_list":["post-27352","post","type-post","status-publish","format-standard","hentry","category-politica","tag-presupuesto-bonaerense-2014","generate-columns","tablet-grid-50","mobile-grid-100","grid-parent","grid-50"],"jetpack_publicize_connections":[],"jetpack_featured_media_url":"","wps_subtitle":"","jetpack_sharing_enabled":true,"_links":{"self":[{"href":"https:\/\/www.hoymercedes.com.ar\/principal\/wp-json\/wp\/v2\/posts\/27352","targetHints":{"allow":["GET"]}}],"collection":[{"href":"https:\/\/www.hoymercedes.com.ar\/principal\/wp-json\/wp\/v2\/posts"}],"about":[{"href":"https:\/\/www.hoymercedes.com.ar\/principal\/wp-json\/wp\/v2\/types\/post"}],"author":[{"embeddable":true,"href":"https:\/\/www.hoymercedes.com.ar\/principal\/wp-json\/wp\/v2\/users\/1"}],"replies":[{"embeddable":true,"href":"https:\/\/www.hoymercedes.com.ar\/principal\/wp-json\/wp\/v2\/comments?post=27352"}],"version-history":[{"count":0,"href":"https:\/\/www.hoymercedes.com.ar\/principal\/wp-json\/wp\/v2\/posts\/27352\/revisions"}],"wp:attachment":[{"href":"https:\/\/www.hoymercedes.com.ar\/principal\/wp-json\/wp\/v2\/media?parent=27352"}],"wp:term":[{"taxonomy":"category","embeddable":true,"href":"https:\/\/www.hoymercedes.com.ar\/principal\/wp-json\/wp\/v2\/categories?post=27352"},{"taxonomy":"post_tag","embeddable":true,"href":"https:\/\/www.hoymercedes.com.ar\/principal\/wp-json\/wp\/v2\/tags?post=27352"}],"curies":[{"name":"wp","href":"https:\/\/api.w.org\/{rel}","templated":true}]}}