{"id":27356,"date":"2013-11-16T16:37:24","date_gmt":"2013-11-16T16:37:24","guid":{"rendered":"http:\/\/www.hoymercedes.com.ar\/principal\/?p=27356"},"modified":"2013-11-16T16:37:24","modified_gmt":"2013-11-16T16:37:24","slug":"invitan-a-celebrar-la-obra-de-maria-de-schoenstat","status":"publish","type":"post","link":"https:\/\/www.hoymercedes.com.ar\/principal\/2013\/11\/16\/invitan-a-celebrar-la-obra-de-maria-de-schoenstat\/","title":{"rendered":"Invitan a celebrar la obra de Maria de Schoenstat"},"content":{"rendered":"<p><em>Desde la parroquia San Vicente dePaul y su comunidad religiosa hacen llegar a la comunidad la invitaci\u00f3n para participar en el parco de sus celebraciones por los cien a\u00f1os del comienzo de la obra de Mar\u00eda de Schoenstat.<\/em><\/p>\n<p><em>La invitaci\u00f3n es la siguiente:<\/em><\/p>\n<p><strong><em>\u00abA\u00f1o jubilar para la obra de Schoenstat<\/em><\/strong><\/p>\n<p><em>El santo padre Francisco ha querido conceder la indulegencia plenaria a las celebraciones por los cien a\u00f1os del comienzo de la obra de Maria de Schoenstat, que iniciara mediante un acto de consagraci\u00f3n el siervo de dios Joseph Kentenich.<\/em><\/p>\n<p><em>En el marco de esta celebraciones, las misioneras de Schoenstat de la parroquia de san Vicente de Paul, desean invitar a todos los fieles a participar del rosario de luz que se rezar\u00e1 en la parroquia, el d\u00eda lunes 18\/10 a ls 17.00<\/em><\/p>\n<p><em>Esperamos contar con las presencia de todos, los hijos muy queridos de la madre tres veces admirable, reina y victoriosa.\u00bb<\/em><\/p>\n<p>&nbsp;<\/p>\n<div>\n<div id=\":yb\" tabindex=\"0\" role=\"button\" data-tooltip=\"Muestra el contenido reducido\"><img decoding=\"async\" alt=\"\" src=\"https:\/\/mail.google.com\/mail\/u\/0\/images\/cleardot.gif\" \/><\/div>\n<\/div>\n","protected":false},"excerpt":{"rendered":"<p>Desde la parroquia San Vicente dePaul y su comunidad religiosa hacen llegar a la comunidad la invitaci\u00f3n para participar en &#8230; <a title=\"Invitan a celebrar la obra de Maria de Schoenstat\" class=\"read-more\" href=\"https:\/\/www.hoymercedes.com.ar\/principal\/2013\/11\/16\/invitan-a-celebrar-la-obra-de-maria-de-schoenstat\/\" aria-label=\"Leer m\u00e1s sobre Invitan a celebrar la obra de Maria de Schoenstat\">Leer m\u00e1s<\/a><\/p>\n","protected":false},"author":1,"featured_media":0,"comment_status":"open","ping_status":"open","sticky":false,"template":"","format":"standard","meta":{"_monsterinsights_skip_tracking":false,"_monsterinsights_sitenote_active":false,"_monsterinsights_sitenote_note":"","_monsterinsights_sitenote_category":0,"jetpack_post_was_ever_published":false,"_jetpack_newsletter_access":"","_jetpack_dont_email_post_to_subs":false,"_jetpack_newsletter_tier_id":0,"_jetpack_memberships_contains_paywalled_content":false,"_jetpack_memberships_contains_paid_content":false,"footnotes":"","jetpack_publicize_message":"","jetpack_publicize_feature_enabled":true,"jetpack_social_post_already_shared":true,"jetpack_social_options":{"image_generator_settings":{"template":"highway","default_image_id":0,"font":"","enabled":false},"version":2},"_wpas_customize_per_network":false},"categories":[8],"tags":[4195],"class_list":["post-27356","post","type-post","status-publish","format-standard","hentry","category-sociedad","tag-maria-de-schoenstat","generate-columns","tablet-grid-50","mobile-grid-100","grid-parent","grid-50"],"jetpack_publicize_connections":[],"jetpack_featured_media_url":"","wps_subtitle":"","jetpack_sharing_enabled":true,"_links":{"self":[{"href":"https:\/\/www.hoymercedes.com.ar\/principal\/wp-json\/wp\/v2\/posts\/27356","targetHints":{"allow":["GET"]}}],"collection":[{"href":"https:\/\/www.hoymercedes.com.ar\/principal\/wp-json\/wp\/v2\/posts"}],"about":[{"href":"https:\/\/www.hoymercedes.com.ar\/principal\/wp-json\/wp\/v2\/types\/post"}],"author":[{"embeddable":true,"href":"https:\/\/www.hoymercedes.com.ar\/principal\/wp-json\/wp\/v2\/users\/1"}],"replies":[{"embeddable":true,"href":"https:\/\/www.hoymercedes.com.ar\/principal\/wp-json\/wp\/v2\/comments?post=27356"}],"version-history":[{"count":0,"href":"https:\/\/www.hoymercedes.com.ar\/principal\/wp-json\/wp\/v2\/posts\/27356\/revisions"}],"wp:attachment":[{"href":"https:\/\/www.hoymercedes.com.ar\/principal\/wp-json\/wp\/v2\/media?parent=27356"}],"wp:term":[{"taxonomy":"category","embeddable":true,"href":"https:\/\/www.hoymercedes.com.ar\/principal\/wp-json\/wp\/v2\/categories?post=27356"},{"taxonomy":"post_tag","embeddable":true,"href":"https:\/\/www.hoymercedes.com.ar\/principal\/wp-json\/wp\/v2\/tags?post=27356"}],"curies":[{"name":"wp","href":"https:\/\/api.w.org\/{rel}","templated":true}]}}