{"id":27371,"date":"2013-11-17T17:30:21","date_gmt":"2013-11-17T17:30:21","guid":{"rendered":"http:\/\/www.hoymercedes.com.ar\/principal\/?p=27371"},"modified":"2013-11-17T17:30:21","modified_gmt":"2013-11-17T17:30:21","slug":"agasajo-a-los-militantes-del-frente-renovador","status":"publish","type":"post","link":"https:\/\/www.hoymercedes.com.ar\/principal\/2013\/11\/17\/agasajo-a-los-militantes-del-frente-renovador\/","title":{"rendered":"Agasajo a los militantes del Frente Renovador"},"content":{"rendered":"<p><a href=\"https:\/\/www.hoymercedes.com.ar\/principal\/wp-content\/uploads\/2013\/11\/FrenteRenovador-AgasajoI.jpg\"><img loading=\"lazy\" decoding=\"async\" data-attachment-id=\"27373\" data-permalink=\"https:\/\/www.hoymercedes.com.ar\/principal\/2013\/11\/17\/agasajo-a-los-militantes-del-frente-renovador\/frenterenovador-agasajoi\/#main\" data-orig-file=\"https:\/\/www.hoymercedes.com.ar\/principal\/wp-content\/uploads\/2013\/11\/FrenteRenovador-AgasajoI.jpg\" data-orig-size=\"620,413\" data-comments-opened=\"1\" data-image-meta=\"{&quot;aperture&quot;:&quot;5.6&quot;,&quot;credit&quot;:&quot;&quot;,&quot;camera&quot;:&quot;NIKON D3100&quot;,&quot;caption&quot;:&quot;&quot;,&quot;created_timestamp&quot;:&quot;1384292460&quot;,&quot;copyright&quot;:&quot;&quot;,&quot;focal_length&quot;:&quot;26&quot;,&quot;iso&quot;:&quot;100&quot;,&quot;shutter_speed&quot;:&quot;0.005&quot;,&quot;title&quot;:&quot;&quot;}\" data-image-title=\"FrenteRenovador-AgasajoI\" data-image-description=\"\" data-image-caption=\"\" data-large-file=\"https:\/\/www.hoymercedes.com.ar\/principal\/wp-content\/uploads\/2013\/11\/FrenteRenovador-AgasajoI.jpg\" class=\"alignleft size-full wp-image-27373\" alt=\"FrenteRenovador-AgasajoI\" src=\"https:\/\/www.hoymercedes.com.ar\/principal\/wp-content\/uploads\/2013\/11\/FrenteRenovador-AgasajoI.jpg\" width=\"620\" height=\"413\" \/><\/a><\/p>\n<p><span style=\"color: #888888;\">(FR)<\/span><em><strong> Frente Renovador Mercedes este s\u00e1bado al mediod\u00eda conmemor\u00f3 el D\u00eda del Militante y adem\u00e1s celebr\u00f3 el triunfo electoral del pasado 27 con un multitudinario almuerzo en el campo de deportes del Sindicato de Empleados de Comercio.<\/strong><\/em><\/p>\n<p><img loading=\"lazy\" decoding=\"async\" data-attachment-id=\"27374\" data-permalink=\"https:\/\/www.hoymercedes.com.ar\/principal\/2013\/11\/17\/agasajo-a-los-militantes-del-frente-renovador\/frenterenovador-agasajoii\/#main\" data-orig-file=\"https:\/\/www.hoymercedes.com.ar\/principal\/wp-content\/uploads\/2013\/11\/FrenteRenovador-AgasajoII.jpg\" data-orig-size=\"620,413\" data-comments-opened=\"1\" data-image-meta=\"{&quot;aperture&quot;:&quot;8&quot;,&quot;credit&quot;:&quot;&quot;,&quot;camera&quot;:&quot;NIKON D3100&quot;,&quot;caption&quot;:&quot;&quot;,&quot;created_timestamp&quot;:&quot;1384289437&quot;,&quot;copyright&quot;:&quot;&quot;,&quot;focal_length&quot;:&quot;42&quot;,&quot;iso&quot;:&quot;400&quot;,&quot;shutter_speed&quot;:&quot;0.02&quot;,&quot;title&quot;:&quot;&quot;}\" data-image-title=\"FrenteRenovador-AgasajoII\" data-image-description=\"\" data-image-caption=\"\" data-large-file=\"https:\/\/www.hoymercedes.com.ar\/principal\/wp-content\/uploads\/2013\/11\/FrenteRenovador-AgasajoII.jpg\" class=\"alignleft size-full wp-image-27374\" alt=\"FrenteRenovador-AgasajoII\" src=\"https:\/\/www.hoymercedes.com.ar\/principal\/wp-content\/uploads\/2013\/11\/FrenteRenovador-AgasajoII.jpg\" width=\"620\" height=\"413\" \/><\/p>\n<p>Los dirigentes y militantes colmaron este s\u00e1bado al mediod\u00eda el predio del Sindicato de Empleados de Comercio para hacer algo que empezaron a buscar dese hace 4 meses: festejar el triunfo de las elecciones generales que tuvo a Ricardo Bozzini como cabeza de lista y a Carlos Selva como gran conductor.<\/p>\n<p>El evento cont\u00f3 con la participaci\u00f3n de cerca de 500 personas, todos ellos militantes de al agrupaci\u00f3n 17 de octubre y de Unidad y Lealtad como as\u00ed tambi\u00e9n personas que trabajaron en el \u00faltimo proceso electoral. Fue all\u00ed donde los concejales electos, los que est\u00e1n en funciones y funcionarios del actual gobierno municipal oficiaron de mozos para agasajar a la militancia que acompa\u00f1\u00f3 en estos meses de elecciones.<\/p>\n<p>Hubo asado, m\u00fasica y tambi\u00e9n celebraci\u00f3n para todos. Tambi\u00e9n hubo un momento para la reflexi\u00f3n y para que los concejales electos se dirigieran a los presentes para agradecer el trabajo de la militancia. Juan Carlos Ben\u00edtez destac\u00f3 de sobremanera la labor realizada desde el \u00e1rea de Desarrollo Social y consider\u00f3 que fue clave para dar vuelta la contienda en los barrios.<\/p>\n<p>El anfitri\u00f3n Carlos Pallero se dirigi\u00f3 a los visitantes de su predio agradeciendo el apoyo dado pero adem\u00e1s invitando a duplicar los esfuerzos para lo que se viene: la elecci\u00f3n en el Partido Justicialista.<\/p>\n<p>El que tom\u00f3 el micr\u00f3fono en \u00faltima instancia fue el intendente Carlos Selva, quien agradeci\u00f3 el trabajo realizado para concretar esta excelente elecci\u00f3n y adem\u00e1s para llevar adelante este festejo. El l\u00edder del PJ local tambi\u00e9n hizo referencia a la elecci\u00f3n partidaria que se viene el 15 de diciembre. \u201cSergio Massa dej\u00f3 en claro que no se va a dejar desviar del camino por esta elecci\u00f3n partidaria porque \u00e9l tiene una misi\u00f3n m\u00e1s amplia. Pero tambi\u00e9n nos dej\u00f3 en claro que quienes somos referentes justicialistas debemos jugar para mantener nuestro liderazgo en el PJ y eso hacemos los intendentes que formamos parte del Frente Renovador. Hoy nuestra lista integra a referentes hist\u00f3ricos del partido, al movimiento obrero a la juventud y a muchas organizaciones que son parte del mundo peronista y por eso estamos orgullosos\u201d, dijo Selva.<\/p>\n<p>Ya sobre el final el intendente les pidi\u00f3 un nuevo esfuerzo a los militantes para poder concretar una nueva victoria este 15 de diciembre.<\/p>\n<p><span style=\"color: #888888;\">Fuente: Frente Renovador<\/span><\/p>\n","protected":false},"excerpt":{"rendered":"<p>(FR) Frente Renovador Mercedes este s\u00e1bado al mediod\u00eda conmemor\u00f3 el D\u00eda del Militante y adem\u00e1s celebr\u00f3 el triunfo electoral del &#8230; <a title=\"Agasajo a los militantes del Frente Renovador\" class=\"read-more\" href=\"https:\/\/www.hoymercedes.com.ar\/principal\/2013\/11\/17\/agasajo-a-los-militantes-del-frente-renovador\/\" aria-label=\"Leer m\u00e1s sobre Agasajo a los militantes del Frente Renovador\">Leer m\u00e1s<\/a><\/p>\n","protected":false},"author":1,"featured_media":0,"comment_status":"open","ping_status":"open","sticky":false,"template":"","format":"standard","meta":{"_monsterinsights_skip_tracking":false,"_monsterinsights_sitenote_active":false,"_monsterinsights_sitenote_note":"","_monsterinsights_sitenote_category":0,"jetpack_post_was_ever_published":false,"_jetpack_newsletter_access":"","_jetpack_dont_email_post_to_subs":false,"_jetpack_newsletter_tier_id":0,"_jetpack_memberships_contains_paywalled_content":false,"_jetpack_memberships_contains_paid_content":false,"footnotes":"","jetpack_publicize_message":"","jetpack_publicize_feature_enabled":true,"jetpack_social_post_already_shared":true,"jetpack_social_options":{"image_generator_settings":{"template":"highway","default_image_id":0,"font":"","enabled":false},"version":2},"_wpas_customize_per_network":false},"categories":[5],"tags":[3535,3647],"class_list":["post-27371","post","type-post","status-publish","format-standard","hentry","category-politica","tag-carlos-palleros","tag-frente-renovador-mercedes","generate-columns","tablet-grid-50","mobile-grid-100","grid-parent","grid-50"],"jetpack_publicize_connections":[],"jetpack_featured_media_url":"","wps_subtitle":"","jetpack_sharing_enabled":true,"_links":{"self":[{"href":"https:\/\/www.hoymercedes.com.ar\/principal\/wp-json\/wp\/v2\/posts\/27371","targetHints":{"allow":["GET"]}}],"collection":[{"href":"https:\/\/www.hoymercedes.com.ar\/principal\/wp-json\/wp\/v2\/posts"}],"about":[{"href":"https:\/\/www.hoymercedes.com.ar\/principal\/wp-json\/wp\/v2\/types\/post"}],"author":[{"embeddable":true,"href":"https:\/\/www.hoymercedes.com.ar\/principal\/wp-json\/wp\/v2\/users\/1"}],"replies":[{"embeddable":true,"href":"https:\/\/www.hoymercedes.com.ar\/principal\/wp-json\/wp\/v2\/comments?post=27371"}],"version-history":[{"count":0,"href":"https:\/\/www.hoymercedes.com.ar\/principal\/wp-json\/wp\/v2\/posts\/27371\/revisions"}],"wp:attachment":[{"href":"https:\/\/www.hoymercedes.com.ar\/principal\/wp-json\/wp\/v2\/media?parent=27371"}],"wp:term":[{"taxonomy":"category","embeddable":true,"href":"https:\/\/www.hoymercedes.com.ar\/principal\/wp-json\/wp\/v2\/categories?post=27371"},{"taxonomy":"post_tag","embeddable":true,"href":"https:\/\/www.hoymercedes.com.ar\/principal\/wp-json\/wp\/v2\/tags?post=27371"}],"curies":[{"name":"wp","href":"https:\/\/api.w.org\/{rel}","templated":true}]}}