{"id":27376,"date":"2013-11-17T22:14:56","date_gmt":"2013-11-17T22:14:56","guid":{"rendered":"http:\/\/www.hoymercedes.com.ar\/principal\/?p=27376"},"modified":"2013-11-17T22:18:51","modified_gmt":"2013-11-17T22:18:51","slug":"nuevo-nocaut-de-yacare-sequeira-galeria","status":"publish","type":"post","link":"https:\/\/www.hoymercedes.com.ar\/principal\/2013\/11\/17\/nuevo-nocaut-de-yacare-sequeira-galeria\/","title":{"rendered":"Nuevo nocaut de \u00abYacar\u00e9\u00bb Sequeira (Galer\u00eda)"},"content":{"rendered":"<p><a href=\"https:\/\/www.hoymercedes.com.ar\/principal\/wp-content\/uploads\/2013\/11\/YacareSequeiraKOMercedes015.jpg\"><img loading=\"lazy\" decoding=\"async\" data-attachment-id=\"27382\" data-permalink=\"https:\/\/www.hoymercedes.com.ar\/principal\/2013\/11\/17\/nuevo-nocaut-de-yacare-sequeira-galeria\/yacaresequeirakomercedes015\/#main\" data-orig-file=\"https:\/\/www.hoymercedes.com.ar\/principal\/wp-content\/uploads\/2013\/11\/YacareSequeiraKOMercedes015.jpg\" data-orig-size=\"620,411\" data-comments-opened=\"1\" data-image-meta=\"{&quot;aperture&quot;:&quot;4.8&quot;,&quot;credit&quot;:&quot;&quot;,&quot;camera&quot;:&quot;NIKON D5100&quot;,&quot;caption&quot;:&quot;&quot;,&quot;created_timestamp&quot;:&quot;1384735987&quot;,&quot;copyright&quot;:&quot;&quot;,&quot;focal_length&quot;:&quot;32&quot;,&quot;iso&quot;:&quot;2000&quot;,&quot;shutter_speed&quot;:&quot;0.003125&quot;,&quot;title&quot;:&quot;&quot;}\" data-image-title=\"YacareSequeiraKOMercedes015\" data-image-description=\"\" data-image-caption=\"\" data-large-file=\"https:\/\/www.hoymercedes.com.ar\/principal\/wp-content\/uploads\/2013\/11\/YacareSequeiraKOMercedes015.jpg\" class=\"alignleft size-full wp-image-27382\" alt=\"YacareSequeiraKOMercedes015\" src=\"https:\/\/www.hoymercedes.com.ar\/principal\/wp-content\/uploads\/2013\/11\/YacareSequeiraKOMercedes015.jpg\" width=\"620\" height=\"411\" \/><\/a><\/p>\n<p><em><strong>El mercedino Walter \u00abYacar\u00e9\u00bb Sequeira volvi\u00f3 a dar una muestra de toda su capacidad al derrotar al tucumano Pedro \u00abRocky\u00bb Flores en el marco del Polideportivo con una cantidad de p\u00fablico importante que le\u00a0dio\u00a0aliento durante los cuatro asaltos que dur\u00f3 la pelea hasta que lleg\u00f3\u00a0un nuevo nocaut.<\/strong><\/em><\/p>\n<p>M\u00e1s de 400 personas se hicieron presentes en el combate que se hab\u00eda preparado para vivirse en la Liga Mercedina, pero, finalmente por las lluvias de los d\u00edas previos se disput\u00f3 en el Polideportivo de 30 y 45. All\u00ed el aliento fue un\u00e1nime para el mercedino que logr\u00f3 llevarse una nueva victoria por nocaut contra su rival, el oriundo de Tucum\u00e1n Pedro Flores.<\/p>\n<p><a href=\"https:\/\/www.hoymercedes.com.ar\/principal\/wp-content\/uploads\/2013\/11\/YacareSequeiraKOMercedes007.jpg\"><img loading=\"lazy\" decoding=\"async\" data-attachment-id=\"27383\" data-permalink=\"https:\/\/www.hoymercedes.com.ar\/principal\/2013\/11\/17\/nuevo-nocaut-de-yacare-sequeira-galeria\/yacaresequeirakomercedes007\/#main\" data-orig-file=\"https:\/\/www.hoymercedes.com.ar\/principal\/wp-content\/uploads\/2013\/11\/YacareSequeiraKOMercedes007.jpg\" data-orig-size=\"620,443\" data-comments-opened=\"1\" data-image-meta=\"{&quot;aperture&quot;:&quot;5&quot;,&quot;credit&quot;:&quot;&quot;,&quot;camera&quot;:&quot;NIKON D5100&quot;,&quot;caption&quot;:&quot;&quot;,&quot;created_timestamp&quot;:&quot;1384735499&quot;,&quot;copyright&quot;:&quot;&quot;,&quot;focal_length&quot;:&quot;34&quot;,&quot;iso&quot;:&quot;2000&quot;,&quot;shutter_speed&quot;:&quot;0.003125&quot;,&quot;title&quot;:&quot;&quot;}\" data-image-title=\"YacareSequeiraKOMercedes007\" data-image-description=\"\" data-image-caption=\"\" data-large-file=\"https:\/\/www.hoymercedes.com.ar\/principal\/wp-content\/uploads\/2013\/11\/YacareSequeiraKOMercedes007.jpg\" class=\"alignleft size-full wp-image-27383\" alt=\"YacareSequeiraKOMercedes007\" src=\"https:\/\/www.hoymercedes.com.ar\/principal\/wp-content\/uploads\/2013\/11\/YacareSequeiraKOMercedes007.jpg\" width=\"620\" height=\"443\" \/><\/a><\/p>\n<p>El primer round fue el m\u00e1s parejo. En el segundo ya se vio una ventaja m\u00e1s clara para el local que llev\u00f3 a que Flores reciba el primer conteo de la noche. El tercero volvi\u00f3 a quedar a favor del mercedino, pero, la definici\u00f3n vendr\u00eda luego de una fuerte acci\u00f3n en el cuarto con ganchos y golpes que no logr\u00f3 contener Flores llevando a que se declare el nocaut t\u00e9cnico como l\u00f3gica medida de protecci\u00f3n.<\/p>\n<p><img loading=\"lazy\" decoding=\"async\" data-attachment-id=\"27384\" data-permalink=\"https:\/\/www.hoymercedes.com.ar\/principal\/2013\/11\/17\/nuevo-nocaut-de-yacare-sequeira-galeria\/yacaresequeirakomercedes011\/#main\" data-orig-file=\"https:\/\/www.hoymercedes.com.ar\/principal\/wp-content\/uploads\/2013\/11\/YacareSequeiraKOMercedes011.jpg\" data-orig-size=\"620,411\" data-comments-opened=\"1\" data-image-meta=\"{&quot;aperture&quot;:&quot;3.5&quot;,&quot;credit&quot;:&quot;&quot;,&quot;camera&quot;:&quot;NIKON D5100&quot;,&quot;caption&quot;:&quot;&quot;,&quot;created_timestamp&quot;:&quot;1384735999&quot;,&quot;copyright&quot;:&quot;&quot;,&quot;focal_length&quot;:&quot;18&quot;,&quot;iso&quot;:&quot;2000&quot;,&quot;shutter_speed&quot;:&quot;0.003125&quot;,&quot;title&quot;:&quot;&quot;}\" data-image-title=\"YacareSequeiraKOMercedes011\" data-image-description=\"\" data-image-caption=\"\" data-large-file=\"https:\/\/www.hoymercedes.com.ar\/principal\/wp-content\/uploads\/2013\/11\/YacareSequeiraKOMercedes011.jpg\" class=\"alignleft size-full wp-image-27384\" alt=\"YacareSequeiraKOMercedes011\" src=\"https:\/\/www.hoymercedes.com.ar\/principal\/wp-content\/uploads\/2013\/11\/YacareSequeiraKOMercedes011.jpg\" width=\"620\" height=\"411\" \/><\/p>\n<p>De \u00e9sta manera Walter \u00abYacar\u00e9\u00bb Sequeira logr\u00f3 una nueva victoria para su reciente carrera sobre el cuadril\u00e1tero.<\/p>\n<p><strong><a href=\"https:\/\/www.facebook.com\/media\/set\/?set=a.10152042859656323.1073741905.339192141322&amp;type=1\" target=\"_blank\" rel=\"noopener\">Ver galer\u00eda: S\u00faperLatino<\/a><\/strong><\/p>\n<p><strong><a href=\"https:\/\/www.facebook.com\/media\/set\/?set=a.10152042878566323.1073741906.339192141322&amp;type=3\" target=\"_blank\" rel=\"noopener\">Ver galer\u00eda: Yacar\u00e9 vs Flores<\/a><\/strong><\/p>\n","protected":false},"excerpt":{"rendered":"<p>El mercedino Walter \u00abYacar\u00e9\u00bb Sequeira volvi\u00f3 a dar una muestra de toda su capacidad al derrotar al tucumano Pedro \u00abRocky\u00bb &#8230; <a title=\"Nuevo nocaut de \u00abYacar\u00e9\u00bb Sequeira (Galer\u00eda)\" class=\"read-more\" href=\"https:\/\/www.hoymercedes.com.ar\/principal\/2013\/11\/17\/nuevo-nocaut-de-yacare-sequeira-galeria\/\" aria-label=\"Leer m\u00e1s sobre Nuevo nocaut de \u00abYacar\u00e9\u00bb Sequeira (Galer\u00eda)\">Leer m\u00e1s<\/a><\/p>\n","protected":false},"author":1,"featured_media":0,"comment_status":"open","ping_status":"open","sticky":false,"template":"","format":"standard","meta":{"_monsterinsights_skip_tracking":false,"_monsterinsights_sitenote_active":false,"_monsterinsights_sitenote_note":"","_monsterinsights_sitenote_category":0,"jetpack_post_was_ever_published":false,"_jetpack_newsletter_access":"","_jetpack_dont_email_post_to_subs":false,"_jetpack_newsletter_tier_id":0,"_jetpack_memberships_contains_paywalled_content":false,"_jetpack_memberships_contains_paid_content":false,"footnotes":"","jetpack_publicize_message":"","jetpack_publicize_feature_enabled":true,"jetpack_social_post_already_shared":true,"jetpack_social_options":{"image_generator_settings":{"template":"highway","default_image_id":0,"font":"","enabled":false},"version":2},"_wpas_customize_per_network":false},"categories":[21],"tags":[4198,4199,4048],"class_list":["post-27376","post","type-post","status-publish","format-standard","hentry","category-deportes","tag-boxeo-mercedes","tag-yacare-nocaut","tag-yacare-sequeira","generate-columns","tablet-grid-50","mobile-grid-100","grid-parent","grid-50"],"jetpack_publicize_connections":[],"jetpack_featured_media_url":"","wps_subtitle":"","jetpack_sharing_enabled":true,"_links":{"self":[{"href":"https:\/\/www.hoymercedes.com.ar\/principal\/wp-json\/wp\/v2\/posts\/27376","targetHints":{"allow":["GET"]}}],"collection":[{"href":"https:\/\/www.hoymercedes.com.ar\/principal\/wp-json\/wp\/v2\/posts"}],"about":[{"href":"https:\/\/www.hoymercedes.com.ar\/principal\/wp-json\/wp\/v2\/types\/post"}],"author":[{"embeddable":true,"href":"https:\/\/www.hoymercedes.com.ar\/principal\/wp-json\/wp\/v2\/users\/1"}],"replies":[{"embeddable":true,"href":"https:\/\/www.hoymercedes.com.ar\/principal\/wp-json\/wp\/v2\/comments?post=27376"}],"version-history":[{"count":0,"href":"https:\/\/www.hoymercedes.com.ar\/principal\/wp-json\/wp\/v2\/posts\/27376\/revisions"}],"wp:attachment":[{"href":"https:\/\/www.hoymercedes.com.ar\/principal\/wp-json\/wp\/v2\/media?parent=27376"}],"wp:term":[{"taxonomy":"category","embeddable":true,"href":"https:\/\/www.hoymercedes.com.ar\/principal\/wp-json\/wp\/v2\/categories?post=27376"},{"taxonomy":"post_tag","embeddable":true,"href":"https:\/\/www.hoymercedes.com.ar\/principal\/wp-json\/wp\/v2\/tags?post=27376"}],"curies":[{"name":"wp","href":"https:\/\/api.w.org\/{rel}","templated":true}]}}