{"id":27379,"date":"2013-11-17T17:51:17","date_gmt":"2013-11-17T17:51:17","guid":{"rendered":"http:\/\/www.hoymercedes.com.ar\/principal\/?p=27379"},"modified":"2013-11-17T17:51:17","modified_gmt":"2013-11-17T17:51:17","slug":"intento-de-robo-o-vandalismo","status":"publish","type":"post","link":"https:\/\/www.hoymercedes.com.ar\/principal\/2013\/11\/17\/intento-de-robo-o-vandalismo\/","title":{"rendered":"Intento de robo o \u00bfvandalismo?"},"content":{"rendered":"<p><em><strong>Durante la madrugada de \u00e9ste domingo, cerca de las 04.00am, la polic\u00eda debi\u00f3 actuar de manera preventiva en la concesionaria ubicada en la rotonda de ruta nacional N\u00b05 en el ingreso a Mercedes.<\/strong><\/em><\/p>\n<p>Durante la madrugada un vidrio de importante dimensiones de los que se encuentran en la concesionaria fue destruido.<\/p>\n<p>Las primeras hip\u00f3tesis fueron que quiz\u00e1s se intentaba robar un veh\u00edculo, pero, al estar todo en su lugar se comenz\u00f3 a sospechar de que ser\u00eda un acto de vandalismo y es por ello que la polic\u00eda actu\u00f3 de manera preventiva apost\u00e1ndose en el lugar, al menos, durante un determinado tiempo.<\/p>\n<p>&nbsp;<\/p>\n","protected":false},"excerpt":{"rendered":"<p>Durante la madrugada de \u00e9ste domingo, cerca de las 04.00am, la polic\u00eda debi\u00f3 actuar de manera preventiva en la concesionaria &#8230; <a title=\"Intento de robo o \u00bfvandalismo?\" class=\"read-more\" href=\"https:\/\/www.hoymercedes.com.ar\/principal\/2013\/11\/17\/intento-de-robo-o-vandalismo\/\" aria-label=\"Leer m\u00e1s sobre Intento de robo o \u00bfvandalismo?\">Leer m\u00e1s<\/a><\/p>\n","protected":false},"author":1,"featured_media":0,"comment_status":"open","ping_status":"open","sticky":false,"template":"","format":"standard","meta":{"_monsterinsights_skip_tracking":false,"_monsterinsights_sitenote_active":false,"_monsterinsights_sitenote_note":"","_monsterinsights_sitenote_category":0,"jetpack_post_was_ever_published":false,"_jetpack_newsletter_access":"","_jetpack_dont_email_post_to_subs":false,"_jetpack_newsletter_tier_id":0,"_jetpack_memberships_contains_paywalled_content":false,"_jetpack_memberships_contains_paid_content":false,"footnotes":"","jetpack_publicize_message":"","jetpack_publicize_feature_enabled":true,"jetpack_social_post_already_shared":true,"jetpack_social_options":{"image_generator_settings":{"template":"highway","default_image_id":0,"font":"","enabled":false},"version":2},"_wpas_customize_per_network":false},"categories":[85],"tags":[666],"class_list":["post-27379","post","type-post","status-publish","format-standard","hentry","category-policial","tag-robos-mercedes","generate-columns","tablet-grid-50","mobile-grid-100","grid-parent","grid-50"],"jetpack_publicize_connections":[],"jetpack_featured_media_url":"","wps_subtitle":"","jetpack_sharing_enabled":true,"_links":{"self":[{"href":"https:\/\/www.hoymercedes.com.ar\/principal\/wp-json\/wp\/v2\/posts\/27379","targetHints":{"allow":["GET"]}}],"collection":[{"href":"https:\/\/www.hoymercedes.com.ar\/principal\/wp-json\/wp\/v2\/posts"}],"about":[{"href":"https:\/\/www.hoymercedes.com.ar\/principal\/wp-json\/wp\/v2\/types\/post"}],"author":[{"embeddable":true,"href":"https:\/\/www.hoymercedes.com.ar\/principal\/wp-json\/wp\/v2\/users\/1"}],"replies":[{"embeddable":true,"href":"https:\/\/www.hoymercedes.com.ar\/principal\/wp-json\/wp\/v2\/comments?post=27379"}],"version-history":[{"count":0,"href":"https:\/\/www.hoymercedes.com.ar\/principal\/wp-json\/wp\/v2\/posts\/27379\/revisions"}],"wp:attachment":[{"href":"https:\/\/www.hoymercedes.com.ar\/principal\/wp-json\/wp\/v2\/media?parent=27379"}],"wp:term":[{"taxonomy":"category","embeddable":true,"href":"https:\/\/www.hoymercedes.com.ar\/principal\/wp-json\/wp\/v2\/categories?post=27379"},{"taxonomy":"post_tag","embeddable":true,"href":"https:\/\/www.hoymercedes.com.ar\/principal\/wp-json\/wp\/v2\/tags?post=27379"}],"curies":[{"name":"wp","href":"https:\/\/api.w.org\/{rel}","templated":true}]}}