{"id":27397,"date":"2013-11-18T03:04:12","date_gmt":"2013-11-18T03:04:12","guid":{"rendered":"http:\/\/www.hoymercedes.com.ar\/principal\/?p=27397"},"modified":"2013-11-18T03:04:12","modified_gmt":"2013-11-18T03:04:12","slug":"dos-camionetas-robadas-de-concesionaria-mercedina","status":"publish","type":"post","link":"https:\/\/www.hoymercedes.com.ar\/principal\/2013\/11\/18\/dos-camionetas-robadas-de-concesionaria-mercedina\/","title":{"rendered":"Dos camionetas robadas de concesionaria mercedina"},"content":{"rendered":"<p><a href=\"https:\/\/www.hoymercedes.com.ar\/principal\/wp-content\/uploads\/2013\/11\/toyota-mercedes.png\"><img loading=\"lazy\" decoding=\"async\" data-attachment-id=\"27399\" data-permalink=\"https:\/\/www.hoymercedes.com.ar\/principal\/2013\/11\/18\/dos-camionetas-robadas-de-concesionaria-mercedina\/toyota-mercedes\/#main\" data-orig-file=\"https:\/\/www.hoymercedes.com.ar\/principal\/wp-content\/uploads\/2013\/11\/toyota-mercedes.png\" data-orig-size=\"620,228\" data-comments-opened=\"1\" data-image-meta=\"{&quot;aperture&quot;:&quot;0&quot;,&quot;credit&quot;:&quot;&quot;,&quot;camera&quot;:&quot;&quot;,&quot;caption&quot;:&quot;&quot;,&quot;created_timestamp&quot;:&quot;0&quot;,&quot;copyright&quot;:&quot;&quot;,&quot;focal_length&quot;:&quot;0&quot;,&quot;iso&quot;:&quot;0&quot;,&quot;shutter_speed&quot;:&quot;0&quot;,&quot;title&quot;:&quot;&quot;}\" data-image-title=\"toyota-mercedes\" data-image-description=\"&lt;p&gt;Foto: Oficial concesionaria&lt;\/p&gt;\n\" data-image-caption=\"\" data-large-file=\"https:\/\/www.hoymercedes.com.ar\/principal\/wp-content\/uploads\/2013\/11\/toyota-mercedes.png\" class=\"alignleft size-full wp-image-27399\" alt=\"toyota-mercedes\" src=\"https:\/\/www.hoymercedes.com.ar\/principal\/wp-content\/uploads\/2013\/11\/toyota-mercedes.png\" width=\"620\" height=\"228\" \/><\/a><\/p>\n<p><em><strong>Tras la primera versi\u00f3n de que podr\u00eda haber sido un mero acto de vandalismo se conocieron m\u00e1s detalles del robo a la concesionaria. En un primer momento\u00a0conocida\u00a0la noticia inform\u00e1bamos que la polic\u00eda debi\u00f3\u00a0actuar haciendo guardia durante la madrugada, pero, el acto ya hab\u00eda sido consumado y dos veh\u00edculos de importante tenor fueron sustra\u00eddos.<\/strong><\/em><\/p>\n<p>Durante la madrugada del domingo la concesionaria Toyota de la denominada rotonda de Ruta 5 vivi\u00f3 un importante robo. Es un comercio tradicional en ese punto de la ciudad y conocido por miles de viajantes que diariamente pasan por all\u00ed.<\/p>\n<p>Desconocidos rompieron vidrios y se llevaron dos veh\u00edculos nuevos que se encontraban en exposici\u00f3n.<\/p>\n<p>La polic\u00eda y la justicia buscan esclarecer el hecho.<\/p>\n<p>&nbsp;<\/p>\n","protected":false},"excerpt":{"rendered":"<p>Tras la primera versi\u00f3n de que podr\u00eda haber sido un mero acto de vandalismo se conocieron m\u00e1s detalles del robo &#8230; <a title=\"Dos camionetas robadas de concesionaria mercedina\" class=\"read-more\" href=\"https:\/\/www.hoymercedes.com.ar\/principal\/2013\/11\/18\/dos-camionetas-robadas-de-concesionaria-mercedina\/\" aria-label=\"Leer m\u00e1s sobre Dos camionetas robadas de concesionaria mercedina\">Leer m\u00e1s<\/a><\/p>\n","protected":false},"author":1,"featured_media":0,"comment_status":"open","ping_status":"open","sticky":false,"template":"","format":"standard","meta":{"_monsterinsights_skip_tracking":false,"_monsterinsights_sitenote_active":false,"_monsterinsights_sitenote_note":"","_monsterinsights_sitenote_category":0,"jetpack_post_was_ever_published":false,"_jetpack_newsletter_access":"","_jetpack_dont_email_post_to_subs":false,"_jetpack_newsletter_tier_id":0,"_jetpack_memberships_contains_paywalled_content":false,"_jetpack_memberships_contains_paid_content":false,"footnotes":"","jetpack_publicize_message":"","jetpack_publicize_feature_enabled":true,"jetpack_social_post_already_shared":true,"jetpack_social_options":{"image_generator_settings":{"template":"highway","default_image_id":0,"font":"","enabled":false},"version":2},"_wpas_customize_per_network":false},"categories":[85],"tags":[4203,3199],"class_list":["post-27397","post","type-post","status-publish","format-standard","hentry","category-policial","tag-robo-toyota","tag-robos-en-mercedes","generate-columns","tablet-grid-50","mobile-grid-100","grid-parent","grid-50"],"jetpack_publicize_connections":[],"jetpack_featured_media_url":"","wps_subtitle":"","jetpack_sharing_enabled":true,"_links":{"self":[{"href":"https:\/\/www.hoymercedes.com.ar\/principal\/wp-json\/wp\/v2\/posts\/27397","targetHints":{"allow":["GET"]}}],"collection":[{"href":"https:\/\/www.hoymercedes.com.ar\/principal\/wp-json\/wp\/v2\/posts"}],"about":[{"href":"https:\/\/www.hoymercedes.com.ar\/principal\/wp-json\/wp\/v2\/types\/post"}],"author":[{"embeddable":true,"href":"https:\/\/www.hoymercedes.com.ar\/principal\/wp-json\/wp\/v2\/users\/1"}],"replies":[{"embeddable":true,"href":"https:\/\/www.hoymercedes.com.ar\/principal\/wp-json\/wp\/v2\/comments?post=27397"}],"version-history":[{"count":0,"href":"https:\/\/www.hoymercedes.com.ar\/principal\/wp-json\/wp\/v2\/posts\/27397\/revisions"}],"wp:attachment":[{"href":"https:\/\/www.hoymercedes.com.ar\/principal\/wp-json\/wp\/v2\/media?parent=27397"}],"wp:term":[{"taxonomy":"category","embeddable":true,"href":"https:\/\/www.hoymercedes.com.ar\/principal\/wp-json\/wp\/v2\/categories?post=27397"},{"taxonomy":"post_tag","embeddable":true,"href":"https:\/\/www.hoymercedes.com.ar\/principal\/wp-json\/wp\/v2\/tags?post=27397"}],"curies":[{"name":"wp","href":"https:\/\/api.w.org\/{rel}","templated":true}]}}