{"id":27401,"date":"2013-11-18T03:27:21","date_gmt":"2013-11-18T03:27:21","guid":{"rendered":"http:\/\/www.hoymercedes.com.ar\/principal\/?p=27401"},"modified":"2013-11-18T03:27:21","modified_gmt":"2013-11-18T03:27:21","slug":"joven-muy-delicado-tras-recibir-golpiza","status":"publish","type":"post","link":"https:\/\/www.hoymercedes.com.ar\/principal\/2013\/11\/18\/joven-muy-delicado-tras-recibir-golpiza\/","title":{"rendered":"Joven muy delicado tras recibir golpiza"},"content":{"rendered":"<p><em><strong>Durante la madrugada del domingo un joven menor de nuestra debi\u00f3 recibir atenciones m\u00e9dicas quedando bajo cuidado intensivo y necesitado de importantes acciones hospitalarias tras haber recibido una golpiza. La noticia corri\u00f3 en las redes sociales y lleg\u00f3 a nuestra redacci\u00f3n donde vecinos manifestaban su preocupaci\u00f3n, dolor y asombro por un nuevo acontecimiento de gravedad. Incluso apareci\u00f3 en el muro de HoyMercedes desde temprano.<\/strong><\/em><\/p>\n<p>Por el hecho habr\u00eda ya detenidos, entre los cuales hay mayores y menores y ser\u00edan todos vecinos de un mismo barrio, pero, \u00e9stos datos no est\u00e1n a\u00fan confirmados dado que ya est\u00e1 actuando la justicia.<\/p>\n<p>El menor fue agredido en 28 y 29 alrededor de las 04.30am.<\/p>\n<p>&nbsp;<\/p>\n<p>&nbsp;<\/p>\n","protected":false},"excerpt":{"rendered":"<p>Durante la madrugada del domingo un joven menor de nuestra debi\u00f3 recibir atenciones m\u00e9dicas quedando bajo cuidado intensivo y necesitado &#8230; <a title=\"Joven muy delicado tras recibir golpiza\" class=\"read-more\" href=\"https:\/\/www.hoymercedes.com.ar\/principal\/2013\/11\/18\/joven-muy-delicado-tras-recibir-golpiza\/\" aria-label=\"Leer m\u00e1s sobre Joven muy delicado tras recibir golpiza\">Leer m\u00e1s<\/a><\/p>\n","protected":false},"author":1,"featured_media":0,"comment_status":"open","ping_status":"open","sticky":false,"template":"","format":"standard","meta":{"_monsterinsights_skip_tracking":false,"_monsterinsights_sitenote_active":false,"_monsterinsights_sitenote_note":"","_monsterinsights_sitenote_category":0,"jetpack_post_was_ever_published":false,"_jetpack_newsletter_access":"","_jetpack_dont_email_post_to_subs":false,"_jetpack_newsletter_tier_id":0,"_jetpack_memberships_contains_paywalled_content":false,"_jetpack_memberships_contains_paid_content":false,"footnotes":"","jetpack_publicize_message":"","jetpack_publicize_feature_enabled":true,"jetpack_social_post_already_shared":true,"jetpack_social_options":{"image_generator_settings":{"template":"highway","default_image_id":0,"font":"","enabled":false},"version":2},"_wpas_customize_per_network":false},"categories":[85],"tags":[4205,4204],"class_list":["post-27401","post","type-post","status-publish","format-standard","hentry","category-policial","tag-golpiza-muere-joven-mercedinos","tag-menor-agredido-en-mercedes","generate-columns","tablet-grid-50","mobile-grid-100","grid-parent","grid-50"],"jetpack_publicize_connections":[],"jetpack_featured_media_url":"","wps_subtitle":"","jetpack_sharing_enabled":true,"_links":{"self":[{"href":"https:\/\/www.hoymercedes.com.ar\/principal\/wp-json\/wp\/v2\/posts\/27401","targetHints":{"allow":["GET"]}}],"collection":[{"href":"https:\/\/www.hoymercedes.com.ar\/principal\/wp-json\/wp\/v2\/posts"}],"about":[{"href":"https:\/\/www.hoymercedes.com.ar\/principal\/wp-json\/wp\/v2\/types\/post"}],"author":[{"embeddable":true,"href":"https:\/\/www.hoymercedes.com.ar\/principal\/wp-json\/wp\/v2\/users\/1"}],"replies":[{"embeddable":true,"href":"https:\/\/www.hoymercedes.com.ar\/principal\/wp-json\/wp\/v2\/comments?post=27401"}],"version-history":[{"count":0,"href":"https:\/\/www.hoymercedes.com.ar\/principal\/wp-json\/wp\/v2\/posts\/27401\/revisions"}],"wp:attachment":[{"href":"https:\/\/www.hoymercedes.com.ar\/principal\/wp-json\/wp\/v2\/media?parent=27401"}],"wp:term":[{"taxonomy":"category","embeddable":true,"href":"https:\/\/www.hoymercedes.com.ar\/principal\/wp-json\/wp\/v2\/categories?post=27401"},{"taxonomy":"post_tag","embeddable":true,"href":"https:\/\/www.hoymercedes.com.ar\/principal\/wp-json\/wp\/v2\/tags?post=27401"}],"curies":[{"name":"wp","href":"https:\/\/api.w.org\/{rel}","templated":true}]}}