{"id":27413,"date":"2013-11-19T13:32:41","date_gmt":"2013-11-19T13:32:41","guid":{"rendered":"http:\/\/www.hoymercedes.com.ar\/principal\/?p=27413"},"modified":"2013-11-19T13:32:41","modified_gmt":"2013-11-19T13:32:41","slug":"carlos-aristi-buscara-consolidar-el-pro-de-macri-en-mercedes","status":"publish","type":"post","link":"https:\/\/www.hoymercedes.com.ar\/principal\/2013\/11\/19\/carlos-aristi-buscara-consolidar-el-pro-de-macri-en-mercedes\/","title":{"rendered":"Carlos Aristi buscar\u00e1 consolidar el PRO de Macri en Mercedes"},"content":{"rendered":"<figure id=\"attachment_27415\" aria-describedby=\"caption-attachment-27415\" style=\"width: 610px\" class=\"wp-caption aligncenter\"><a href=\"https:\/\/www.hoymercedes.com.ar\/principal\/wp-content\/uploads\/2013\/11\/Aristi.jpg\"><img loading=\"lazy\" decoding=\"async\" data-attachment-id=\"27415\" data-permalink=\"https:\/\/www.hoymercedes.com.ar\/principal\/2013\/11\/19\/carlos-aristi-buscara-consolidar-el-pro-de-macri-en-mercedes\/aristi-3\/#main\" data-orig-file=\"https:\/\/www.hoymercedes.com.ar\/principal\/wp-content\/uploads\/2013\/11\/Aristi.jpg\" data-orig-size=\"620,415\" data-comments-opened=\"1\" data-image-meta=\"{&quot;aperture&quot;:&quot;2.8&quot;,&quot;credit&quot;:&quot;&quot;,&quot;camera&quot;:&quot;COOLPIX L10&quot;,&quot;caption&quot;:&quot;&quot;,&quot;created_timestamp&quot;:&quot;1320046611&quot;,&quot;copyright&quot;:&quot;Copyright 2006&quot;,&quot;focal_length&quot;:&quot;6.2&quot;,&quot;iso&quot;:&quot;64&quot;,&quot;shutter_speed&quot;:&quot;0.016666666666667&quot;,&quot;title&quot;:&quot;&quot;}\" data-image-title=\"Aristi\" data-image-description=\"\" data-image-caption=\"&lt;p&gt;Carlos Aristi&lt;\/p&gt;\n\" data-large-file=\"https:\/\/www.hoymercedes.com.ar\/principal\/wp-content\/uploads\/2013\/11\/Aristi.jpg\" class=\"size-full wp-image-27415 \" alt=\"Carlos Aristi \" src=\"https:\/\/www.hoymercedes.com.ar\/principal\/wp-content\/uploads\/2013\/11\/Aristi.jpg\" width=\"620\" height=\"415\" \/><\/a><figcaption id=\"caption-attachment-27415\" class=\"wp-caption-text\">Carlos Aristi<\/figcaption><\/figure>\n<p><em><strong>Carlos Aristi ser\u00e1 concejal hasta el pr\u00f3ximo cambio de legisladores el 10 de diciembre dado que no renov\u00f3 su banca obtenida hace cuatro a\u00f1os con Uni\u00f3n Pro. Su bloque qued\u00f3 desarmado cuando dos de sus compa\u00f1eros, Juan Carlos Benitez y Ruth Muraca se pasaron al Frente Renovador dej\u00e1ndolo por su cuenta a Aristi. Dentro de sus proyecciones futuras est\u00e1 la b\u00fasqueda del armado del PRO en Mercedes.<\/strong><\/em><\/p>\n<p>Carlos Aristi fue parte del armado de Uni\u00f3n Pro junto a la figura de De Narv\u00e1ez, Benitez y Muraca, pero, qued\u00f3 s\u00f3lo tras el cambio de bando de sus compa\u00f1eros. Es por ello que el ex Presidente de la Sociedad Rural Mercedina se abocar\u00e1 al armado del partido de Mauricio Macri en Mercedes: PRO.<\/p>\n<p>Desde su visi\u00f3n habr\u00e1 j\u00f3venes participando en \u00e9ste nuevo espacio donde buscar\u00e1n organizar todo lo necesario para que en el 2015 los encuentre con perspectivas electorales.<\/p>\n<p>&nbsp;<\/p>\n","protected":false},"excerpt":{"rendered":"<p>Carlos Aristi ser\u00e1 concejal hasta el pr\u00f3ximo cambio de legisladores el 10 de diciembre dado que no renov\u00f3 su banca &#8230; <a title=\"Carlos Aristi buscar\u00e1 consolidar el PRO de Macri en Mercedes\" class=\"read-more\" href=\"https:\/\/www.hoymercedes.com.ar\/principal\/2013\/11\/19\/carlos-aristi-buscara-consolidar-el-pro-de-macri-en-mercedes\/\" aria-label=\"Leer m\u00e1s sobre Carlos Aristi buscar\u00e1 consolidar el PRO de Macri en Mercedes\">Leer m\u00e1s<\/a><\/p>\n","protected":false},"author":1,"featured_media":0,"comment_status":"open","ping_status":"open","sticky":false,"template":"","format":"standard","meta":{"_monsterinsights_skip_tracking":false,"_monsterinsights_sitenote_active":false,"_monsterinsights_sitenote_note":"","_monsterinsights_sitenote_category":0,"jetpack_post_was_ever_published":false,"_jetpack_newsletter_access":"","_jetpack_dont_email_post_to_subs":false,"_jetpack_newsletter_tier_id":0,"_jetpack_memberships_contains_paywalled_content":false,"_jetpack_memberships_contains_paid_content":false,"footnotes":"","jetpack_publicize_message":"","jetpack_publicize_feature_enabled":true,"jetpack_social_post_already_shared":true,"jetpack_social_options":{"image_generator_settings":{"template":"highway","default_image_id":0,"font":"","enabled":false},"version":2},"_wpas_customize_per_network":false},"categories":[5],"tags":[1655,2185],"class_list":["post-27413","post","type-post","status-publish","format-standard","hentry","category-politica","tag-carlos-aristi","tag-pro-mercedes","generate-columns","tablet-grid-50","mobile-grid-100","grid-parent","grid-50"],"jetpack_publicize_connections":[],"jetpack_featured_media_url":"","wps_subtitle":"","jetpack_sharing_enabled":true,"_links":{"self":[{"href":"https:\/\/www.hoymercedes.com.ar\/principal\/wp-json\/wp\/v2\/posts\/27413","targetHints":{"allow":["GET"]}}],"collection":[{"href":"https:\/\/www.hoymercedes.com.ar\/principal\/wp-json\/wp\/v2\/posts"}],"about":[{"href":"https:\/\/www.hoymercedes.com.ar\/principal\/wp-json\/wp\/v2\/types\/post"}],"author":[{"embeddable":true,"href":"https:\/\/www.hoymercedes.com.ar\/principal\/wp-json\/wp\/v2\/users\/1"}],"replies":[{"embeddable":true,"href":"https:\/\/www.hoymercedes.com.ar\/principal\/wp-json\/wp\/v2\/comments?post=27413"}],"version-history":[{"count":0,"href":"https:\/\/www.hoymercedes.com.ar\/principal\/wp-json\/wp\/v2\/posts\/27413\/revisions"}],"wp:attachment":[{"href":"https:\/\/www.hoymercedes.com.ar\/principal\/wp-json\/wp\/v2\/media?parent=27413"}],"wp:term":[{"taxonomy":"category","embeddable":true,"href":"https:\/\/www.hoymercedes.com.ar\/principal\/wp-json\/wp\/v2\/categories?post=27413"},{"taxonomy":"post_tag","embeddable":true,"href":"https:\/\/www.hoymercedes.com.ar\/principal\/wp-json\/wp\/v2\/tags?post=27413"}],"curies":[{"name":"wp","href":"https:\/\/api.w.org\/{rel}","templated":true}]}}