{"id":27432,"date":"2013-11-20T00:48:56","date_gmt":"2013-11-20T00:48:56","guid":{"rendered":"http:\/\/www.hoymercedes.com.ar\/principal\/?p=27432"},"modified":"2013-11-20T00:48:56","modified_gmt":"2013-11-20T00:48:56","slug":"selva-en-san-andres-de-giles-por-las-rutas-provinciales","status":"publish","type":"post","link":"https:\/\/www.hoymercedes.com.ar\/principal\/2013\/11\/20\/selva-en-san-andres-de-giles-por-las-rutas-provinciales\/","title":{"rendered":"Selva en San Andr\u00e9s de Giles por las rutas provinciales"},"content":{"rendered":"<p><a href=\"https:\/\/www.hoymercedes.com.ar\/principal\/wp-content\/uploads\/2013\/11\/selvaengiles2.jpg\"><img loading=\"lazy\" decoding=\"async\" data-attachment-id=\"27434\" data-permalink=\"https:\/\/www.hoymercedes.com.ar\/principal\/2013\/11\/20\/selva-en-san-andres-de-giles-por-las-rutas-provinciales\/selvaengiles2\/#main\" data-orig-file=\"https:\/\/www.hoymercedes.com.ar\/principal\/wp-content\/uploads\/2013\/11\/selvaengiles2.jpg\" data-orig-size=\"620,413\" data-comments-opened=\"1\" data-image-meta=\"{&quot;aperture&quot;:&quot;4.5&quot;,&quot;credit&quot;:&quot;&quot;,&quot;camera&quot;:&quot;NIKON D3100&quot;,&quot;caption&quot;:&quot;&quot;,&quot;created_timestamp&quot;:&quot;1384484475&quot;,&quot;copyright&quot;:&quot;&quot;,&quot;focal_length&quot;:&quot;30&quot;,&quot;iso&quot;:&quot;3200&quot;,&quot;shutter_speed&quot;:&quot;0.016666666666667&quot;,&quot;title&quot;:&quot;&quot;}\" data-image-title=\"selvaengiles2\" data-image-description=\"\" data-image-caption=\"\" data-large-file=\"https:\/\/www.hoymercedes.com.ar\/principal\/wp-content\/uploads\/2013\/11\/selvaengiles2.jpg\" class=\"aligncenter size-full wp-image-27434\" alt=\"selvaengiles2\" src=\"https:\/\/www.hoymercedes.com.ar\/principal\/wp-content\/uploads\/2013\/11\/selvaengiles2.jpg\" width=\"620\" height=\"413\" \/><\/a><\/p>\n<p><em><strong>Tal como\u00a0mencion\u00e1bamos\u00a0el lunes el intendente Carlos Selva fue parte de un encuentro junto al intendente Lu\u00eds Ghione y\u00a0representantes de la Uni\u00f3n de Usuarios Viales. El tema central fue el deficitario estado de la Ruta Provincial N\u00ba41.\u00a0<\/strong><\/em><\/p>\n<p>Se concret\u00f3 el encuentro en el auditorio que la vecina municipalidad posee. Estuvieron concejales de San Andr\u00e9s de Giles, de San Antonio de Areco, de Mercedes y hasta de la localidad de Guamin\u00ec. Desde Mercedes estuvo el presidente del bloque de concejales oficialista: Carlos Milhomme y Carlos Mosso, miembro de la Uni\u00f3n de Usuarios Viales.<\/p>\n<p>Uno de los que tom\u00f3 la palabra y se refiri\u00f3 al trabajo realizado y por realizar por la Legislatura fue el diputado Jorge Solmi, quien encabez\u00f3 la lucha por la mejora de la Ruta 8. Por su parte el diputado Ricardo Vago sostuvo que el gobierno provincial hab\u00eda subejecutado el presupuesto de infraestructura vial en un 50 por ciento, lo que sorprendi\u00f3 a los presentes.<\/p>\n<div>\n<p>La charla con los usuarios y referentes de las ciudades linderas a la Ruta 41 se desarroll\u00f3 en un clima de cordialidad y sobre el final se firm\u00f3 un documento en conjunto para establecer acciones a emprender a futuro para mejorar la calidad de la ruta en cuesti\u00f3n. Adem\u00e1s se arm\u00f3 una mesa de trabajo con referentes de varios distritos que tiene a Ghione y a Selva a la cabeza.<\/p>\n<\/div>\n","protected":false},"excerpt":{"rendered":"<p>Tal como\u00a0mencion\u00e1bamos\u00a0el lunes el intendente Carlos Selva fue parte de un encuentro junto al intendente Lu\u00eds Ghione y\u00a0representantes de la &#8230; <a title=\"Selva en San Andr\u00e9s de Giles por las rutas provinciales\" class=\"read-more\" href=\"https:\/\/www.hoymercedes.com.ar\/principal\/2013\/11\/20\/selva-en-san-andres-de-giles-por-las-rutas-provinciales\/\" aria-label=\"Leer m\u00e1s sobre Selva en San Andr\u00e9s de Giles por las rutas provinciales\">Leer m\u00e1s<\/a><\/p>\n","protected":false},"author":1,"featured_media":0,"comment_status":"open","ping_status":"open","sticky":false,"template":"","format":"standard","meta":{"_monsterinsights_skip_tracking":false,"_monsterinsights_sitenote_active":false,"_monsterinsights_sitenote_note":"","_monsterinsights_sitenote_category":0,"jetpack_post_was_ever_published":false,"_jetpack_newsletter_access":"","_jetpack_dont_email_post_to_subs":false,"_jetpack_newsletter_tier_id":0,"_jetpack_memberships_contains_paywalled_content":false,"_jetpack_memberships_contains_paid_content":false,"footnotes":"","jetpack_publicize_message":"","jetpack_publicize_feature_enabled":true,"jetpack_social_post_already_shared":true,"jetpack_social_options":{"image_generator_settings":{"template":"highway","default_image_id":0,"font":"","enabled":false},"version":2},"_wpas_customize_per_network":false},"categories":[5],"tags":[39,4212,4211,3618],"class_list":["post-27432","post","type-post","status-publish","format-standard","hentry","category-politica","tag-carlos-selva","tag-luis-ghione","tag-ruta","tag-union-usuarios-viales","generate-columns","tablet-grid-50","mobile-grid-100","grid-parent","grid-50"],"jetpack_publicize_connections":[],"jetpack_featured_media_url":"","wps_subtitle":"","jetpack_sharing_enabled":true,"_links":{"self":[{"href":"https:\/\/www.hoymercedes.com.ar\/principal\/wp-json\/wp\/v2\/posts\/27432","targetHints":{"allow":["GET"]}}],"collection":[{"href":"https:\/\/www.hoymercedes.com.ar\/principal\/wp-json\/wp\/v2\/posts"}],"about":[{"href":"https:\/\/www.hoymercedes.com.ar\/principal\/wp-json\/wp\/v2\/types\/post"}],"author":[{"embeddable":true,"href":"https:\/\/www.hoymercedes.com.ar\/principal\/wp-json\/wp\/v2\/users\/1"}],"replies":[{"embeddable":true,"href":"https:\/\/www.hoymercedes.com.ar\/principal\/wp-json\/wp\/v2\/comments?post=27432"}],"version-history":[{"count":0,"href":"https:\/\/www.hoymercedes.com.ar\/principal\/wp-json\/wp\/v2\/posts\/27432\/revisions"}],"wp:attachment":[{"href":"https:\/\/www.hoymercedes.com.ar\/principal\/wp-json\/wp\/v2\/media?parent=27432"}],"wp:term":[{"taxonomy":"category","embeddable":true,"href":"https:\/\/www.hoymercedes.com.ar\/principal\/wp-json\/wp\/v2\/categories?post=27432"},{"taxonomy":"post_tag","embeddable":true,"href":"https:\/\/www.hoymercedes.com.ar\/principal\/wp-json\/wp\/v2\/tags?post=27432"}],"curies":[{"name":"wp","href":"https:\/\/api.w.org\/{rel}","templated":true}]}}