{"id":27449,"date":"2013-11-20T14:39:06","date_gmt":"2013-11-20T14:39:06","guid":{"rendered":"http:\/\/www.hoymercedes.com.ar\/principal\/?p=27449"},"modified":"2013-11-20T14:39:06","modified_gmt":"2013-11-20T14:39:06","slug":"avanza-la-construccion-del-tercer-jardin-maternal","status":"publish","type":"post","link":"https:\/\/www.hoymercedes.com.ar\/principal\/2013\/11\/20\/avanza-la-construccion-del-tercer-jardin-maternal\/","title":{"rendered":"Avanza la construcci\u00f3n del tercer jard\u00edn maternal"},"content":{"rendered":"<p><a href=\"https:\/\/www.hoymercedes.com.ar\/principal\/wp-content\/uploads\/2013\/11\/jardinmaternal.jpg\"><img loading=\"lazy\" decoding=\"async\" data-attachment-id=\"27451\" data-permalink=\"https:\/\/www.hoymercedes.com.ar\/principal\/2013\/11\/20\/avanza-la-construccion-del-tercer-jardin-maternal\/jardinmaternal\/#main\" data-orig-file=\"https:\/\/www.hoymercedes.com.ar\/principal\/wp-content\/uploads\/2013\/11\/jardinmaternal.jpg\" data-orig-size=\"620,412\" data-comments-opened=\"1\" data-image-meta=\"{&quot;aperture&quot;:&quot;0&quot;,&quot;credit&quot;:&quot;&quot;,&quot;camera&quot;:&quot;&quot;,&quot;caption&quot;:&quot;&quot;,&quot;created_timestamp&quot;:&quot;0&quot;,&quot;copyright&quot;:&quot;&quot;,&quot;focal_length&quot;:&quot;0&quot;,&quot;iso&quot;:&quot;0&quot;,&quot;shutter_speed&quot;:&quot;0&quot;,&quot;title&quot;:&quot;&quot;}\" data-image-title=\"jardinmaternal\" data-image-description=\"\" data-image-caption=\"\" data-large-file=\"https:\/\/www.hoymercedes.com.ar\/principal\/wp-content\/uploads\/2013\/11\/jardinmaternal.jpg\" class=\"aligncenter size-full wp-image-27451\" alt=\"jardinmaternal\" src=\"https:\/\/www.hoymercedes.com.ar\/principal\/wp-content\/uploads\/2013\/11\/jardinmaternal.jpg\" width=\"620\" height=\"412\" \/><\/a><\/p>\n<p><em><strong>El anunciado tercer Jard\u00edn Maternal Municipal contin\u00faa avanzando. Las obras necesarias para que se convierta en una realidad contin\u00faan permitiendo ver ya gran parte de su estructura. El anuncio fue realizado tiempo atr\u00e1s por Carlos Selva en el momento que inauguraba la Sala de Atenci\u00f3n Primaria del barrio San Antonio. En dicho acto coment\u00f3 que pronto, en terrenos cercanos, se edificar\u00eda lo que hoy est\u00e1 siendo una realidad y se trata de un tercer jard\u00edn maternal municipal que beneficiar\u00e1 a varios barrios de la zona.<\/strong><\/em><\/p>\n<p>Gustavo Salomone coment\u00f3 que: \u201cPriorizando en la educaci\u00f3n , el Intendente Selva sigue a pleno con el plan de Obras Publicas en la Ciudad, y en este caso se viene construyendo a gran ritmo el nuevo Jard\u00edn Maternal en el coraz\u00f3n del Barrio San Antonio. Avanzamos en los revoques y se est\u00e1 a d\u00edas de techar la construcci\u00f3n\u201d.<\/p>\n<p>Mercedes ya posee dos en diversos puntos de la ciudad. Este, el tercero, ser\u00e1 un complemento importante ante una demanda social que no cesa. El mismo, como los anteriores, ser\u00e1 construido y sostenido desde la comuna.<\/p>\n","protected":false},"excerpt":{"rendered":"<p>El anunciado tercer Jard\u00edn Maternal Municipal contin\u00faa avanzando. Las obras necesarias para que se convierta en una realidad contin\u00faan permitiendo &#8230; <a title=\"Avanza la construcci\u00f3n del tercer jard\u00edn maternal\" class=\"read-more\" href=\"https:\/\/www.hoymercedes.com.ar\/principal\/2013\/11\/20\/avanza-la-construccion-del-tercer-jardin-maternal\/\" aria-label=\"Leer m\u00e1s sobre Avanza la construcci\u00f3n del tercer jard\u00edn maternal\">Leer m\u00e1s<\/a><\/p>\n","protected":false},"author":1,"featured_media":0,"comment_status":"open","ping_status":"open","sticky":false,"template":"","format":"standard","meta":{"_monsterinsights_skip_tracking":false,"_monsterinsights_sitenote_active":false,"_monsterinsights_sitenote_note":"","_monsterinsights_sitenote_category":0,"jetpack_post_was_ever_published":false,"_jetpack_newsletter_access":"","_jetpack_dont_email_post_to_subs":false,"_jetpack_newsletter_tier_id":0,"_jetpack_memberships_contains_paywalled_content":false,"_jetpack_memberships_contains_paid_content":false,"footnotes":"","jetpack_publicize_message":"","jetpack_publicize_feature_enabled":true,"jetpack_social_post_already_shared":true,"jetpack_social_options":{"image_generator_settings":{"template":"highway","default_image_id":0,"font":"","enabled":false},"version":2},"_wpas_customize_per_network":false},"categories":[30],"tags":[4217,1173],"class_list":["post-27449","post","type-post","status-publish","format-standard","hentry","category-municipio","tag-avanza-la-construccion-del-tercer-jardin-maternal","tag-salomone","generate-columns","tablet-grid-50","mobile-grid-100","grid-parent","grid-50"],"jetpack_publicize_connections":[],"jetpack_featured_media_url":"","wps_subtitle":"","jetpack_sharing_enabled":true,"_links":{"self":[{"href":"https:\/\/www.hoymercedes.com.ar\/principal\/wp-json\/wp\/v2\/posts\/27449","targetHints":{"allow":["GET"]}}],"collection":[{"href":"https:\/\/www.hoymercedes.com.ar\/principal\/wp-json\/wp\/v2\/posts"}],"about":[{"href":"https:\/\/www.hoymercedes.com.ar\/principal\/wp-json\/wp\/v2\/types\/post"}],"author":[{"embeddable":true,"href":"https:\/\/www.hoymercedes.com.ar\/principal\/wp-json\/wp\/v2\/users\/1"}],"replies":[{"embeddable":true,"href":"https:\/\/www.hoymercedes.com.ar\/principal\/wp-json\/wp\/v2\/comments?post=27449"}],"version-history":[{"count":0,"href":"https:\/\/www.hoymercedes.com.ar\/principal\/wp-json\/wp\/v2\/posts\/27449\/revisions"}],"wp:attachment":[{"href":"https:\/\/www.hoymercedes.com.ar\/principal\/wp-json\/wp\/v2\/media?parent=27449"}],"wp:term":[{"taxonomy":"category","embeddable":true,"href":"https:\/\/www.hoymercedes.com.ar\/principal\/wp-json\/wp\/v2\/categories?post=27449"},{"taxonomy":"post_tag","embeddable":true,"href":"https:\/\/www.hoymercedes.com.ar\/principal\/wp-json\/wp\/v2\/tags?post=27449"}],"curies":[{"name":"wp","href":"https:\/\/api.w.org\/{rel}","templated":true}]}}