{"id":2748,"date":"2011-03-12T18:43:13","date_gmt":"2011-03-12T18:43:13","guid":{"rendered":"http:\/\/www.hoymercedes.com.ar\/principal\/?p=2748"},"modified":"2011-03-12T18:43:13","modified_gmt":"2011-03-12T18:43:13","slug":"incorporan-nuevo-personal-en-el-blas-l-dubarry","status":"publish","type":"post","link":"https:\/\/www.hoymercedes.com.ar\/principal\/2011\/03\/12\/incorporan-nuevo-personal-en-el-blas-l-dubarry\/","title":{"rendered":"Incorporan nuevo personal en el Blas L Dubarry"},"content":{"rendered":"<p>En la \u00faltimas horas se ha producido la incorporaci\u00f3n de nuevo personal a la planta efectiva del hospital Blas L Dubarry. Se trata de un m\u00e9dico Ginec\u00f3logo que estar\u00e1  de guardia en dicho servicio los domingos, se trata de un profesional que regularmente se desempe\u00f1a en el Servicio de Ginecolog\u00eda el Hospital de Jun\u00edn.<\/p>\n<p>Por otra parte en un \u00e1rea que en los \u00faltimos tiempos ha acrecentado el n\u00famero de prestaciones diarias que efect\u00faa, especialmente los fines de semana, el Consultorio de Guardia, se va a contar con una persona administrativa que tendr\u00e1 a su cargo todo lo relacionado  con los datos de indentidad del paciente, tipo de patolog\u00eda que presenta y estado general para que dicha informaci\u00f3n llegue r\u00e1pidamente al consultorio y all\u00ed se eval\u00fae la situaci\u00f3n.<\/p>\n<p>Seg\u00fan el Director del centro asistencial, Rodolfo Principi, \u201cel trabajo de esta persona ayudar\u00e1  a que el paciente que concurre al consultorio de guardia no deba esperar tanto para ser atendido, es decir que en definitiva se trata de algo muy positivo para quienes a diario recurren a nosotros ante cualquier problema de salud\u201d<\/p>\n<p>&nbsp;<\/p>\n<p>M\u00e1s adelante Principi sostuvo que se hab\u00eda firmado un acuerdo con representantes de la empresa que fabrica los pa\u00f1ales Pumper para que  desde ahora en adelante todos los ni\u00f1os  cuyos nacimientos se produzcan en el hospital tendr\u00e1n de manera gratuita los pa\u00f1ales  hasta que dejen de hacerlo.<\/p>\n<p>Para ello una vez que la mam\u00e1  se retira del hospital luego de dar a luz, deber\u00e1 una vez por mes concurrir para recibir la bolsa correspondiente  y se aprovechar\u00e1 la oportunidad para realizar un control en el ni\u00f1o.<\/p>\n<p>Por \u00faltimo el Dr. Rodolfo Principi se refiri\u00f3 a los problemas que genera la demora en el pago de prestaciones efectuadas a Obras Sociales, especialmente IOMA y el PAMI que en conjunto han acumulado una deuda que supera el Mill\u00f3n de Pesos que a pesar de las diferentes reuniones realizadas con responsables de las citadas Obras Sociales quienes manifiestan no contar con las partidas de dinero suficiente para cancelar dichas deudas.<\/p>\n","protected":false},"excerpt":{"rendered":"<p>En la \u00faltimas horas se ha producido la incorporaci\u00f3n de nuevo personal a la planta efectiva del hospital Blas L &#8230; <a title=\"Incorporan nuevo personal en el Blas L Dubarry\" class=\"read-more\" href=\"https:\/\/www.hoymercedes.com.ar\/principal\/2011\/03\/12\/incorporan-nuevo-personal-en-el-blas-l-dubarry\/\" aria-label=\"Leer m\u00e1s sobre Incorporan nuevo personal en el Blas L Dubarry\">Leer m\u00e1s<\/a><\/p>\n","protected":false},"author":1,"featured_media":0,"comment_status":"open","ping_status":"open","sticky":false,"template":"","format":"standard","meta":{"_monsterinsights_skip_tracking":false,"_monsterinsights_sitenote_active":false,"_monsterinsights_sitenote_note":"","_monsterinsights_sitenote_category":0,"jetpack_post_was_ever_published":false,"_jetpack_newsletter_access":"","_jetpack_dont_email_post_to_subs":false,"_jetpack_newsletter_tier_id":0,"_jetpack_memberships_contains_paywalled_content":false,"_jetpack_memberships_contains_paid_content":false,"footnotes":"","jetpack_publicize_message":"","jetpack_publicize_feature_enabled":true,"jetpack_social_post_already_shared":false,"jetpack_social_options":{"image_generator_settings":{"template":"highway","default_image_id":0,"font":"","enabled":false},"version":2},"_wpas_customize_per_network":false},"categories":[8],"tags":[532,140],"class_list":["post-2748","post","type-post","status-publish","format-standard","hentry","category-sociedad","tag-fito-principi","tag-hospital-dubarry","generate-columns","tablet-grid-50","mobile-grid-100","grid-parent","grid-50"],"jetpack_publicize_connections":[],"jetpack_featured_media_url":"","wps_subtitle":"","jetpack_sharing_enabled":true,"_links":{"self":[{"href":"https:\/\/www.hoymercedes.com.ar\/principal\/wp-json\/wp\/v2\/posts\/2748","targetHints":{"allow":["GET"]}}],"collection":[{"href":"https:\/\/www.hoymercedes.com.ar\/principal\/wp-json\/wp\/v2\/posts"}],"about":[{"href":"https:\/\/www.hoymercedes.com.ar\/principal\/wp-json\/wp\/v2\/types\/post"}],"author":[{"embeddable":true,"href":"https:\/\/www.hoymercedes.com.ar\/principal\/wp-json\/wp\/v2\/users\/1"}],"replies":[{"embeddable":true,"href":"https:\/\/www.hoymercedes.com.ar\/principal\/wp-json\/wp\/v2\/comments?post=2748"}],"version-history":[{"count":0,"href":"https:\/\/www.hoymercedes.com.ar\/principal\/wp-json\/wp\/v2\/posts\/2748\/revisions"}],"wp:attachment":[{"href":"https:\/\/www.hoymercedes.com.ar\/principal\/wp-json\/wp\/v2\/media?parent=2748"}],"wp:term":[{"taxonomy":"category","embeddable":true,"href":"https:\/\/www.hoymercedes.com.ar\/principal\/wp-json\/wp\/v2\/categories?post=2748"},{"taxonomy":"post_tag","embeddable":true,"href":"https:\/\/www.hoymercedes.com.ar\/principal\/wp-json\/wp\/v2\/tags?post=2748"}],"curies":[{"name":"wp","href":"https:\/\/api.w.org\/{rel}","templated":true}]}}