{"id":276,"date":"2010-11-14T15:03:48","date_gmt":"2010-11-14T15:03:48","guid":{"rendered":"http:\/\/www.hoymercedes.com.ar\/principal\/?p=276"},"modified":"2010-11-14T15:03:48","modified_gmt":"2010-11-14T15:03:48","slug":"directivos-y-docentes-de-ingenieria-de-la-uba-se-reunieron-con-alumnos-que-egresan","status":"publish","type":"post","link":"https:\/\/www.hoymercedes.com.ar\/principal\/2010\/11\/14\/directivos-y-docentes-de-ingenieria-de-la-uba-se-reunieron-con-alumnos-que-egresan\/","title":{"rendered":"Directivos y docentes de Ingenier\u00eda de la UBA se reunieron con alumnos que egresan"},"content":{"rendered":"<p style=\"text-align: justify;\">\n<figure id=\"attachment_278\" aria-describedby=\"caption-attachment-278\" style=\"width: 230px\" class=\"wp-caption alignleft\"><a href=\"https:\/\/www.hoymercedes.com.ar\/principal\/wp-content\/uploads\/2010\/11\/inguba1.jpg\"><img loading=\"lazy\" decoding=\"async\" data-attachment-id=\"278\" data-permalink=\"https:\/\/www.hoymercedes.com.ar\/principal\/2010\/11\/14\/directivos-y-docentes-de-ingenieria-de-la-uba-se-reunieron-con-alumnos-que-egresan\/inguba1\/#main\" data-orig-file=\"https:\/\/www.hoymercedes.com.ar\/principal\/wp-content\/uploads\/2010\/11\/inguba1.jpg\" data-orig-size=\"400,300\" data-comments-opened=\"1\" data-image-meta=\"{&quot;aperture&quot;:&quot;2.8&quot;,&quot;credit&quot;:&quot;&quot;,&quot;camera&quot;:&quot;COOLPIX L10&quot;,&quot;caption&quot;:&quot;&quot;,&quot;created_timestamp&quot;:&quot;1289369400&quot;,&quot;copyright&quot;:&quot;Copyright 2006&quot;,&quot;focal_length&quot;:&quot;6.2&quot;,&quot;iso&quot;:&quot;400&quot;,&quot;shutter_speed&quot;:&quot;0.016666666666667&quot;,&quot;title&quot;:&quot;&quot;}\" data-image-title=\"inguba1\" data-image-description=\"&lt;p&gt;Estudiantes mercedinos escuchan a representantes de la UBA&lt;\/p&gt;\n\" data-image-caption=\"&lt;p&gt;Estudiantes mercedinos escuchan a representantes de la UBA&lt;\/p&gt;\n\" data-large-file=\"https:\/\/www.hoymercedes.com.ar\/principal\/wp-content\/uploads\/2010\/11\/inguba1.jpg\" class=\"size-full wp-image-278 \" title=\"inguba1\" src=\"https:\/\/www.hoymercedes.com.ar\/principal\/wp-content\/uploads\/2010\/11\/inguba1.jpg\" alt=\"Estudiantes mercedinos escuchan a representantes de la UBA\" width=\"240\" height=\"180\" \/><\/a><figcaption id=\"caption-attachment-278\" class=\"wp-caption-text\">Estudiantes mercedinos escuchan a representantes de la UBA<\/figcaption><\/figure>\n<p>Con el prop\u00f3sito de dar a conocer a los alumnos que egresan este a\u00f1o desde la escuela de Ense\u00f1anza T\u00e9cnica 1 de nuestra ciudad, (ex Industrial) detalles sobre diferentes posibilidades de estudios,\u00a0 se hicieron presentes ayer integrantes del equipo directivo de la Facultad de Ingenier\u00eda perteneciente a la Universidad Nacional de Buenos Aires.<\/p>\n<p style=\"text-align: justify;\">La Directora de Comunicaciones Universitarias de la Facultad de Ingenier\u00eda, Ing. Susana Rodr\u00edguez sostuvo al referirse a\u00a0 los motivos que impulsaron la visita a nuestra ciudad \u201cen realidad este es un trabajo que siempre realizamos llegada esta fecha en las escuelas de capital Federal y de las principales localidades del gran Buenos Aires ya que por una cuesti\u00f3n de proximidad con nuestra Facultad se abren interesantes posibilidades para que un determinado grupo de alumnos que egresan del secundario este a\u00f1o opten por algunas de las variantes que les estamos ofreciendo en Ingenier\u00eda\u00a0 desde nuestra Facultad.<\/p>\n<p style=\"text-align: justify;\">En esta oportunidad tambi\u00e9n contamos con la compa\u00f1\u00eda como apoyo muy importante de dos docentes quienes especialmente dialogaron con los chicos acerca del CBC, de como cursar una carrera universitaria y como\u00a0 lo manifest\u00e9 cuales son las variantes que les podemos ofrecer.<\/p>\n<p style=\"text-align: justify;\">Por otra parte procedimos a proyectar un video institucional en el que los alumnos de esta Escuela Industrial pudieron observarlas doce especialidades que ofrece Ingenier\u00eda y al mismo tiempo les comunicamos que somos muy gustosos de que puedan ir a Capital y conocer lo que es la facultad, las instalaciones en general, los laboratorios y poder de esa manera conversar con j\u00f3venes que ya se encuentran cursando en la misma, pretendemos que ellos se lleven una idea realmente completa de lo que es poder seguir una carrera universitaria as\u00ed que resolvimos aceptar la invitaci\u00f3n que nos efectuara el Intendente Municipal de esta ciudad para venir a conversar con los chicos de esta escuela mercedina.<\/p>\n<p style=\"text-align: justify;\">En hora de la tarde vamos a repetir esta experiencia con los alumnos de dicho turno es decir que estaremos en Mercedes varias horas\u201d.<\/p>\n<p style=\"text-align: justify;\">\n<figure id=\"attachment_279\" aria-describedby=\"caption-attachment-279\" style=\"width: 290px\" class=\"wp-caption alignright\"><a href=\"https:\/\/www.hoymercedes.com.ar\/principal\/wp-content\/uploads\/2010\/11\/inguba2.jpg\"><img loading=\"lazy\" decoding=\"async\" data-attachment-id=\"279\" data-permalink=\"https:\/\/www.hoymercedes.com.ar\/principal\/2010\/11\/14\/directivos-y-docentes-de-ingenieria-de-la-uba-se-reunieron-con-alumnos-que-egresan\/inguba2\/#main\" data-orig-file=\"https:\/\/www.hoymercedes.com.ar\/principal\/wp-content\/uploads\/2010\/11\/inguba2.jpg\" data-orig-size=\"400,300\" data-comments-opened=\"1\" data-image-meta=\"{&quot;aperture&quot;:&quot;3.4&quot;,&quot;credit&quot;:&quot;&quot;,&quot;camera&quot;:&quot;COOLPIX L10&quot;,&quot;caption&quot;:&quot;&quot;,&quot;created_timestamp&quot;:&quot;1289369430&quot;,&quot;copyright&quot;:&quot;Copyright 2006&quot;,&quot;focal_length&quot;:&quot;9&quot;,&quot;iso&quot;:&quot;400&quot;,&quot;shutter_speed&quot;:&quot;0.016666666666667&quot;,&quot;title&quot;:&quot;&quot;}\" data-image-title=\"inguba2\" data-image-description=\"&lt;p&gt;Representantes UBA en Mercedes&lt;\/p&gt;\n\" data-image-caption=\"&lt;p&gt;Representantes UBA en Mercedes&lt;\/p&gt;\n\" data-large-file=\"https:\/\/www.hoymercedes.com.ar\/principal\/wp-content\/uploads\/2010\/11\/inguba2.jpg\" class=\"size-medium wp-image-279\" title=\"inguba2\" src=\"https:\/\/www.hoymercedes.com.ar\/principal\/wp-content\/uploads\/2010\/11\/inguba2-300x225.jpg\" alt=\"Representantes UBA en Mercedes\" width=\"300\" height=\"225\" srcset=\"https:\/\/www.hoymercedes.com.ar\/principal\/wp-content\/uploads\/2010\/11\/inguba2-300x225.jpg 300w, https:\/\/www.hoymercedes.com.ar\/principal\/wp-content\/uploads\/2010\/11\/inguba2.jpg 400w\" sizes=\"auto, (max-width: 300px) 100vw, 300px\" \/><\/a><figcaption id=\"caption-attachment-279\" class=\"wp-caption-text\">Representantes UBA en Mercedes<\/figcaption><\/figure>\n<p style=\"text-align: justify;\">De acuerdo a los datos aportados por la funcionaria \u201clos j\u00f3venes mercedinos tienen la posibilidad de elegir las siguientes variantes dentro de lo que esencialmente es la carrera de ingenier\u00eda, las mismas son Ingenier\u00eda Civil, Ingenier\u00eda de Alimentos,\u00a0 Ingenier\u00eda Electr\u00f3nica, Ingenier\u00eda\u00a0 en Agrimensura, Ingenier\u00eda en Inform\u00e1tica, Ingenier\u00eda Industrial, Ingenier\u00eda Mec\u00e1nica, Ingenier\u00eda Naval y\u00a0 Mec\u00e1nica, Ingenier\u00eda Qu\u00edmica, Ingenier\u00eda en An\u00e1lisis de Sistemas e Ingenier\u00eda en Construcciones Navales.<\/p>\n<p style=\"text-align: justify;\">A cada alumno le hemos entregado una gu\u00eda con el detalle de lo que b\u00e1sicamente hace a la variante elegida, es decir que espacio ocupa y las posibilidades de salida laboral que ofrecen tanto en el \u00e1mbito privado como en el p\u00fablico y adem\u00e1s les dejamos toda la informaci\u00f3n necesaria sobre como hacer y donde para poder comenzar en primer t\u00e9rmino con el CBC y luego con la carrera propiamente dicha\u201d.<\/p>\n<p style=\"text-align: justify;\">\n","protected":false},"excerpt":{"rendered":"<p>Con el prop\u00f3sito de dar a conocer a los alumnos que egresan este a\u00f1o desde la escuela de Ense\u00f1anza T\u00e9cnica &#8230; <a title=\"Directivos y docentes de Ingenier\u00eda de la UBA se reunieron con alumnos que egresan\" class=\"read-more\" href=\"https:\/\/www.hoymercedes.com.ar\/principal\/2010\/11\/14\/directivos-y-docentes-de-ingenieria-de-la-uba-se-reunieron-con-alumnos-que-egresan\/\" aria-label=\"Leer m\u00e1s sobre Directivos y docentes de Ingenier\u00eda de la UBA se reunieron con alumnos que egresan\">Leer m\u00e1s<\/a><\/p>\n","protected":false},"author":1,"featured_media":0,"comment_status":"open","ping_status":"open","sticky":false,"template":"","format":"standard","meta":{"_monsterinsights_skip_tracking":false,"_monsterinsights_sitenote_active":false,"_monsterinsights_sitenote_note":"","_monsterinsights_sitenote_category":0,"jetpack_post_was_ever_published":false,"_jetpack_newsletter_access":"","_jetpack_dont_email_post_to_subs":false,"_jetpack_newsletter_tier_id":0,"_jetpack_memberships_contains_paywalled_content":false,"_jetpack_memberships_contains_paid_content":false,"footnotes":"","jetpack_publicize_message":"","jetpack_publicize_feature_enabled":true,"jetpack_social_post_already_shared":false,"jetpack_social_options":{"image_generator_settings":{"template":"highway","default_image_id":0,"font":"","enabled":false},"version":2},"_wpas_customize_per_network":false},"categories":[23],"tags":[70],"class_list":["post-276","post","type-post","status-publish","format-standard","hentry","category-educacion","tag-uba-mercedes","generate-columns","tablet-grid-50","mobile-grid-100","grid-parent","grid-50"],"jetpack_publicize_connections":[],"jetpack_featured_media_url":"","wps_subtitle":"","jetpack_sharing_enabled":true,"_links":{"self":[{"href":"https:\/\/www.hoymercedes.com.ar\/principal\/wp-json\/wp\/v2\/posts\/276","targetHints":{"allow":["GET"]}}],"collection":[{"href":"https:\/\/www.hoymercedes.com.ar\/principal\/wp-json\/wp\/v2\/posts"}],"about":[{"href":"https:\/\/www.hoymercedes.com.ar\/principal\/wp-json\/wp\/v2\/types\/post"}],"author":[{"embeddable":true,"href":"https:\/\/www.hoymercedes.com.ar\/principal\/wp-json\/wp\/v2\/users\/1"}],"replies":[{"embeddable":true,"href":"https:\/\/www.hoymercedes.com.ar\/principal\/wp-json\/wp\/v2\/comments?post=276"}],"version-history":[{"count":0,"href":"https:\/\/www.hoymercedes.com.ar\/principal\/wp-json\/wp\/v2\/posts\/276\/revisions"}],"wp:attachment":[{"href":"https:\/\/www.hoymercedes.com.ar\/principal\/wp-json\/wp\/v2\/media?parent=276"}],"wp:term":[{"taxonomy":"category","embeddable":true,"href":"https:\/\/www.hoymercedes.com.ar\/principal\/wp-json\/wp\/v2\/categories?post=276"},{"taxonomy":"post_tag","embeddable":true,"href":"https:\/\/www.hoymercedes.com.ar\/principal\/wp-json\/wp\/v2\/tags?post=276"}],"curies":[{"name":"wp","href":"https:\/\/api.w.org\/{rel}","templated":true}]}}