{"id":27785,"date":"2013-11-26T12:42:34","date_gmt":"2013-11-26T12:42:34","guid":{"rendered":"http:\/\/www.hoymercedes.com.ar\/principal\/?p=27785"},"modified":"2013-11-26T12:42:34","modified_gmt":"2013-11-26T12:42:34","slug":"barrio-favaloro-todo-listo-para-su-finalizacion-tras-firma-de-contrato","status":"publish","type":"post","link":"https:\/\/www.hoymercedes.com.ar\/principal\/2013\/11\/26\/barrio-favaloro-todo-listo-para-su-finalizacion-tras-firma-de-contrato\/","title":{"rendered":"Barrio Favaloro: todo listo para su finalizaci\u00f3n tras firma de contrato"},"content":{"rendered":"<figure id=\"attachment_27787\" aria-describedby=\"caption-attachment-27787\" style=\"width: 610px\" class=\"wp-caption aligncenter\"><a href=\"https:\/\/www.hoymercedes.com.ar\/principal\/wp-content\/uploads\/2013\/11\/barriofavaloro.jpg\"><img loading=\"lazy\" decoding=\"async\" data-attachment-id=\"27787\" data-permalink=\"https:\/\/www.hoymercedes.com.ar\/principal\/2013\/11\/26\/barrio-favaloro-todo-listo-para-su-finalizacion-tras-firma-de-contrato\/barriofavaloro-2\/#main\" data-orig-file=\"https:\/\/www.hoymercedes.com.ar\/principal\/wp-content\/uploads\/2013\/11\/barriofavaloro.jpg\" data-orig-size=\"620,465\" data-comments-opened=\"1\" data-image-meta=\"{&quot;aperture&quot;:&quot;0&quot;,&quot;credit&quot;:&quot;&quot;,&quot;camera&quot;:&quot;&quot;,&quot;caption&quot;:&quot;&quot;,&quot;created_timestamp&quot;:&quot;0&quot;,&quot;copyright&quot;:&quot;&quot;,&quot;focal_length&quot;:&quot;0&quot;,&quot;iso&quot;:&quot;0&quot;,&quot;shutter_speed&quot;:&quot;0&quot;,&quot;title&quot;:&quot;&quot;}\" data-image-title=\"barriofavaloro\" data-image-description=\"\" data-image-caption=\"\" data-large-file=\"https:\/\/www.hoymercedes.com.ar\/principal\/wp-content\/uploads\/2013\/11\/barriofavaloro.jpg\" class=\"size-full wp-image-27787\" alt=\"barriofavaloro\" src=\"https:\/\/www.hoymercedes.com.ar\/principal\/wp-content\/uploads\/2013\/11\/barriofavaloro.jpg\" width=\"620\" height=\"465\" \/><\/a><figcaption id=\"caption-attachment-27787\" class=\"wp-caption-text\">Foto: Gustavo Salomone, Secretario Obras P\u00fablicas, Mercedes.<\/figcaption><\/figure>\n<p><em><strong>En el d\u00eda de la fecha la empresa Chico Hnos recibir\u00e1 el adelanto de fondos previstos para la finalizaci\u00f3n del Barrio Favaloro, un tema que desde la gesti\u00f3n Carlos Selva hace tiempo vienen tratando de cerrar y que tanto preocupa a las familias beneficiadas.\u00a0<\/strong><\/em><\/p>\n<p>El anticipo lo otorga el Municipio tal como lo ha sido estimulado y bajo una firma de convenio aprobado por el Concejo Deliberante tras la propuesta que tiempo atr\u00e1s efectu\u00f3 el Departamento Ejecutivo.<\/p>\n<p>El Secretario de Obras, Gustavo Salomone, coment\u00f3 que el intendente ya firm\u00f3 los nuevos convenios y lo hizo junto a vecinos beneficiarios en la Sub Secretar\u00eda de Vivienda de la Naci\u00f3n en presencia del titular del \u00e1rea, Germ\u00e1n Nivello.<\/p>\n<p>De esta manera se avanza en un tema tan sensible para la comunidad de Mercedes con miras a solucionarse.<\/p>\n","protected":false},"excerpt":{"rendered":"<p>En el d\u00eda de la fecha la empresa Chico Hnos recibir\u00e1 el adelanto de fondos previstos para la finalizaci\u00f3n del &#8230; <a title=\"Barrio Favaloro: todo listo para su finalizaci\u00f3n tras firma de contrato\" class=\"read-more\" href=\"https:\/\/www.hoymercedes.com.ar\/principal\/2013\/11\/26\/barrio-favaloro-todo-listo-para-su-finalizacion-tras-firma-de-contrato\/\" aria-label=\"Leer m\u00e1s sobre Barrio Favaloro: todo listo para su finalizaci\u00f3n tras firma de contrato\">Leer m\u00e1s<\/a><\/p>\n","protected":false},"author":1,"featured_media":0,"comment_status":"open","ping_status":"open","sticky":false,"template":"","format":"standard","meta":{"_monsterinsights_skip_tracking":false,"_monsterinsights_sitenote_active":false,"_monsterinsights_sitenote_note":"","_monsterinsights_sitenote_category":0,"jetpack_post_was_ever_published":false,"_jetpack_newsletter_access":"","_jetpack_dont_email_post_to_subs":false,"_jetpack_newsletter_tier_id":0,"_jetpack_memberships_contains_paywalled_content":false,"_jetpack_memberships_contains_paid_content":false,"footnotes":"","jetpack_publicize_message":"","jetpack_publicize_feature_enabled":true,"jetpack_social_post_already_shared":true,"jetpack_social_options":{"image_generator_settings":{"template":"highway","default_image_id":0,"font":"","enabled":false},"version":2},"_wpas_customize_per_network":false},"categories":[30],"tags":[2063,39,229,4240],"class_list":["post-27785","post","type-post","status-publish","format-standard","hentry","category-municipio","tag-barrio-favaloro","tag-carlos-selva","tag-gustavo-salomone","tag-obras-barrio-favaloro","generate-columns","tablet-grid-50","mobile-grid-100","grid-parent","grid-50"],"jetpack_publicize_connections":[],"jetpack_featured_media_url":"","wps_subtitle":"","jetpack_sharing_enabled":true,"_links":{"self":[{"href":"https:\/\/www.hoymercedes.com.ar\/principal\/wp-json\/wp\/v2\/posts\/27785","targetHints":{"allow":["GET"]}}],"collection":[{"href":"https:\/\/www.hoymercedes.com.ar\/principal\/wp-json\/wp\/v2\/posts"}],"about":[{"href":"https:\/\/www.hoymercedes.com.ar\/principal\/wp-json\/wp\/v2\/types\/post"}],"author":[{"embeddable":true,"href":"https:\/\/www.hoymercedes.com.ar\/principal\/wp-json\/wp\/v2\/users\/1"}],"replies":[{"embeddable":true,"href":"https:\/\/www.hoymercedes.com.ar\/principal\/wp-json\/wp\/v2\/comments?post=27785"}],"version-history":[{"count":0,"href":"https:\/\/www.hoymercedes.com.ar\/principal\/wp-json\/wp\/v2\/posts\/27785\/revisions"}],"wp:attachment":[{"href":"https:\/\/www.hoymercedes.com.ar\/principal\/wp-json\/wp\/v2\/media?parent=27785"}],"wp:term":[{"taxonomy":"category","embeddable":true,"href":"https:\/\/www.hoymercedes.com.ar\/principal\/wp-json\/wp\/v2\/categories?post=27785"},{"taxonomy":"post_tag","embeddable":true,"href":"https:\/\/www.hoymercedes.com.ar\/principal\/wp-json\/wp\/v2\/tags?post=27785"}],"curies":[{"name":"wp","href":"https:\/\/api.w.org\/{rel}","templated":true}]}}