{"id":2784,"date":"2011-03-14T22:56:38","date_gmt":"2011-03-14T22:56:38","guid":{"rendered":"http:\/\/www.hoymercedes.com.ar\/principal\/?p=2784"},"modified":"2011-03-14T22:59:33","modified_gmt":"2011-03-14T22:59:33","slug":"la-artista-local-fernanda-ottolini-homenajeada-junto-a-grupo-de-mujeres-en-en-suipacha","status":"publish","type":"post","link":"https:\/\/www.hoymercedes.com.ar\/principal\/2011\/03\/14\/la-artista-local-fernanda-ottolini-homenajeada-junto-a-grupo-de-mujeres-en-en-suipacha\/","title":{"rendered":"La artista local Fernanda Ottolini homenajeada junto a grupo de mujeres en Suipacha"},"content":{"rendered":"<p>La artista mercedina Fernanda Ottolini fue una de las 17 mujeres que el pasado 10 de marzo fueron homenajeadas en la vecina ciudad de Suipacha por la \u201cAsociaci\u00f3n Civil Comunitaria Suipacha para Todos\u201d en relaci\u00f3n al D\u00eda Internacional de la Mujer.<\/p>\n<p>En dicho acto estuvieron presentes casi doscientas personas que sobrepasaron el espacio del sal\u00f3n destinado al encuentro y ocupando tambi\u00e9n el patio de la sede de la Asociaci\u00f3n donde se homenajearon a mujeres destacadas de la ciudad de Suipacha y a la cantante local Fernanda Ottolini qui\u00e9n desde el \u00a02004 asiste en diversos momentos del a\u00f1o a efectuar shows a la ciudad y tambi\u00e9n a animar actividades de la Asociaci\u00f3n.<\/p>\n<p>La Asociaci\u00f3n Civil Comunitaria Suipacha Para Todos desarrolla diversas actividades sociales en pos de los que m\u00e1s necesitan desplegando un abanico de acciones que involucran a j\u00f3venes y adultos. Desde roperitos a comedores, desde murgas a capacitaciones o encuentros recreativos son parte de la realidad cotidiana de la Asociaci\u00f3n.<\/p>\n<p>Las mujeres homenajeadas pertenecen a diversos \u00e1mbitos de la sociedad: salud, educaci\u00f3n, comercio, cultura, rubro este \u00faltimo en el cu\u00e1l los integrantes de la Asociaci\u00f3n incorporaron a Fernanda Ottolini por sus \u00a0constantes aportes a la cultura y compromiso solidario en dicha ciudad.<\/p>\n<p>La Asociaci\u00f3n tiene un sitio web: <a href=\"http:\/\/www.suipachaparatodos.org.ar\/\" target=\"_blank\" rel=\"noopener\">www.suipachaparatodos.org.ar<\/a> recientemente lanzado que a\u00fan se encuentra incorporando informaci\u00f3n sobre las tareas que lleva adelante.<\/p>\n<p>Su sede es un constante desfilar de j\u00f3venes, adultos y ni\u00f1os que se sienten parte de la comunidad y con una voluntad de trabajo destacada.<\/p>\n<p>Luego de las entregas de pergaminos, flores y palabras alusivas los presentes compartieron bebidas frescas, tortas, sorteos y el show de Fernanda Ottolini.<\/p>\n<p><a href=\"https:\/\/www.hoymercedes.com.ar\/principal\/wp-content\/uploads\/2011\/03\/fernandaottolinispt.jpg\"><img loading=\"lazy\" decoding=\"async\" data-attachment-id=\"2786\" data-permalink=\"https:\/\/www.hoymercedes.com.ar\/principal\/2011\/03\/14\/la-artista-local-fernanda-ottolini-homenajeada-junto-a-grupo-de-mujeres-en-en-suipacha\/fernandaottolinispt\/#main\" data-orig-file=\"https:\/\/www.hoymercedes.com.ar\/principal\/wp-content\/uploads\/2011\/03\/fernandaottolinispt.jpg\" data-orig-size=\"500,375\" data-comments-opened=\"1\" data-image-meta=\"{&quot;aperture&quot;:&quot;0&quot;,&quot;credit&quot;:&quot;&quot;,&quot;camera&quot;:&quot;&quot;,&quot;caption&quot;:&quot;&quot;,&quot;created_timestamp&quot;:&quot;0&quot;,&quot;copyright&quot;:&quot;&quot;,&quot;focal_length&quot;:&quot;0&quot;,&quot;iso&quot;:&quot;0&quot;,&quot;shutter_speed&quot;:&quot;0&quot;,&quot;title&quot;:&quot;&quot;}\" data-image-title=\"fernandaottolinispt\" data-image-description=\"\" data-image-caption=\"\" data-large-file=\"https:\/\/www.hoymercedes.com.ar\/principal\/wp-content\/uploads\/2011\/03\/fernandaottolinispt.jpg\" class=\"size-full wp-image-2786 aligncenter\" title=\"fernandaottolinispt\" src=\"https:\/\/www.hoymercedes.com.ar\/principal\/wp-content\/uploads\/2011\/03\/fernandaottolinispt.jpg\" alt=\"\" width=\"500\" height=\"375\" \/><\/a><\/p>\n<p><a href=\"https:\/\/www.hoymercedes.com.ar\/principal\/wp-content\/uploads\/2011\/03\/suipachaparatodosmujer.jpg\"><img loading=\"lazy\" decoding=\"async\" data-attachment-id=\"2787\" data-permalink=\"https:\/\/www.hoymercedes.com.ar\/principal\/2011\/03\/14\/la-artista-local-fernanda-ottolini-homenajeada-junto-a-grupo-de-mujeres-en-en-suipacha\/suipachaparatodosmujer\/#main\" data-orig-file=\"https:\/\/www.hoymercedes.com.ar\/principal\/wp-content\/uploads\/2011\/03\/suipachaparatodosmujer.jpg\" data-orig-size=\"500,375\" data-comments-opened=\"1\" data-image-meta=\"{&quot;aperture&quot;:&quot;0&quot;,&quot;credit&quot;:&quot;&quot;,&quot;camera&quot;:&quot;&quot;,&quot;caption&quot;:&quot;&quot;,&quot;created_timestamp&quot;:&quot;0&quot;,&quot;copyright&quot;:&quot;&quot;,&quot;focal_length&quot;:&quot;0&quot;,&quot;iso&quot;:&quot;0&quot;,&quot;shutter_speed&quot;:&quot;0&quot;,&quot;title&quot;:&quot;&quot;}\" data-image-title=\"suipachaparatodosmujer\" data-image-description=\"\" data-image-caption=\"\" data-large-file=\"https:\/\/www.hoymercedes.com.ar\/principal\/wp-content\/uploads\/2011\/03\/suipachaparatodosmujer.jpg\" class=\"aligncenter size-full wp-image-2787\" title=\"suipachaparatodosmujer\" src=\"https:\/\/www.hoymercedes.com.ar\/principal\/wp-content\/uploads\/2011\/03\/suipachaparatodosmujer.jpg\" alt=\"\" width=\"500\" height=\"375\" srcset=\"https:\/\/www.hoymercedes.com.ar\/principal\/wp-content\/uploads\/2011\/03\/suipachaparatodosmujer.jpg 500w, https:\/\/www.hoymercedes.com.ar\/principal\/wp-content\/uploads\/2011\/03\/suipachaparatodosmujer-300x225.jpg 300w\" sizes=\"auto, (max-width: 500px) 100vw, 500px\" \/><\/a><\/p>\n<p style=\"text-align: center;\">&nbsp;<\/p>\n","protected":false},"excerpt":{"rendered":"<p>La artista mercedina Fernanda Ottolini fue una de las 17 mujeres que el pasado 10 de marzo fueron homenajeadas en &#8230; <a title=\"La artista local Fernanda Ottolini homenajeada junto a grupo de mujeres en Suipacha\" class=\"read-more\" href=\"https:\/\/www.hoymercedes.com.ar\/principal\/2011\/03\/14\/la-artista-local-fernanda-ottolini-homenajeada-junto-a-grupo-de-mujeres-en-en-suipacha\/\" aria-label=\"Leer m\u00e1s sobre La artista local Fernanda Ottolini homenajeada junto a grupo de mujeres en Suipacha\">Leer m\u00e1s<\/a><\/p>\n","protected":false},"author":1,"featured_media":0,"comment_status":"open","ping_status":"open","sticky":false,"template":"","format":"standard","meta":{"_monsterinsights_skip_tracking":false,"_monsterinsights_sitenote_active":false,"_monsterinsights_sitenote_note":"","_monsterinsights_sitenote_category":0,"jetpack_post_was_ever_published":false,"_jetpack_newsletter_access":"","_jetpack_dont_email_post_to_subs":false,"_jetpack_newsletter_tier_id":0,"_jetpack_memberships_contains_paywalled_content":false,"_jetpack_memberships_contains_paid_content":false,"footnotes":"","jetpack_publicize_message":"","jetpack_publicize_feature_enabled":true,"jetpack_social_post_already_shared":false,"jetpack_social_options":{"image_generator_settings":{"template":"highway","default_image_id":0,"font":"","enabled":false},"version":2},"_wpas_customize_per_network":false},"categories":[8],"tags":[558,272,559],"class_list":["post-2784","post","type-post","status-publish","format-standard","hentry","category-sociedad","tag-asociacion-civil-suipacha-para-todos","tag-fernanda-ottolini","tag-suipacha","generate-columns","tablet-grid-50","mobile-grid-100","grid-parent","grid-50"],"jetpack_publicize_connections":[],"jetpack_featured_media_url":"","wps_subtitle":"","jetpack_sharing_enabled":true,"_links":{"self":[{"href":"https:\/\/www.hoymercedes.com.ar\/principal\/wp-json\/wp\/v2\/posts\/2784","targetHints":{"allow":["GET"]}}],"collection":[{"href":"https:\/\/www.hoymercedes.com.ar\/principal\/wp-json\/wp\/v2\/posts"}],"about":[{"href":"https:\/\/www.hoymercedes.com.ar\/principal\/wp-json\/wp\/v2\/types\/post"}],"author":[{"embeddable":true,"href":"https:\/\/www.hoymercedes.com.ar\/principal\/wp-json\/wp\/v2\/users\/1"}],"replies":[{"embeddable":true,"href":"https:\/\/www.hoymercedes.com.ar\/principal\/wp-json\/wp\/v2\/comments?post=2784"}],"version-history":[{"count":0,"href":"https:\/\/www.hoymercedes.com.ar\/principal\/wp-json\/wp\/v2\/posts\/2784\/revisions"}],"wp:attachment":[{"href":"https:\/\/www.hoymercedes.com.ar\/principal\/wp-json\/wp\/v2\/media?parent=2784"}],"wp:term":[{"taxonomy":"category","embeddable":true,"href":"https:\/\/www.hoymercedes.com.ar\/principal\/wp-json\/wp\/v2\/categories?post=2784"},{"taxonomy":"post_tag","embeddable":true,"href":"https:\/\/www.hoymercedes.com.ar\/principal\/wp-json\/wp\/v2\/tags?post=2784"}],"curies":[{"name":"wp","href":"https:\/\/api.w.org\/{rel}","templated":true}]}}