{"id":27938,"date":"2013-12-02T21:02:45","date_gmt":"2013-12-02T21:02:45","guid":{"rendered":"http:\/\/www.hoymercedes.com.ar\/principal\/?p=27938"},"modified":"2013-12-02T21:02:45","modified_gmt":"2013-12-02T21:02:45","slug":"natalia-guimelli-expone-circo-muestra-fotografica","status":"publish","type":"post","link":"https:\/\/www.hoymercedes.com.ar\/principal\/2013\/12\/02\/natalia-guimelli-expone-circo-muestra-fotografica\/","title":{"rendered":"Natalia Guimelli expone \u00abCirco\u00bb, muestra fotogr\u00e1fica"},"content":{"rendered":"<p><img loading=\"lazy\" decoding=\"async\" data-attachment-id=\"27940\" data-permalink=\"https:\/\/www.hoymercedes.com.ar\/principal\/2013\/12\/02\/natalia-guimelli-expone-circo-muestra-fotografica\/nataliagiumelli\/#main\" data-orig-file=\"https:\/\/www.hoymercedes.com.ar\/principal\/wp-content\/uploads\/2013\/12\/nataliagiumelli.jpg\" data-orig-size=\"620,877\" data-comments-opened=\"1\" data-image-meta=\"{&quot;aperture&quot;:&quot;0&quot;,&quot;credit&quot;:&quot;&quot;,&quot;camera&quot;:&quot;&quot;,&quot;caption&quot;:&quot;&quot;,&quot;created_timestamp&quot;:&quot;0&quot;,&quot;copyright&quot;:&quot;&quot;,&quot;focal_length&quot;:&quot;0&quot;,&quot;iso&quot;:&quot;0&quot;,&quot;shutter_speed&quot;:&quot;0&quot;,&quot;title&quot;:&quot;&quot;}\" data-image-title=\"nataliagiumelli\" data-image-description=\"\" data-image-caption=\"\" data-large-file=\"https:\/\/www.hoymercedes.com.ar\/principal\/wp-content\/uploads\/2013\/12\/nataliagiumelli.jpg\" class=\"aligncenter size-full wp-image-27940\" alt=\"nataliagiumelli\" src=\"https:\/\/www.hoymercedes.com.ar\/principal\/wp-content\/uploads\/2013\/12\/nataliagiumelli.jpg\" width=\"620\" height=\"877\" srcset=\"https:\/\/www.hoymercedes.com.ar\/principal\/wp-content\/uploads\/2013\/12\/nataliagiumelli.jpg 620w, https:\/\/www.hoymercedes.com.ar\/principal\/wp-content\/uploads\/2013\/12\/nataliagiumelli-438x620.jpg 438w\" sizes=\"auto, (max-width: 620px) 100vw, 620px\" \/><\/p>\n<p><em><strong>La Direcci\u00f3n\u00a0de Cultura, continuando con el programa de exposiciones en el primer piso del Centro Cultural Teatro Argentino \u201cJulio C. Gioscio\u201d, invita este viernes 6 de diciembre a las 21 hs, a la inauguraci\u00f3n de CIRCO, una muestra fotogr\u00e1fica de Natalia Giumelli.<\/strong><\/em><\/p>\n<p>La \u00faltima ganadora del Sal\u00f3n Anual de Fotograf\u00eda, presenta un trabajo muy particular, ahondando en el quehacer del circo y su participantes tras de escena. Mariano Fuaz, colaborador y curador de CIRCO, lo entiende como \u201cun ensayo sobre la vida circense lejos de los mercados medi\u00e1ticos, cerca de la tradici\u00f3n ambulante&#8230; Circo es el retrato de lo real tras la fantas\u00eda de la funci\u00f3n\u201d.<\/p>\n<div>\n<p>La despedida del a\u00f1o y el cierre del ciclo de exposiciones del foyer, son dos motivos significativos para disfrutar del trabajo de una artista que con un ojo sensible y tenaz, ha sabido retratar la cruda realidad del espect\u00e1culo circense en nuestros d\u00edas.<\/p>\n<p><span style=\"color: #888888;\">Fuente: Municipio<\/span><\/p>\n<\/div>\n","protected":false},"excerpt":{"rendered":"<p>La Direcci\u00f3n\u00a0de Cultura, continuando con el programa de exposiciones en el primer piso del Centro Cultural Teatro Argentino \u201cJulio C. &#8230; <a title=\"Natalia Guimelli expone \u00abCirco\u00bb, muestra fotogr\u00e1fica\" class=\"read-more\" href=\"https:\/\/www.hoymercedes.com.ar\/principal\/2013\/12\/02\/natalia-guimelli-expone-circo-muestra-fotografica\/\" aria-label=\"Leer m\u00e1s sobre Natalia Guimelli expone \u00abCirco\u00bb, muestra fotogr\u00e1fica\">Leer m\u00e1s<\/a><\/p>\n","protected":false},"author":1,"featured_media":0,"comment_status":"open","ping_status":"open","sticky":false,"template":"","format":"standard","meta":{"_monsterinsights_skip_tracking":false,"_monsterinsights_sitenote_active":false,"_monsterinsights_sitenote_note":"","_monsterinsights_sitenote_category":0,"jetpack_post_was_ever_published":false,"_jetpack_newsletter_access":"","_jetpack_dont_email_post_to_subs":false,"_jetpack_newsletter_tier_id":0,"_jetpack_memberships_contains_paywalled_content":false,"_jetpack_memberships_contains_paid_content":false,"footnotes":"","jetpack_publicize_message":"","jetpack_publicize_feature_enabled":true,"jetpack_social_post_already_shared":true,"jetpack_social_options":{"image_generator_settings":{"template":"highway","default_image_id":0,"font":"","enabled":false},"version":2},"_wpas_customize_per_network":false},"categories":[104],"tags":[4263,714],"class_list":["post-27938","post","type-post","status-publish","format-standard","hentry","category-cultura","tag-natalia-guimello","tag-teatro-julio-cesar-gioscio","generate-columns","tablet-grid-50","mobile-grid-100","grid-parent","grid-50"],"jetpack_publicize_connections":[],"jetpack_featured_media_url":"","wps_subtitle":"","jetpack_sharing_enabled":true,"_links":{"self":[{"href":"https:\/\/www.hoymercedes.com.ar\/principal\/wp-json\/wp\/v2\/posts\/27938","targetHints":{"allow":["GET"]}}],"collection":[{"href":"https:\/\/www.hoymercedes.com.ar\/principal\/wp-json\/wp\/v2\/posts"}],"about":[{"href":"https:\/\/www.hoymercedes.com.ar\/principal\/wp-json\/wp\/v2\/types\/post"}],"author":[{"embeddable":true,"href":"https:\/\/www.hoymercedes.com.ar\/principal\/wp-json\/wp\/v2\/users\/1"}],"replies":[{"embeddable":true,"href":"https:\/\/www.hoymercedes.com.ar\/principal\/wp-json\/wp\/v2\/comments?post=27938"}],"version-history":[{"count":0,"href":"https:\/\/www.hoymercedes.com.ar\/principal\/wp-json\/wp\/v2\/posts\/27938\/revisions"}],"wp:attachment":[{"href":"https:\/\/www.hoymercedes.com.ar\/principal\/wp-json\/wp\/v2\/media?parent=27938"}],"wp:term":[{"taxonomy":"category","embeddable":true,"href":"https:\/\/www.hoymercedes.com.ar\/principal\/wp-json\/wp\/v2\/categories?post=27938"},{"taxonomy":"post_tag","embeddable":true,"href":"https:\/\/www.hoymercedes.com.ar\/principal\/wp-json\/wp\/v2\/tags?post=27938"}],"curies":[{"name":"wp","href":"https:\/\/api.w.org\/{rel}","templated":true}]}}