{"id":27972,"date":"2013-12-04T00:37:12","date_gmt":"2013-12-04T00:37:12","guid":{"rendered":"http:\/\/www.hoymercedes.com.ar\/principal\/?p=27972"},"modified":"2013-12-04T00:37:12","modified_gmt":"2013-12-04T00:37:12","slug":"robo-y-secuestro-el-fin-de-semana-policia-detuvo-a-delincuentes","status":"publish","type":"post","link":"https:\/\/www.hoymercedes.com.ar\/principal\/2013\/12\/04\/robo-y-secuestro-el-fin-de-semana-policia-detuvo-a-delincuentes\/","title":{"rendered":"Robo y secuestro el fin de semana. Polic\u00eda detuvo a delincuentes"},"content":{"rendered":"<p><a href=\"https:\/\/www.hoymercedes.com.ar\/principal\/wp-content\/uploads\/2013\/12\/321470_2331845052580_1143385015_2882366_774513_n.jpg\"><img loading=\"lazy\" decoding=\"async\" data-attachment-id=\"27974\" data-permalink=\"https:\/\/www.hoymercedes.com.ar\/principal\/2013\/12\/04\/robo-y-secuestro-el-fin-de-semana-policia-detuvo-a-delincuentes\/321470_2331845052580_1143385015_2882366_774513_n\/#main\" data-orig-file=\"https:\/\/www.hoymercedes.com.ar\/principal\/wp-content\/uploads\/2013\/12\/321470_2331845052580_1143385015_2882366_774513_n.jpg\" data-orig-size=\"620,148\" data-comments-opened=\"1\" data-image-meta=\"{&quot;aperture&quot;:&quot;0&quot;,&quot;credit&quot;:&quot;&quot;,&quot;camera&quot;:&quot;&quot;,&quot;caption&quot;:&quot;&quot;,&quot;created_timestamp&quot;:&quot;0&quot;,&quot;copyright&quot;:&quot;&quot;,&quot;focal_length&quot;:&quot;0&quot;,&quot;iso&quot;:&quot;0&quot;,&quot;shutter_speed&quot;:&quot;0&quot;,&quot;title&quot;:&quot;&quot;}\" data-image-title=\"321470_2331845052580_1143385015_2882366_774513_n\" data-image-description=\"\" data-image-caption=\"\" data-large-file=\"https:\/\/www.hoymercedes.com.ar\/principal\/wp-content\/uploads\/2013\/12\/321470_2331845052580_1143385015_2882366_774513_n.jpg\" class=\"aligncenter size-full wp-image-27974\" alt=\"321470_2331845052580_1143385015_2882366_774513_n\" src=\"https:\/\/www.hoymercedes.com.ar\/principal\/wp-content\/uploads\/2013\/12\/321470_2331845052580_1143385015_2882366_774513_n.jpg\" width=\"620\" height=\"148\" \/><\/a><\/p>\n<p><em><strong>Durante la madrugada del s\u00e1bado se llev\u00f3 a cabo el acontecimiento indeseado para los protagonistas que result\u00f3 ser una pareja de nuestra ciudad que se encontraba en calle 7 entre 26 y 28. Fueron tomados de reh\u00e9n, les robaron y amenazaron. Desde el mismo domingo hay detenidos.\u00a0<\/strong><\/em><\/p>\n<p>Todo aconteci\u00f3 cerca de las 02.30am del s\u00e1bado. La pareja estaba en el veh\u00edculo cuando una moto pas\u00f3 en m\u00e1s de una oportunidad hasta que en una ocasi\u00f3n regres\u00f3 y dos sujetos con armas de fuego se acercaron al autom\u00f3vil. Uno de los delincuentes se subi\u00f3 al coche y los oblig\u00f3 a conducir siendo seguido por otro en moto. Fueron hasta una vivienda del barrio Malvinas. Un tercer delincuente se sube al raid donde en el transcurso le robaron varios elementos.<\/p>\n<p>En el raid pasaron por ruta, avenidas y accesos. Obligaron en un momento al joven a abandonar el veh\u00edculo qued\u00e1ndose con la joven a la cual no violaron, pero, abusaron. La pareja, luego de las vueltas, amenazas, secuestro y malos momentos lograron quedar en libertad tras el alejamiento de los ladrones y llamaron a la polic\u00eda.<\/p>\n<p>Las fuerzas de seguridad y la justicia actuaron con rapidez y a media ma\u00f1ana ya ten\u00edan el procedimiento avanzado. La UFI actuante fue la n\u00famero 6 a cargo de Guillermo Massaroni. Los allanamientos de la polic\u00eda lograron detectar muchos de los elementos robados. Por los acontecimientos un mayor y dos menores quedaron detenidos y a disposici\u00f3n de la justicia.<\/p>\n<p>La caratula es: \u00abrobo calificado con amenaza, privaci\u00f3n ilegal de la libertad y abuso sexual\u00bb<\/p>\n","protected":false},"excerpt":{"rendered":"<p>Durante la madrugada del s\u00e1bado se llev\u00f3 a cabo el acontecimiento indeseado para los protagonistas que result\u00f3 ser una pareja &#8230; <a title=\"Robo y secuestro el fin de semana. Polic\u00eda detuvo a delincuentes\" class=\"read-more\" href=\"https:\/\/www.hoymercedes.com.ar\/principal\/2013\/12\/04\/robo-y-secuestro-el-fin-de-semana-policia-detuvo-a-delincuentes\/\" aria-label=\"Leer m\u00e1s sobre Robo y secuestro el fin de semana. Polic\u00eda detuvo a delincuentes\">Leer m\u00e1s<\/a><\/p>\n","protected":false},"author":1,"featured_media":0,"comment_status":"open","ping_status":"open","sticky":false,"template":"","format":"standard","meta":{"_monsterinsights_skip_tracking":false,"_monsterinsights_sitenote_active":false,"_monsterinsights_sitenote_note":"","_monsterinsights_sitenote_category":0,"jetpack_post_was_ever_published":false,"_jetpack_newsletter_access":"","_jetpack_dont_email_post_to_subs":false,"_jetpack_newsletter_tier_id":0,"_jetpack_memberships_contains_paywalled_content":false,"_jetpack_memberships_contains_paid_content":false,"footnotes":"","jetpack_publicize_message":"","jetpack_publicize_feature_enabled":true,"jetpack_social_post_already_shared":true,"jetpack_social_options":{"image_generator_settings":{"template":"highway","default_image_id":0,"font":"","enabled":false},"version":2},"_wpas_customize_per_network":false},"categories":[85],"tags":[4274],"class_list":["post-27972","post","type-post","status-publish","format-standard","hentry","category-policial","tag-robo-y-secuestro-el-fin-de-semana-policia-detuvo-a-delincuentes","generate-columns","tablet-grid-50","mobile-grid-100","grid-parent","grid-50"],"jetpack_publicize_connections":[],"jetpack_featured_media_url":"","wps_subtitle":"","jetpack_sharing_enabled":true,"_links":{"self":[{"href":"https:\/\/www.hoymercedes.com.ar\/principal\/wp-json\/wp\/v2\/posts\/27972","targetHints":{"allow":["GET"]}}],"collection":[{"href":"https:\/\/www.hoymercedes.com.ar\/principal\/wp-json\/wp\/v2\/posts"}],"about":[{"href":"https:\/\/www.hoymercedes.com.ar\/principal\/wp-json\/wp\/v2\/types\/post"}],"author":[{"embeddable":true,"href":"https:\/\/www.hoymercedes.com.ar\/principal\/wp-json\/wp\/v2\/users\/1"}],"replies":[{"embeddable":true,"href":"https:\/\/www.hoymercedes.com.ar\/principal\/wp-json\/wp\/v2\/comments?post=27972"}],"version-history":[{"count":0,"href":"https:\/\/www.hoymercedes.com.ar\/principal\/wp-json\/wp\/v2\/posts\/27972\/revisions"}],"wp:attachment":[{"href":"https:\/\/www.hoymercedes.com.ar\/principal\/wp-json\/wp\/v2\/media?parent=27972"}],"wp:term":[{"taxonomy":"category","embeddable":true,"href":"https:\/\/www.hoymercedes.com.ar\/principal\/wp-json\/wp\/v2\/categories?post=27972"},{"taxonomy":"post_tag","embeddable":true,"href":"https:\/\/www.hoymercedes.com.ar\/principal\/wp-json\/wp\/v2\/tags?post=27972"}],"curies":[{"name":"wp","href":"https:\/\/api.w.org\/{rel}","templated":true}]}}