{"id":283,"date":"2014-07-21T22:46:19","date_gmt":"2014-07-22T01:46:19","guid":{"rendered":"http:\/\/www.hoymercedes.com.ar.ar\/noticias\/?p=283"},"modified":"2014-07-21T22:46:19","modified_gmt":"2014-07-22T01:46:19","slug":"ustarroz-pidio-evitar-el-alarmismo-por-casos-de-triquinosis","status":"publish","type":"post","link":"https:\/\/www.hoymercedes.com.ar\/principal\/2014\/07\/21\/ustarroz-pidio-evitar-el-alarmismo-por-casos-de-triquinosis\/","title":{"rendered":"Ustarr\u00f3z pidi\u00f3 \u201cEvitar el alarmismo&quot; por casos de Triquinosis"},"content":{"rendered":"<p style=\"color: #000000;\"><a href=\"http:\/\/www.hoymercedes.com.ar.ar\/noticias\/wp-content\/uploads\/2014\/07\/ustarroz-juan.jpg\"><img loading=\"lazy\" decoding=\"async\" data-attachment-id=\"284\" data-permalink=\"https:\/\/www.hoymercedes.com.ar\/principal\/2010\/11\/15\/la-escuela-de-estetica-celebro-el-dia-de-la-tradicion\/ee1\/#main\" data-orig-file=\"https:\/\/www.hoymercedes.com.ar\/principal\/wp-content\/uploads\/2010\/11\/ee1.jpg\" data-orig-size=\"450,338\" data-comments-opened=\"1\" data-image-meta=\"{&quot;aperture&quot;:&quot;2.8&quot;,&quot;credit&quot;:&quot;&quot;,&quot;camera&quot;:&quot;DSC-W110&quot;,&quot;caption&quot;:&quot;&quot;,&quot;created_timestamp&quot;:&quot;1289384951&quot;,&quot;copyright&quot;:&quot;&quot;,&quot;focal_length&quot;:&quot;5.35&quot;,&quot;iso&quot;:&quot;320&quot;,&quot;shutter_speed&quot;:&quot;0.01&quot;,&quot;title&quot;:&quot;&quot;}\" data-image-title=\"ee1\" data-image-description=\"\" data-image-caption=\"\" data-large-file=\"https:\/\/www.hoymercedes.com.ar\/principal\/wp-content\/uploads\/2010\/11\/ee1.jpg\" class=\"Img2014 aligncenter wp-image-284 size-full\" src=\"http:\/\/www.hoymercedes.com.ar.ar\/noticias\/wp-content\/uploads\/2014\/07\/ustarroz-juan.jpg\" alt=\"ustarroz-juan\" width=\"620\" height=\"208\" \/><\/a><\/p>\n<p style=\"color: #000000;\"><em><strong><span lang=\"ES-MX\">El presidente del bloque de concejales del Frente Mercedino para la Victoria, Juan Ignacio Ustarroz, pidi\u00f3 \u201cevitar el alarmismo\u201d ante la difusi\u00f3n de varios casos de triquinosis en la ciudad, \u201cporque no contribuye a la soluci\u00f3n sino todo lo contrario\u201d.<\/span><\/strong><\/em><\/p>\n<p style=\"color: #000000;\"><span lang=\"ES-MX\">\u201cEst\u00e1 perfectamente identificado el origen de estos casos que han surgido \u2013cont\u00f3-, tal como lo cont\u00f3 d\u00edas atr\u00e1s y con mucha claridad la directora de la Regi\u00f3n Sanitaria X, licenciada Ana Barbier. A veces, en la confusi\u00f3n se mete a todos en la misma bolsa y se termina perjudicando a gente que no tiene nada que ver\u201d.<\/span><\/p>\n<p style=\"color: #000000;\"><span lang=\"ES-MX\">Ustarroz defendi\u00f3 enf\u00e1ticamente el trabajo de los productores de chacinados de nuestra ciudad, \u201cque siempre han demostrado una gran responsabilidad y cuidado en su trabajo\u201d; y advirti\u00f3 que el alarmismo tambi\u00e9n puede terminar salpicando \u201cun s\u00edmbolo de Mercedes como es la Fiesta Nacional del Salame Quintero\u201d.<\/span><\/p>\n<p style=\"color: #000000;\"><span lang=\"ES-MX\">\u201cTenemos a los mejores productores de salames del pa\u00eds y tenemos una Fiesta que es un orgullo para todos los vecinos, a la que vienen miles de personas de much\u00edsimos lugares. Tenemos que evitar que las cosas se terminen deformando, porque eso tambi\u00e9n es defender nuestra identidad y nuestros recursos. Ac\u00e1 existi\u00f3 un problema que no tiene nada que ver con ellos, los productores, ni con la Fiesta\u201d, manifest\u00f3.<\/span><\/p>\n<p style=\"color: #000000;\"><span lang=\"ES-MX\">El presidente del bloque de concejales del Frente Mercedino record\u00f3 tambi\u00e9n \u201cla excelencia de los restaurantes de Tom\u00e1s Jofr\u00e9, que se fueron abriendo camino solos y a base del esfuerzo, el trabajo y la calidad y que sostienen buena parte de su \u2018fama\u2019 con los salames quinteros de nuestra ciudad. Son miles de personas las que vienen, con todo lo que eso representa, al mismo tiempo, para el dinamismo de nuestro mercado interno y la econom\u00eda regional\u201d.<\/span><\/p>\n<p style=\"color: #000000;\"><span lang=\"ES-MX\">\u201cDesde la regi\u00f3n Sanitaria X se articul\u00f3 r\u00e1pidamente con la Direcci\u00f3n de Salud de nuestra ciudad, lo mismo que con el hospital Blas Dubarry y Bromatolog\u00eda, y quedaron identificados los motivos de estos casos ocurridos\u201c, cerr\u00f3 Ustarroz.\u00a0<\/span><\/p>\n<p style=\"color: #000000;\">\n","protected":false},"excerpt":{"rendered":"<p>El presidente del bloque de concejales del Frente Mercedino para la Victoria, Juan Ignacio Ustarroz, pidi\u00f3 \u201cevitar el alarmismo\u201d ante &#8230; <a title=\"Ustarr\u00f3z pidi\u00f3 \u201cEvitar el alarmismo&quot; por casos de Triquinosis\" class=\"read-more\" href=\"https:\/\/www.hoymercedes.com.ar\/principal\/2014\/07\/21\/ustarroz-pidio-evitar-el-alarmismo-por-casos-de-triquinosis\/\" aria-label=\"Leer m\u00e1s sobre Ustarr\u00f3z pidi\u00f3 \u201cEvitar el alarmismo&quot; por casos de Triquinosis\">Leer m\u00e1s<\/a><\/p>\n","protected":false},"author":1,"featured_media":0,"comment_status":"open","ping_status":"open","sticky":false,"template":"","format":"standard","meta":{"_monsterinsights_skip_tracking":false,"_monsterinsights_sitenote_active":false,"_monsterinsights_sitenote_note":"","_monsterinsights_sitenote_category":0,"jetpack_post_was_ever_published":false,"_jetpack_newsletter_access":"","_jetpack_dont_email_post_to_subs":false,"_jetpack_newsletter_tier_id":0,"_jetpack_memberships_contains_paywalled_content":false,"_jetpack_memberships_contains_paid_content":false,"footnotes":"","jetpack_publicize_message":"","jetpack_publicize_feature_enabled":true,"jetpack_social_post_already_shared":true,"jetpack_social_options":{"image_generator_settings":{"template":"highway","default_image_id":0,"font":"","enabled":false},"version":2},"_wpas_customize_per_network":false},"categories":[5],"tags":[],"class_list":["post-283","post","type-post","status-publish","format-standard","hentry","category-politica","generate-columns","tablet-grid-50","mobile-grid-100","grid-parent","grid-50"],"jetpack_publicize_connections":[],"jetpack_featured_media_url":"","wps_subtitle":"Salud y producci\u00f3n","jetpack_sharing_enabled":true,"_links":{"self":[{"href":"https:\/\/www.hoymercedes.com.ar\/principal\/wp-json\/wp\/v2\/posts\/283","targetHints":{"allow":["GET"]}}],"collection":[{"href":"https:\/\/www.hoymercedes.com.ar\/principal\/wp-json\/wp\/v2\/posts"}],"about":[{"href":"https:\/\/www.hoymercedes.com.ar\/principal\/wp-json\/wp\/v2\/types\/post"}],"author":[{"embeddable":true,"href":"https:\/\/www.hoymercedes.com.ar\/principal\/wp-json\/wp\/v2\/users\/1"}],"replies":[{"embeddable":true,"href":"https:\/\/www.hoymercedes.com.ar\/principal\/wp-json\/wp\/v2\/comments?post=283"}],"version-history":[{"count":0,"href":"https:\/\/www.hoymercedes.com.ar\/principal\/wp-json\/wp\/v2\/posts\/283\/revisions"}],"wp:attachment":[{"href":"https:\/\/www.hoymercedes.com.ar\/principal\/wp-json\/wp\/v2\/media?parent=283"}],"wp:term":[{"taxonomy":"category","embeddable":true,"href":"https:\/\/www.hoymercedes.com.ar\/principal\/wp-json\/wp\/v2\/categories?post=283"},{"taxonomy":"post_tag","embeddable":true,"href":"https:\/\/www.hoymercedes.com.ar\/principal\/wp-json\/wp\/v2\/tags?post=283"}],"curies":[{"name":"wp","href":"https:\/\/api.w.org\/{rel}","templated":true}]}}