{"id":2844,"date":"2011-03-17T03:45:16","date_gmt":"2011-03-17T03:45:16","guid":{"rendered":"http:\/\/www.hoymercedes.com.ar\/principal\/?p=2844"},"modified":"2011-03-21T05:25:09","modified_gmt":"2011-03-21T05:25:09","slug":"en-sesion-extraordinaria-se-reune-el-lunes-el-concejo-deliberante","status":"publish","type":"post","link":"https:\/\/www.hoymercedes.com.ar\/principal\/2011\/03\/17\/en-sesion-extraordinaria-se-reune-el-lunes-el-concejo-deliberante\/","title":{"rendered":"En sesi\u00f3n extraordinaria se re\u00fane el lunes el Concejo Deliberante"},"content":{"rendered":"<p>Todo indica que el Cuerpo Deliberativo de nuestra ciudad concretar\u00e1 el lunes pr\u00f3ximo una nueva sesi\u00f3n extraordinaria para poder cumplimentar la aprobaci\u00f3n de aquellos expedientes que ya cuentan con despachos emitidos tras la reuni\u00f3n de comisi\u00f3n ampliada efectuada hace algunos d\u00edas.<\/p>\n<p>la regulaci\u00f3n de las actividades de los denominados \u00abcarros de comidas r\u00e1pida\u00bb, la decisi\u00f3n de suspender por un a\u00f1o nuevas habilitaciones para restaurantes, casas de comidas, confiter\u00edas, etc., en Tom\u00e1\u015b Jofre, la reglamentaci\u00f3n de los puestos de venta de productos artesanales en dicho polo gastron\u00f3mico rural evitando la instalaci\u00f3n de revendedores de elementos tales como anteojos no recetados, CDs de m\u00fasica o pel\u00edculas ap\u00f3crifos y otros tipos de elementos son los temas que seguramente tendr\u00e1n una atenci\u00f3n especial de parte de concejales y vecinos de la ciudad.<\/p>\n<p>Con relaci\u00f3n a los puestos de artesanos se supo que el Municipio de Mercedes firm\u00f3 un convenio con la Secretar\u00eda de Turismo de la Provincia para dar un ordenamiento real y definitivo de los productos que se podr\u00e1n comercializar apuntando especialmente a la tarea artesanal de que los recuerdos que guarden relaci\u00f3n con el estilo rural de Tom\u00e1s Jofr\u00e9 y sus t\u00edpicas comidas.<\/p>\n<p>\u00abPretendemos efectuar dicha regulaci\u00f3n en los puestos de artesano porque desde la Provincia se inform\u00f3 de dar\u00e1n\u00a0 en ayudar a cada artesano facilit\u00e1ndoles los elementos necesarios para poder armar sus stands de ventas y es por ello que no queremos dejar pasar esta oportunidad evitando que de pronto nos encontremos con veh\u00edculos que venden comidas r\u00e1pidas lo cual ser\u00eda el inicio de una \u00absaladita\u00bb en Tom\u00e1s Jofr\u00e9, algo que desde ya vamos a evitar\u00bb precis\u00f3 el concejal Marcelo Denapole, presidente del bloque del Frente para la Victoria-Partido Justicialista de Mercedes.<\/p>\n<p>Por otra parte se pudo confirmar que el bloque de concejales de Uni\u00f3n Pro con las firmas de sus tres integrantes present\u00f3 un proyecto de Resoluci\u00f3n dirigido al Departamento Ejecutivo para que contemple un aumento en los haberes que perciben los agentes municipales dado el retraso\u00a0 que tienen en la actualidad dichos sueldos. El incremento propuesto los ediles Ben\u00edtez,\u00a0 Aristi y Muraca es del 26 por ciento sobre el b\u00e1sico actual. Este tema tambi\u00e9n ser\u00e1 abordado este lunes en la sesi\u00f3n extraordinaria.<\/p>\n<p>&nbsp;<\/p>\n<p>&nbsp;<\/p>\n<p>&nbsp;<\/p>\n","protected":false},"excerpt":{"rendered":"<p>Todo indica que el Cuerpo Deliberativo de nuestra ciudad concretar\u00e1 el lunes pr\u00f3ximo una nueva sesi\u00f3n extraordinaria para poder cumplimentar &#8230; <a title=\"En sesi\u00f3n extraordinaria se re\u00fane el lunes el Concejo Deliberante\" class=\"read-more\" href=\"https:\/\/www.hoymercedes.com.ar\/principal\/2011\/03\/17\/en-sesion-extraordinaria-se-reune-el-lunes-el-concejo-deliberante\/\" aria-label=\"Leer m\u00e1s sobre En sesi\u00f3n extraordinaria se re\u00fane el lunes el Concejo Deliberante\">Leer m\u00e1s<\/a><\/p>\n","protected":false},"author":1,"featured_media":0,"comment_status":"open","ping_status":"open","sticky":false,"template":"","format":"standard","meta":{"_monsterinsights_skip_tracking":false,"_monsterinsights_sitenote_active":false,"_monsterinsights_sitenote_note":"","_monsterinsights_sitenote_category":0,"jetpack_post_was_ever_published":false,"_jetpack_newsletter_access":"","_jetpack_dont_email_post_to_subs":false,"_jetpack_newsletter_tier_id":0,"_jetpack_memberships_contains_paywalled_content":false,"_jetpack_memberships_contains_paid_content":false,"footnotes":"","jetpack_publicize_message":"","jetpack_publicize_feature_enabled":true,"jetpack_social_post_already_shared":false,"jetpack_social_options":{"image_generator_settings":{"template":"highway","default_image_id":0,"font":"","enabled":false},"version":2},"_wpas_customize_per_network":false},"categories":[5],"tags":[236],"class_list":["post-2844","post","type-post","status-publish","format-standard","hentry","category-politica","tag-concejo-deliberante","generate-columns","tablet-grid-50","mobile-grid-100","grid-parent","grid-50"],"jetpack_publicize_connections":[],"jetpack_featured_media_url":"","wps_subtitle":"","jetpack_sharing_enabled":true,"_links":{"self":[{"href":"https:\/\/www.hoymercedes.com.ar\/principal\/wp-json\/wp\/v2\/posts\/2844","targetHints":{"allow":["GET"]}}],"collection":[{"href":"https:\/\/www.hoymercedes.com.ar\/principal\/wp-json\/wp\/v2\/posts"}],"about":[{"href":"https:\/\/www.hoymercedes.com.ar\/principal\/wp-json\/wp\/v2\/types\/post"}],"author":[{"embeddable":true,"href":"https:\/\/www.hoymercedes.com.ar\/principal\/wp-json\/wp\/v2\/users\/1"}],"replies":[{"embeddable":true,"href":"https:\/\/www.hoymercedes.com.ar\/principal\/wp-json\/wp\/v2\/comments?post=2844"}],"version-history":[{"count":0,"href":"https:\/\/www.hoymercedes.com.ar\/principal\/wp-json\/wp\/v2\/posts\/2844\/revisions"}],"wp:attachment":[{"href":"https:\/\/www.hoymercedes.com.ar\/principal\/wp-json\/wp\/v2\/media?parent=2844"}],"wp:term":[{"taxonomy":"category","embeddable":true,"href":"https:\/\/www.hoymercedes.com.ar\/principal\/wp-json\/wp\/v2\/categories?post=2844"},{"taxonomy":"post_tag","embeddable":true,"href":"https:\/\/www.hoymercedes.com.ar\/principal\/wp-json\/wp\/v2\/tags?post=2844"}],"curies":[{"name":"wp","href":"https:\/\/api.w.org\/{rel}","templated":true}]}}