{"id":2845,"date":"2011-03-17T03:26:58","date_gmt":"2011-03-17T03:26:58","guid":{"rendered":"http:\/\/www.hoymercedes.com.ar\/principal\/?p=2845"},"modified":"2011-03-21T05:36:22","modified_gmt":"2011-03-21T05:36:22","slug":"visitara-mercedes-la-ministra-de-industria-de-la-nacion-convocada-por-el-fmpv","status":"publish","type":"post","link":"https:\/\/www.hoymercedes.com.ar\/principal\/2011\/03\/17\/visitara-mercedes-la-ministra-de-industria-de-la-nacion-convocada-por-el-fmpv\/","title":{"rendered":"Visitar\u00e1 Mercedes la Ministra de Industria de la Naci\u00f3n convocada por el FMPV"},"content":{"rendered":"<figure id=\"attachment_2848\" aria-describedby=\"caption-attachment-2848\" style=\"width: 154px\" class=\"wp-caption alignleft\"><a href=\"https:\/\/www.hoymercedes.com.ar\/principal\/wp-content\/uploads\/2011\/03\/giorgi.jpg\"><img loading=\"lazy\" decoding=\"async\" data-attachment-id=\"2848\" data-permalink=\"https:\/\/www.hoymercedes.com.ar\/principal\/2011\/03\/17\/visitara-mercedes-la-ministra-de-industria-de-la-nacion-convocada-por-el-fmpv\/giorgi\/#main\" data-orig-file=\"https:\/\/www.hoymercedes.com.ar\/principal\/wp-content\/uploads\/2011\/03\/giorgi.jpg\" data-orig-size=\"164,180\" data-comments-opened=\"1\" data-image-meta=\"{&quot;aperture&quot;:&quot;0&quot;,&quot;credit&quot;:&quot;&quot;,&quot;camera&quot;:&quot;&quot;,&quot;caption&quot;:&quot;&quot;,&quot;created_timestamp&quot;:&quot;0&quot;,&quot;copyright&quot;:&quot;&quot;,&quot;focal_length&quot;:&quot;0&quot;,&quot;iso&quot;:&quot;0&quot;,&quot;shutter_speed&quot;:&quot;0&quot;,&quot;title&quot;:&quot;&quot;}\" data-image-title=\"giorgi\" data-image-description=\"\" data-image-caption=\"\" data-large-file=\"https:\/\/www.hoymercedes.com.ar\/principal\/wp-content\/uploads\/2011\/03\/giorgi.jpg\" class=\"size-full wp-image-2848\" title=\"giorgi\" src=\"https:\/\/www.hoymercedes.com.ar\/principal\/wp-content\/uploads\/2011\/03\/giorgi.jpg\" alt=\"\" width=\"164\" height=\"180\" \/><\/a><figcaption id=\"caption-attachment-2848\" class=\"wp-caption-text\">D\u00e9bora Giorgi<\/figcaption><\/figure>\n<p>En el marco del \u201cDebate del Plan Estrat\u00e9gico para el Desarrollo de la Ciudad\u201d, el Frente\u00a0Mercedino\u00a0para la Victoria invitan, a participar de la charla debate que tendr\u00e1 como oradora a la Ministra de Industria de La Naci\u00f3n Lic. D\u00e9bora\u00a0Giorgi, quien se referir\u00e1 a la proyecci\u00f3n industrial de Mercedes y\u00a0su integraci\u00f3n al modelo productivo nacional.-<br \/>\nLa presencia de la ex Ministro de la Producci\u00f3n del gobernador Scioli y actual titular de la cartera de Industria en el gabinete de Cristina Fern\u00e1ndez disertar\u00e1 a partir de las 19.30 en el Sal\u00f3n del C\u00edrculo Italiano en calle 22 entre 21 y 23<\/p>\n","protected":false},"excerpt":{"rendered":"<p>En el marco del \u201cDebate del Plan Estrat\u00e9gico para el Desarrollo de la Ciudad\u201d, el Frente\u00a0Mercedino\u00a0para la Victoria invitan, a &#8230; <a title=\"Visitar\u00e1 Mercedes la Ministra de Industria de la Naci\u00f3n convocada por el FMPV\" class=\"read-more\" href=\"https:\/\/www.hoymercedes.com.ar\/principal\/2011\/03\/17\/visitara-mercedes-la-ministra-de-industria-de-la-nacion-convocada-por-el-fmpv\/\" aria-label=\"Leer m\u00e1s sobre Visitar\u00e1 Mercedes la Ministra de Industria de la Naci\u00f3n convocada por el FMPV\">Leer m\u00e1s<\/a><\/p>\n","protected":false},"author":1,"featured_media":0,"comment_status":"open","ping_status":"open","sticky":false,"template":"","format":"standard","meta":{"_monsterinsights_skip_tracking":false,"_monsterinsights_sitenote_active":false,"_monsterinsights_sitenote_note":"","_monsterinsights_sitenote_category":0,"jetpack_post_was_ever_published":false,"_jetpack_newsletter_access":"","_jetpack_dont_email_post_to_subs":false,"_jetpack_newsletter_tier_id":0,"_jetpack_memberships_contains_paywalled_content":false,"_jetpack_memberships_contains_paid_content":false,"footnotes":"","jetpack_publicize_message":"","jetpack_publicize_feature_enabled":true,"jetpack_social_post_already_shared":false,"jetpack_social_options":{"image_generator_settings":{"template":"highway","default_image_id":0,"font":"","enabled":false},"version":2},"_wpas_customize_per_network":false},"categories":[5],"tags":[379],"class_list":["post-2845","post","type-post","status-publish","format-standard","hentry","category-politica","tag-frente-mercedino-para-la-victoria","generate-columns","tablet-grid-50","mobile-grid-100","grid-parent","grid-50"],"jetpack_publicize_connections":[],"jetpack_featured_media_url":"","wps_subtitle":"","jetpack_sharing_enabled":true,"_links":{"self":[{"href":"https:\/\/www.hoymercedes.com.ar\/principal\/wp-json\/wp\/v2\/posts\/2845","targetHints":{"allow":["GET"]}}],"collection":[{"href":"https:\/\/www.hoymercedes.com.ar\/principal\/wp-json\/wp\/v2\/posts"}],"about":[{"href":"https:\/\/www.hoymercedes.com.ar\/principal\/wp-json\/wp\/v2\/types\/post"}],"author":[{"embeddable":true,"href":"https:\/\/www.hoymercedes.com.ar\/principal\/wp-json\/wp\/v2\/users\/1"}],"replies":[{"embeddable":true,"href":"https:\/\/www.hoymercedes.com.ar\/principal\/wp-json\/wp\/v2\/comments?post=2845"}],"version-history":[{"count":0,"href":"https:\/\/www.hoymercedes.com.ar\/principal\/wp-json\/wp\/v2\/posts\/2845\/revisions"}],"wp:attachment":[{"href":"https:\/\/www.hoymercedes.com.ar\/principal\/wp-json\/wp\/v2\/media?parent=2845"}],"wp:term":[{"taxonomy":"category","embeddable":true,"href":"https:\/\/www.hoymercedes.com.ar\/principal\/wp-json\/wp\/v2\/categories?post=2845"},{"taxonomy":"post_tag","embeddable":true,"href":"https:\/\/www.hoymercedes.com.ar\/principal\/wp-json\/wp\/v2\/tags?post=2845"}],"curies":[{"name":"wp","href":"https:\/\/api.w.org\/{rel}","templated":true}]}}