{"id":28664,"date":"2013-12-16T18:06:56","date_gmt":"2013-12-16T18:06:56","guid":{"rendered":"http:\/\/www.hoymercedes.com.ar\/principal\/?p=28664"},"modified":"2013-12-16T18:06:56","modified_gmt":"2013-12-16T18:06:56","slug":"pacini-reelecto-por-amplia-mayoria-en-el-esperanza","status":"publish","type":"post","link":"https:\/\/www.hoymercedes.com.ar\/principal\/2013\/12\/16\/pacini-reelecto-por-amplia-mayoria-en-el-esperanza\/","title":{"rendered":"Pacini reelecto por amplia mayor\u00eda en el Esperanza"},"content":{"rendered":"<p><em><strong>El s\u00e1bado pasado se llevaron a cabo las elecciones barriales en el Esperanza donde nuevamente se present\u00f3 Agust\u00edn Pacini y obtuvo una victoria contundente donde casi cuatriplic\u00f3 los votos obtenidos por quienes los enfrentaron en las urnas.<\/strong><\/em><\/p>\n<p>El tradicional dirigente barrial, Agust\u00edn Pacini, se llev\u00f3 una victoria importante al cosechar 118 votos mientras que su contrincante, Rogelio Zuleta, consigui\u00f3 33 sufragios a favor.<\/p>\n<p>De \u00e9sta manera, Pacini, seguir\u00e1 al frente de la sociedad de fomento que tanto lo conoce pues son varias las elecciones que tiene a favor.<\/p>\n","protected":false},"excerpt":{"rendered":"<p>El s\u00e1bado pasado se llevaron a cabo las elecciones barriales en el Esperanza donde nuevamente se present\u00f3 Agust\u00edn Pacini y &#8230; <a title=\"Pacini reelecto por amplia mayor\u00eda en el Esperanza\" class=\"read-more\" href=\"https:\/\/www.hoymercedes.com.ar\/principal\/2013\/12\/16\/pacini-reelecto-por-amplia-mayoria-en-el-esperanza\/\" aria-label=\"Leer m\u00e1s sobre Pacini reelecto por amplia mayor\u00eda en el Esperanza\">Leer m\u00e1s<\/a><\/p>\n","protected":false},"author":1,"featured_media":0,"comment_status":"open","ping_status":"open","sticky":false,"template":"","format":"standard","meta":{"_monsterinsights_skip_tracking":false,"_monsterinsights_sitenote_active":false,"_monsterinsights_sitenote_note":"","_monsterinsights_sitenote_category":0,"jetpack_post_was_ever_published":false,"_jetpack_newsletter_access":"","_jetpack_dont_email_post_to_subs":false,"_jetpack_newsletter_tier_id":0,"_jetpack_memberships_contains_paywalled_content":false,"_jetpack_memberships_contains_paid_content":false,"footnotes":"","jetpack_publicize_message":"","jetpack_publicize_feature_enabled":true,"jetpack_social_post_already_shared":true,"jetpack_social_options":{"image_generator_settings":{"template":"highway","default_image_id":0,"font":"","enabled":false},"version":2},"_wpas_customize_per_network":false},"categories":[5],"tags":[4344,3391],"class_list":["post-28664","post","type-post","status-publish","format-standard","hentry","category-politica","tag-agustin-pacini","tag-barrio-esperanza","generate-columns","tablet-grid-50","mobile-grid-100","grid-parent","grid-50"],"jetpack_publicize_connections":[],"jetpack_featured_media_url":"","wps_subtitle":"","jetpack_sharing_enabled":true,"_links":{"self":[{"href":"https:\/\/www.hoymercedes.com.ar\/principal\/wp-json\/wp\/v2\/posts\/28664","targetHints":{"allow":["GET"]}}],"collection":[{"href":"https:\/\/www.hoymercedes.com.ar\/principal\/wp-json\/wp\/v2\/posts"}],"about":[{"href":"https:\/\/www.hoymercedes.com.ar\/principal\/wp-json\/wp\/v2\/types\/post"}],"author":[{"embeddable":true,"href":"https:\/\/www.hoymercedes.com.ar\/principal\/wp-json\/wp\/v2\/users\/1"}],"replies":[{"embeddable":true,"href":"https:\/\/www.hoymercedes.com.ar\/principal\/wp-json\/wp\/v2\/comments?post=28664"}],"version-history":[{"count":0,"href":"https:\/\/www.hoymercedes.com.ar\/principal\/wp-json\/wp\/v2\/posts\/28664\/revisions"}],"wp:attachment":[{"href":"https:\/\/www.hoymercedes.com.ar\/principal\/wp-json\/wp\/v2\/media?parent=28664"}],"wp:term":[{"taxonomy":"category","embeddable":true,"href":"https:\/\/www.hoymercedes.com.ar\/principal\/wp-json\/wp\/v2\/categories?post=28664"},{"taxonomy":"post_tag","embeddable":true,"href":"https:\/\/www.hoymercedes.com.ar\/principal\/wp-json\/wp\/v2\/tags?post=28664"}],"curies":[{"name":"wp","href":"https:\/\/api.w.org\/{rel}","templated":true}]}}