{"id":28719,"date":"2013-12-19T14:24:52","date_gmt":"2013-12-19T14:24:52","guid":{"rendered":"http:\/\/www.hoymercedes.com.ar\/principal\/?p=28719"},"modified":"2013-12-19T14:24:52","modified_gmt":"2013-12-19T14:24:52","slug":"sin-eximicion-para-procrear-si-para-playas-de-estacionamiento","status":"publish","type":"post","link":"https:\/\/www.hoymercedes.com.ar\/principal\/2013\/12\/19\/sin-eximicion-para-procrear-si-para-playas-de-estacionamiento\/","title":{"rendered":"Sin eximici\u00f3n para ProCreAr. Si para Playas de Estacionamiento"},"content":{"rendered":"<p><a href=\"https:\/\/www.hoymercedes.com.ar\/principal\/wp-content\/uploads\/2013\/12\/concejo-fiscalimpositiva-2013.jpg\"><img loading=\"lazy\" decoding=\"async\" data-attachment-id=\"28721\" data-permalink=\"https:\/\/www.hoymercedes.com.ar\/principal\/2013\/12\/19\/sin-eximicion-para-procrear-si-para-playas-de-estacionamiento\/concejo-fiscalimpositiva-2013\/#main\" data-orig-file=\"https:\/\/www.hoymercedes.com.ar\/principal\/wp-content\/uploads\/2013\/12\/concejo-fiscalimpositiva-2013.jpg\" data-orig-size=\"620,313\" data-comments-opened=\"1\" data-image-meta=\"{&quot;aperture&quot;:&quot;0&quot;,&quot;credit&quot;:&quot;&quot;,&quot;camera&quot;:&quot;&quot;,&quot;caption&quot;:&quot;&quot;,&quot;created_timestamp&quot;:&quot;0&quot;,&quot;copyright&quot;:&quot;&quot;,&quot;focal_length&quot;:&quot;0&quot;,&quot;iso&quot;:&quot;0&quot;,&quot;shutter_speed&quot;:&quot;0&quot;,&quot;title&quot;:&quot;&quot;}\" data-image-title=\"concejo-fiscalimpositiva-2013\" data-image-description=\"\" data-image-caption=\"\" data-large-file=\"https:\/\/www.hoymercedes.com.ar\/principal\/wp-content\/uploads\/2013\/12\/concejo-fiscalimpositiva-2013.jpg\" class=\"aligncenter size-full wp-image-28721\" alt=\"concejo-fiscalimpositiva-2013\" src=\"https:\/\/www.hoymercedes.com.ar\/principal\/wp-content\/uploads\/2013\/12\/concejo-fiscalimpositiva-2013.jpg\" width=\"620\" height=\"313\" \/><\/a><\/p>\n<p><strong><em><span style=\"line-height: 1.5em;\">Durante el tratamiento de la Fiscal Impositiva que rija en 2014 se trataron diversas cuestiones, entre ellas el pedido que hizo el Frente Mercedino de incorporar una excepci\u00f3n de pago de las tasas e impuestos referidos a los derechos de construcci\u00f3n para los beneficiarios del Plan ProCreAr.<\/span><\/em><\/strong><\/p>\n<p>Dicha propuesta fue una de las m\u00e1s debatidas en el recinto donde el Frente Renovador y el MIC se negaron entendiendo que se caer\u00eda en una instancia de discriminaci\u00f3n con otras familias de la ciudad que podr\u00edan solicitar el mismo beneficio y que entienden tambi\u00e9n realizan un gran esfuerzo para construir. Cestari, Benitez, Navarro y Milhomme fueron los defensores de dicha postura. Ustarroz desde el Frente Mercedino bregaba por el beneficio alegando se trata de un programa especial otorgado a nivel nacional que lo que busca es un apoyo a un grupo de mercedinos que con esfuerzo est\u00e1 buscando lograr el techo propio.<\/p>\n<p>La moci\u00f3n fue votada para que sea incorporada a la ordenanza fiscal impositiva, pero, no logr\u00f3 los votos necesarios. Benitez uno de los que mocion\u00f3 con mayor firmeza en contra.<\/p>\n<p>Por otra parte se vot\u00f3 favorablemente, por unanimidad, y tal como se hab\u00eda previsto, la excepci\u00f3n del derecho de construcci\u00f3n, es decir, aquellas tasas o impuestos, que involucre la construcci\u00f3n de playas de estacionamiento en nuestra ciudad.<\/p>\n<p>Alegando es un servicio que la ciudad necesita se brind\u00f3 ese beneficio al inversor privado que desee hacer el negocio. Ser\u00e1 comprendida la excepci\u00f3n para el encuadre de las calles 1 a 47 y 2 a 40 inclusive.<\/p>\n","protected":false},"excerpt":{"rendered":"<p>Durante el tratamiento de la Fiscal Impositiva que rija en 2014 se trataron diversas cuestiones, entre ellas el pedido que &#8230; <a title=\"Sin eximici\u00f3n para ProCreAr. Si para Playas de Estacionamiento\" class=\"read-more\" href=\"https:\/\/www.hoymercedes.com.ar\/principal\/2013\/12\/19\/sin-eximicion-para-procrear-si-para-playas-de-estacionamiento\/\" aria-label=\"Leer m\u00e1s sobre Sin eximici\u00f3n para ProCreAr. Si para Playas de Estacionamiento\">Leer m\u00e1s<\/a><\/p>\n","protected":false},"author":1,"featured_media":0,"comment_status":"open","ping_status":"open","sticky":false,"template":"","format":"standard","meta":{"_monsterinsights_skip_tracking":false,"_monsterinsights_sitenote_active":false,"_monsterinsights_sitenote_note":"","_monsterinsights_sitenote_category":0,"jetpack_post_was_ever_published":false,"_jetpack_newsletter_access":"","_jetpack_dont_email_post_to_subs":false,"_jetpack_newsletter_tier_id":0,"_jetpack_memberships_contains_paywalled_content":false,"_jetpack_memberships_contains_paid_content":false,"footnotes":"","jetpack_publicize_message":"","jetpack_publicize_feature_enabled":true,"jetpack_social_post_already_shared":true,"jetpack_social_options":{"image_generator_settings":{"template":"highway","default_image_id":0,"font":"","enabled":false},"version":2},"_wpas_customize_per_network":false},"categories":[5],"tags":[45,3069,1007,3537,4360],"class_list":["post-28719","post","type-post","status-publish","format-standard","hentry","category-politica","tag-concejo-deliberante-mercedes","tag-fiscal-impositiva-mercedes","tag-frente-mercedino","tag-frente-renovador","tag-sin-eximicion-para-procrear-si-para-playas-de-estacionamiento","generate-columns","tablet-grid-50","mobile-grid-100","grid-parent","grid-50"],"jetpack_publicize_connections":[],"jetpack_featured_media_url":"","wps_subtitle":"","jetpack_sharing_enabled":true,"_links":{"self":[{"href":"https:\/\/www.hoymercedes.com.ar\/principal\/wp-json\/wp\/v2\/posts\/28719","targetHints":{"allow":["GET"]}}],"collection":[{"href":"https:\/\/www.hoymercedes.com.ar\/principal\/wp-json\/wp\/v2\/posts"}],"about":[{"href":"https:\/\/www.hoymercedes.com.ar\/principal\/wp-json\/wp\/v2\/types\/post"}],"author":[{"embeddable":true,"href":"https:\/\/www.hoymercedes.com.ar\/principal\/wp-json\/wp\/v2\/users\/1"}],"replies":[{"embeddable":true,"href":"https:\/\/www.hoymercedes.com.ar\/principal\/wp-json\/wp\/v2\/comments?post=28719"}],"version-history":[{"count":0,"href":"https:\/\/www.hoymercedes.com.ar\/principal\/wp-json\/wp\/v2\/posts\/28719\/revisions"}],"wp:attachment":[{"href":"https:\/\/www.hoymercedes.com.ar\/principal\/wp-json\/wp\/v2\/media?parent=28719"}],"wp:term":[{"taxonomy":"category","embeddable":true,"href":"https:\/\/www.hoymercedes.com.ar\/principal\/wp-json\/wp\/v2\/categories?post=28719"},{"taxonomy":"post_tag","embeddable":true,"href":"https:\/\/www.hoymercedes.com.ar\/principal\/wp-json\/wp\/v2\/tags?post=28719"}],"curies":[{"name":"wp","href":"https:\/\/api.w.org\/{rel}","templated":true}]}}