{"id":28746,"date":"2013-12-20T03:23:00","date_gmt":"2013-12-20T03:23:00","guid":{"rendered":"http:\/\/www.hoymercedes.com.ar\/principal\/?p=28746"},"modified":"2013-12-20T03:23:00","modified_gmt":"2013-12-20T03:23:00","slug":"mic-realizo-actividades-y-entrega-de-juguetes-en-el-barrio-esperanza","status":"publish","type":"post","link":"https:\/\/www.hoymercedes.com.ar\/principal\/2013\/12\/20\/mic-realizo-actividades-y-entrega-de-juguetes-en-el-barrio-esperanza\/","title":{"rendered":"MIC realiz\u00f3 actividades y entrega de juguetes en el Barrio Esperanza"},"content":{"rendered":"<p><a href=\"https:\/\/www.hoymercedes.com.ar\/principal\/wp-content\/uploads\/2013\/12\/micesperanza.jpg\"><img loading=\"lazy\" decoding=\"async\" data-attachment-id=\"28748\" data-permalink=\"https:\/\/www.hoymercedes.com.ar\/principal\/2013\/12\/20\/mic-realizo-actividades-y-entrega-de-juguetes-en-el-barrio-esperanza\/micesperanza\/#main\" data-orig-file=\"https:\/\/www.hoymercedes.com.ar\/principal\/wp-content\/uploads\/2013\/12\/micesperanza.jpg\" data-orig-size=\"620,465\" data-comments-opened=\"1\" data-image-meta=\"{&quot;aperture&quot;:&quot;3.2&quot;,&quot;credit&quot;:&quot;&quot;,&quot;camera&quot;:&quot;COOLPIX L310&quot;,&quot;caption&quot;:&quot;&quot;,&quot;created_timestamp&quot;:&quot;1387568130&quot;,&quot;copyright&quot;:&quot;&quot;,&quot;focal_length&quot;:&quot;5.6&quot;,&quot;iso&quot;:&quot;80&quot;,&quot;shutter_speed&quot;:&quot;0.016666666666667&quot;,&quot;title&quot;:&quot;&quot;}\" data-image-title=\"micesperanza\" data-image-description=\"\" data-image-caption=\"\" data-large-file=\"https:\/\/www.hoymercedes.com.ar\/principal\/wp-content\/uploads\/2013\/12\/micesperanza.jpg\" class=\"aligncenter size-full wp-image-28748\" alt=\"micesperanza\" src=\"https:\/\/www.hoymercedes.com.ar\/principal\/wp-content\/uploads\/2013\/12\/micesperanza.jpg\" width=\"620\" height=\"465\" \/><\/a><\/p>\n<p><em><strong>El Mercedes Independiente Comunal llev\u00f3 a cabo una jornada recreativa, de entrega de juguetes, de di\u00e1logo con los vecinos y juego para los chicos del Barrio Esperanza. La tarde cont\u00f3 con una importante cantidad de ni\u00f1os de la barriada que bailaron, jugaron y fueron parte de la fiesta.<\/strong><\/em><\/p>\n<p>El encuentro fue parte de las actividades sociales programadas desde el MIC Mercedes. Cont\u00f3 con la presencia de casi un centenar de ni\u00f1os y vecinos que escucharon m\u00fasica, jugaron al baile de la silla, a tirar latas con pelotas, al bal\u00f3n, entre otras acciones donde adem\u00e1s vivieron entrega de juguetes.<\/p>\n<p>De la jornada participaron los principales referentes del MIC, como Jos\u00e9 Cestari, Carlos Badano, Pedro Deluca, la juventud partidaria.<\/p>\n<p><img loading=\"lazy\" decoding=\"async\" data-attachment-id=\"28749\" data-permalink=\"https:\/\/www.hoymercedes.com.ar\/principal\/2013\/12\/20\/mic-realizo-actividades-y-entrega-de-juguetes-en-el-barrio-esperanza\/micesperanza2\/#main\" data-orig-file=\"https:\/\/www.hoymercedes.com.ar\/principal\/wp-content\/uploads\/2013\/12\/micesperanza2.jpg\" data-orig-size=\"620,465\" data-comments-opened=\"1\" data-image-meta=\"{&quot;aperture&quot;:&quot;3.1&quot;,&quot;credit&quot;:&quot;&quot;,&quot;camera&quot;:&quot;COOLPIX L310&quot;,&quot;caption&quot;:&quot;&quot;,&quot;created_timestamp&quot;:&quot;1387568093&quot;,&quot;copyright&quot;:&quot;&quot;,&quot;focal_length&quot;:&quot;4.5&quot;,&quot;iso&quot;:&quot;400&quot;,&quot;shutter_speed&quot;:&quot;0.005&quot;,&quot;title&quot;:&quot;&quot;}\" data-image-title=\"micesperanza2\" data-image-description=\"\" data-image-caption=\"\" data-large-file=\"https:\/\/www.hoymercedes.com.ar\/principal\/wp-content\/uploads\/2013\/12\/micesperanza2.jpg\" class=\"aligncenter size-full wp-image-28749\" alt=\"micesperanza2\" src=\"https:\/\/www.hoymercedes.com.ar\/principal\/wp-content\/uploads\/2013\/12\/micesperanza2.jpg\" width=\"620\" height=\"465\" \/><\/p>\n<p>Jos\u00e9 Cestari y Carlos Badano, ambos concejales, fueron los oradores. Badano manifest\u00f3: <i>\u201cqueremos decir que estamos muy felices de ac\u00e1. De \u00e9ste acercamiento que podemos hacer hacia cualquier vecino de la ciudad, no somos m\u00e1s ni menos que ustedes, que ustedes mismo han querido ponernos en el lugar en que hoy estamos. Queremos disfrutar de \u00e9ste momento de solidaridad, donde confraternizamos de cara a los dem\u00e1s y sentirse pleno con esperanza de lo que viene. Sin ninguna duda esto va a ser el principio de nuevos encuentros. Creemos en la gente porque es la que va a salvar al pa\u00eds. Si no nos salvamos entre todos no nos va a salvar nadie. Tenemos esperanza para el a\u00f1o que viene. Creemos en la gente. Hay que venir donde est\u00e1 la gente, no esperar que vaya la gente. A los chicos muchas gracias por estar, a los pap\u00e1s muchas gracias por traerlos. No pedimos nada a cambio, s\u00f3lo queremos compartir un momento de alegr\u00eda con todos ustedes\u201d.<\/i><\/p>\n<p>Tras las palabras los juegos continuaron, la m\u00fasica, el baile y los diversos entretenimientos preparados para los m\u00e1s peque\u00f1os.<\/p>\n<p><a href=\"https:\/\/www.hoymercedes.com.ar\/principal\/wp-content\/uploads\/2013\/12\/micesperanza3.jpg\"><img loading=\"lazy\" decoding=\"async\" data-attachment-id=\"28750\" data-permalink=\"https:\/\/www.hoymercedes.com.ar\/principal\/2013\/12\/20\/mic-realizo-actividades-y-entrega-de-juguetes-en-el-barrio-esperanza\/micesperanza3\/#main\" data-orig-file=\"https:\/\/www.hoymercedes.com.ar\/principal\/wp-content\/uploads\/2013\/12\/micesperanza3.jpg\" data-orig-size=\"620,465\" data-comments-opened=\"1\" data-image-meta=\"{&quot;aperture&quot;:&quot;3.2&quot;,&quot;credit&quot;:&quot;&quot;,&quot;camera&quot;:&quot;COOLPIX L310&quot;,&quot;caption&quot;:&quot;&quot;,&quot;created_timestamp&quot;:&quot;1387568385&quot;,&quot;copyright&quot;:&quot;&quot;,&quot;focal_length&quot;:&quot;5.1&quot;,&quot;iso&quot;:&quot;400&quot;,&quot;shutter_speed&quot;:&quot;0.005&quot;,&quot;title&quot;:&quot;&quot;}\" data-image-title=\"micesperanza3\" data-image-description=\"\" data-image-caption=\"\" data-large-file=\"https:\/\/www.hoymercedes.com.ar\/principal\/wp-content\/uploads\/2013\/12\/micesperanza3.jpg\" class=\"aligncenter size-full wp-image-28750\" alt=\"micesperanza3\" src=\"https:\/\/www.hoymercedes.com.ar\/principal\/wp-content\/uploads\/2013\/12\/micesperanza3.jpg\" width=\"620\" height=\"465\" \/><\/a><\/p>\n","protected":false},"excerpt":{"rendered":"<p>El Mercedes Independiente Comunal llev\u00f3 a cabo una jornada recreativa, de entrega de juguetes, de di\u00e1logo con los vecinos y &#8230; <a title=\"MIC realiz\u00f3 actividades y entrega de juguetes en el Barrio Esperanza\" class=\"read-more\" href=\"https:\/\/www.hoymercedes.com.ar\/principal\/2013\/12\/20\/mic-realizo-actividades-y-entrega-de-juguetes-en-el-barrio-esperanza\/\" aria-label=\"Leer m\u00e1s sobre MIC realiz\u00f3 actividades y entrega de juguetes en el Barrio Esperanza\">Leer m\u00e1s<\/a><\/p>\n","protected":false},"author":1,"featured_media":0,"comment_status":"open","ping_status":"open","sticky":false,"template":"","format":"standard","meta":{"_monsterinsights_skip_tracking":false,"_monsterinsights_sitenote_active":false,"_monsterinsights_sitenote_note":"","_monsterinsights_sitenote_category":0,"jetpack_post_was_ever_published":false,"_jetpack_newsletter_access":"","_jetpack_dont_email_post_to_subs":false,"_jetpack_newsletter_tier_id":0,"_jetpack_memberships_contains_paywalled_content":false,"_jetpack_memberships_contains_paid_content":false,"footnotes":"","jetpack_publicize_message":"","jetpack_publicize_feature_enabled":true,"jetpack_social_post_already_shared":true,"jetpack_social_options":{"image_generator_settings":{"template":"highway","default_image_id":0,"font":"","enabled":false},"version":2},"_wpas_customize_per_network":false},"categories":[5],"tags":[1972,4368],"class_list":["post-28746","post","type-post","status-publish","format-standard","hentry","category-politica","tag-mic","tag-mic-realizo-actividades-y-entrega-de-juguetes-en-el-barrio-esperanza","generate-columns","tablet-grid-50","mobile-grid-100","grid-parent","grid-50"],"jetpack_publicize_connections":[],"jetpack_featured_media_url":"","wps_subtitle":"","jetpack_sharing_enabled":true,"_links":{"self":[{"href":"https:\/\/www.hoymercedes.com.ar\/principal\/wp-json\/wp\/v2\/posts\/28746","targetHints":{"allow":["GET"]}}],"collection":[{"href":"https:\/\/www.hoymercedes.com.ar\/principal\/wp-json\/wp\/v2\/posts"}],"about":[{"href":"https:\/\/www.hoymercedes.com.ar\/principal\/wp-json\/wp\/v2\/types\/post"}],"author":[{"embeddable":true,"href":"https:\/\/www.hoymercedes.com.ar\/principal\/wp-json\/wp\/v2\/users\/1"}],"replies":[{"embeddable":true,"href":"https:\/\/www.hoymercedes.com.ar\/principal\/wp-json\/wp\/v2\/comments?post=28746"}],"version-history":[{"count":0,"href":"https:\/\/www.hoymercedes.com.ar\/principal\/wp-json\/wp\/v2\/posts\/28746\/revisions"}],"wp:attachment":[{"href":"https:\/\/www.hoymercedes.com.ar\/principal\/wp-json\/wp\/v2\/media?parent=28746"}],"wp:term":[{"taxonomy":"category","embeddable":true,"href":"https:\/\/www.hoymercedes.com.ar\/principal\/wp-json\/wp\/v2\/categories?post=28746"},{"taxonomy":"post_tag","embeddable":true,"href":"https:\/\/www.hoymercedes.com.ar\/principal\/wp-json\/wp\/v2\/tags?post=28746"}],"curies":[{"name":"wp","href":"https:\/\/api.w.org\/{rel}","templated":true}]}}