{"id":28883,"date":"2013-12-26T13:24:50","date_gmt":"2013-12-26T13:24:50","guid":{"rendered":"http:\/\/www.hoymercedes.com.ar\/principal\/?p=28883"},"modified":"2013-12-26T13:24:50","modified_gmt":"2013-12-26T13:24:50","slug":"mic-una-de-cal-y-una-de-arena-sostienen-sobre-dos-proyectos-propios","status":"publish","type":"post","link":"https:\/\/www.hoymercedes.com.ar\/principal\/2013\/12\/26\/mic-una-de-cal-y-una-de-arena-sostienen-sobre-dos-proyectos-propios\/","title":{"rendered":"MIC: \u00abuna de cal y una de arena\u00bb sostienen sobre dos proyectos propios"},"content":{"rendered":"<p><a href=\"https:\/\/www.hoymercedes.com.ar\/principal\/wp-content\/uploads\/2013\/12\/mic.escuela.jpg\"><img loading=\"lazy\" decoding=\"async\" data-attachment-id=\"28885\" data-permalink=\"https:\/\/www.hoymercedes.com.ar\/principal\/2013\/12\/26\/mic-una-de-cal-y-una-de-arena-sostienen-sobre-dos-proyectos-propios\/mic-escuela\/#main\" data-orig-file=\"https:\/\/www.hoymercedes.com.ar\/principal\/wp-content\/uploads\/2013\/12\/mic.escuela.jpg\" data-orig-size=\"620,465\" data-comments-opened=\"1\" data-image-meta=\"{&quot;aperture&quot;:&quot;0&quot;,&quot;credit&quot;:&quot;&quot;,&quot;camera&quot;:&quot;&quot;,&quot;caption&quot;:&quot;&quot;,&quot;created_timestamp&quot;:&quot;0&quot;,&quot;copyright&quot;:&quot;&quot;,&quot;focal_length&quot;:&quot;0&quot;,&quot;iso&quot;:&quot;0&quot;,&quot;shutter_speed&quot;:&quot;0&quot;,&quot;title&quot;:&quot;&quot;}\" data-image-title=\"mic.escuela\" data-image-description=\"\" data-image-caption=\"\" data-large-file=\"https:\/\/www.hoymercedes.com.ar\/principal\/wp-content\/uploads\/2013\/12\/mic.escuela.jpg\" class=\"aligncenter size-full wp-image-28885\" alt=\"mic.escuela\" src=\"https:\/\/www.hoymercedes.com.ar\/principal\/wp-content\/uploads\/2013\/12\/mic.escuela.jpg\" width=\"620\" height=\"465\" \/><\/a><\/p>\n<p><em><strong>El MIC Mercedes est\u00e1 haciendo un balance de lo que fue su \u00faltimo a\u00f1o y recuerda que en el 2012 fueron los que m\u00e1s proyectos presentaron. Respecto al 2013 sostienen: \u00abuna de cal y una de arena\u00bb.\u00a0<\/strong><\/em><\/p>\n<p>La fuerza comandada por Jos\u00e9 Cestari y que durante 2013 tras una buena elecci\u00f3n logr\u00f3 una segunda banca, adem\u00e1s de retener la que pose\u00eda, hizo referencia a dos proyectos que creen son valiosos y sobre los cuales uno fue ejecutado mientras que el segundo no.<\/p>\n<p>Sostuvieron: <em>\u00abEl Bloque Mercedes Independiente Comunal (MIC) en el a\u00f1o 2012 fue el que m\u00e1s proyectos present\u00f3, en este caso se har\u00e1 referencia \u00a0a dos proyectos que fueron aprobados por unanimidad.\u00bb<\/em><\/p>\n<p>UNO EJECUTADO<br \/>\nExp. N\u00b0 311\/2012. Aprobado por unanimidad el 10 de julio de 2012.<br \/>\nOrdenanza N\u00b0 7106\/2012<br \/>\nArt. 1\u00b0. Disp\u00f3nese la construcci\u00f3n de una rampa para cuatro escalones en el Complejo Olivera a trav\u00e9s del acceso por esquina de calles 106 y 13.<br \/>\nArt. 2\u00b0. Los gastos que demande la presente ser\u00e1n imputados a la partida que el Departamento Ejecutivo estime corresponder.<br \/>\nArt. 3\u00b0. Comun\u00edquese, reg\u00edstrese, d\u00e9se al Digesto General, cumplido arch\u00edvese.<br \/>\nLa rampa fue concluida en diciembre de 2013, esto beneficiar\u00e1 a las personas que se desplazan en sillas de rueda (alumnos del Jard\u00edn 910 y de la Escuela de Educaci\u00f3n Secundaria N\u00b0 13, empleados y p\u00fablico en general). Recordemos que el Complejo Olivera (inaugurado en 1982) se localiza en el Barrio Seminario.<br \/>\nEn detalle a tener en cuenta, considerando que se levant\u00f3 la vereda del complejo Olivera, se coloc\u00f3 material concreto, pero se olvidaron de poner los desag\u00fces pluviales de pl\u00e1stico. Seguramente el Municipio en breve solucionar\u00e1 este inconveniente porque cuando llueva se inundar\u00e1 la Escuela Primaria N\u00b0 37 entre otras.<br \/>\nOTRO NO EJECUTADO<br \/>\nExp. N\u00b0 378\/2012. Aprobado por unanimidad el 27 de agosto de 2012.<br \/>\nResoluci\u00f3n N\u00b0 212\/12<br \/>\nArt. 1. El HCD se dirige al DE para que a trav\u00e9s del \u00e1rea correspondiente proceda a sacar la vegetaci\u00f3n arbustiva que se encuentra en el cantero de la Avenida 2 casi esquina 13 (lado oeste) y se transplante a otro sector donde no obstaculice la visibilidad de los conductores de veh\u00edculos.<br \/>\nArt. 2\u00b0. Comun\u00edquese, reg\u00edstrese, etc.<br \/>\nEsto no fue ejecutado, considerando el obst\u00e1culo que presenta la vegetaci\u00f3n existente en el cantero de Avenida 2 y calle 13 para la visibilidad de los conductores de veh\u00edculos. Asimismo la problem\u00e1tica se percibe en otros lugares de la ciudad (Avenida 2 y calle 15, Avenida 17 y calle 6, etc). Asimismo uno de los objetivos prioritarios de los mercedinos es disminuir la probabilidad de accidentes de tr\u00e1nsito.<\/p>\n<p>&nbsp;<\/p>\n<p>&nbsp;<\/p>\n<p>&nbsp;<\/p>\n","protected":false},"excerpt":{"rendered":"<p>El MIC Mercedes est\u00e1 haciendo un balance de lo que fue su \u00faltimo a\u00f1o y recuerda que en el 2012 &#8230; <a title=\"MIC: \u00abuna de cal y una de arena\u00bb sostienen sobre dos proyectos propios\" class=\"read-more\" href=\"https:\/\/www.hoymercedes.com.ar\/principal\/2013\/12\/26\/mic-una-de-cal-y-una-de-arena-sostienen-sobre-dos-proyectos-propios\/\" aria-label=\"Leer m\u00e1s sobre MIC: \u00abuna de cal y una de arena\u00bb sostienen sobre dos proyectos propios\">Leer m\u00e1s<\/a><\/p>\n","protected":false},"author":1,"featured_media":0,"comment_status":"open","ping_status":"open","sticky":false,"template":"","format":"standard","meta":{"_monsterinsights_skip_tracking":false,"_monsterinsights_sitenote_active":false,"_monsterinsights_sitenote_note":"","_monsterinsights_sitenote_category":0,"jetpack_post_was_ever_published":false,"_jetpack_newsletter_access":"","_jetpack_dont_email_post_to_subs":false,"_jetpack_newsletter_tier_id":0,"_jetpack_memberships_contains_paywalled_content":false,"_jetpack_memberships_contains_paid_content":false,"footnotes":"","jetpack_publicize_message":"","jetpack_publicize_feature_enabled":true,"jetpack_social_post_already_shared":true,"jetpack_social_options":{"image_generator_settings":{"template":"highway","default_image_id":0,"font":"","enabled":false},"version":2},"_wpas_customize_per_network":false},"categories":[5],"tags":[4115,321,1972],"class_list":["post-28883","post","type-post","status-publish","format-standard","hentry","category-politica","tag-carlos-badano","tag-jose-cestari","tag-mic","generate-columns","tablet-grid-50","mobile-grid-100","grid-parent","grid-50"],"jetpack_publicize_connections":[],"jetpack_featured_media_url":"","wps_subtitle":"","jetpack_sharing_enabled":true,"_links":{"self":[{"href":"https:\/\/www.hoymercedes.com.ar\/principal\/wp-json\/wp\/v2\/posts\/28883","targetHints":{"allow":["GET"]}}],"collection":[{"href":"https:\/\/www.hoymercedes.com.ar\/principal\/wp-json\/wp\/v2\/posts"}],"about":[{"href":"https:\/\/www.hoymercedes.com.ar\/principal\/wp-json\/wp\/v2\/types\/post"}],"author":[{"embeddable":true,"href":"https:\/\/www.hoymercedes.com.ar\/principal\/wp-json\/wp\/v2\/users\/1"}],"replies":[{"embeddable":true,"href":"https:\/\/www.hoymercedes.com.ar\/principal\/wp-json\/wp\/v2\/comments?post=28883"}],"version-history":[{"count":0,"href":"https:\/\/www.hoymercedes.com.ar\/principal\/wp-json\/wp\/v2\/posts\/28883\/revisions"}],"wp:attachment":[{"href":"https:\/\/www.hoymercedes.com.ar\/principal\/wp-json\/wp\/v2\/media?parent=28883"}],"wp:term":[{"taxonomy":"category","embeddable":true,"href":"https:\/\/www.hoymercedes.com.ar\/principal\/wp-json\/wp\/v2\/categories?post=28883"},{"taxonomy":"post_tag","embeddable":true,"href":"https:\/\/www.hoymercedes.com.ar\/principal\/wp-json\/wp\/v2\/tags?post=28883"}],"curies":[{"name":"wp","href":"https:\/\/api.w.org\/{rel}","templated":true}]}}