{"id":28933,"date":"2013-12-28T17:24:46","date_gmt":"2013-12-28T17:24:46","guid":{"rendered":"http:\/\/www.hoymercedes.com.ar\/principal\/?p=28933"},"modified":"2013-12-28T17:27:38","modified_gmt":"2013-12-28T17:27:38","slug":"robo-entre-visitas-de-la-unidad-no5-requirio-actuacion-policial","status":"publish","type":"post","link":"https:\/\/www.hoymercedes.com.ar\/principal\/2013\/12\/28\/robo-entre-visitas-de-la-unidad-no5-requirio-actuacion-policial\/","title":{"rendered":"Robo entre visitas de la Unidad N\u00ba5 requiri\u00f3 actuaci\u00f3n policial"},"content":{"rendered":"<figure id=\"attachment_28935\" aria-describedby=\"caption-attachment-28935\" style=\"width: 610px\" class=\"wp-caption aligncenter\"><a href=\"https:\/\/www.hoymercedes.com.ar\/principal\/wp-content\/uploads\/2013\/12\/Unidad5.carcelmercedes.jpg\"><img loading=\"lazy\" decoding=\"async\" data-attachment-id=\"28935\" data-permalink=\"https:\/\/www.hoymercedes.com.ar\/principal\/2013\/12\/28\/robo-entre-visitas-de-la-unidad-no5-requirio-actuacion-policial\/unidad5-carcelmercedes-2\/#main\" data-orig-file=\"https:\/\/www.hoymercedes.com.ar\/principal\/wp-content\/uploads\/2013\/12\/Unidad5.carcelmercedes.jpg\" data-orig-size=\"620,465\" data-comments-opened=\"1\" data-image-meta=\"{&quot;aperture&quot;:&quot;2.8&quot;,&quot;credit&quot;:&quot;&quot;,&quot;camera&quot;:&quot;LG-E451g&quot;,&quot;caption&quot;:&quot;&quot;,&quot;created_timestamp&quot;:&quot;1377451315&quot;,&quot;copyright&quot;:&quot;&quot;,&quot;focal_length&quot;:&quot;3.5&quot;,&quot;iso&quot;:&quot;116&quot;,&quot;shutter_speed&quot;:&quot;0.000621&quot;,&quot;title&quot;:&quot;&quot;}\" data-image-title=\"Unidad5.carcelmercedes\" data-image-description=\"\" data-image-caption=\"&lt;p&gt;Penitenciar\u00eda Mercedes&lt;\/p&gt;\n\" data-large-file=\"https:\/\/www.hoymercedes.com.ar\/principal\/wp-content\/uploads\/2013\/12\/Unidad5.carcelmercedes.jpg\" class=\"size-full wp-image-28935\" alt=\"Penitenciar\u00eda Mercedes\" src=\"https:\/\/www.hoymercedes.com.ar\/principal\/wp-content\/uploads\/2013\/12\/Unidad5.carcelmercedes.jpg\" width=\"620\" height=\"465\" \/><\/a><figcaption id=\"caption-attachment-28935\" class=\"wp-caption-text\">Penitenciar\u00eda Mercedes<\/figcaption><\/figure>\n<p><em><strong>Un acontecimiento de particulares caracter\u00edsticas ocurri\u00f3 el fin de semana pasado entre mujeres que concurrieron a la Unidad Penitenciaria n\u00ba 5 a visitar a sus esposos, quienes se encuentran purgando condena por distintos delitos, comentaron actores del hecho.<\/strong><\/em><\/p>\n<p>Las protagonistas son mujeres que viven en Moreno y en la ciudad de Buenos Aires. \u00a0Todo tuvo comienzo cuando una de ellas, llamada Anal\u00eda, domiciliada en Buenos Aires, denunci\u00f3 por tel\u00e9fono el robo de dinero que ten\u00eda dentro de su cartera, informando tambi\u00e9n que se encontraba en la esquina de calles 29 y 40; una vez que la Polic\u00eda fue al lugar, se entrevista personalmente con \u00e9sta mujer, quien al momento estaba acompa\u00f1ada por otras dos se\u00f1oras, indicando dichas mujeres como las que le hab\u00edan robado el dinero que ten\u00eda en su propio bolso. A partir de ah\u00ed cuando retiraban pertenencias que horas atr\u00e1s hab\u00edan dejado en ese lugar con la autorizaci\u00f3n de la denunciante.<\/p>\n<p>Es as\u00ed que los Polic\u00edas identificaron a las \u201cladronas\u201d \u00a0mayores de edad, domiciliadas en Moreno, y les revisan sus ropas, encontrando en una de las zapatillas la suma de mil quinientos pesos en efectivo; de esta manera procedieron a detener a esa mujer, d\u00e1ndole intervenci\u00f3n a la Fiscal\u00eda que se encontraba de turno, desde donde ordenaron el inicio de una causa penal caratulada \u201ctentativa de hurto\u201d, quedando alojada en la Comisaria local, mientras que la acompa\u00f1ante recuper\u00f3 su libertad.<\/p>\n","protected":false},"excerpt":{"rendered":"<p>Un acontecimiento de particulares caracter\u00edsticas ocurri\u00f3 el fin de semana pasado entre mujeres que concurrieron a la Unidad Penitenciaria n\u00ba &#8230; <a title=\"Robo entre visitas de la Unidad N\u00ba5 requiri\u00f3 actuaci\u00f3n policial\" class=\"read-more\" href=\"https:\/\/www.hoymercedes.com.ar\/principal\/2013\/12\/28\/robo-entre-visitas-de-la-unidad-no5-requirio-actuacion-policial\/\" aria-label=\"Leer m\u00e1s sobre Robo entre visitas de la Unidad N\u00ba5 requiri\u00f3 actuaci\u00f3n policial\">Leer m\u00e1s<\/a><\/p>\n","protected":false},"author":1,"featured_media":0,"comment_status":"open","ping_status":"open","sticky":false,"template":"","format":"standard","meta":{"_monsterinsights_skip_tracking":false,"_monsterinsights_sitenote_active":false,"_monsterinsights_sitenote_note":"","_monsterinsights_sitenote_category":0,"jetpack_post_was_ever_published":false,"_jetpack_newsletter_access":"","_jetpack_dont_email_post_to_subs":false,"_jetpack_newsletter_tier_id":0,"_jetpack_memberships_contains_paywalled_content":false,"_jetpack_memberships_contains_paid_content":false,"footnotes":"","jetpack_publicize_message":"","jetpack_publicize_feature_enabled":true,"jetpack_social_post_already_shared":true,"jetpack_social_options":{"image_generator_settings":{"template":"highway","default_image_id":0,"font":"","enabled":false},"version":2},"_wpas_customize_per_network":false},"categories":[85],"tags":[126,113],"class_list":["post-28933","post","type-post","status-publish","format-standard","hentry","category-policial","tag-policia-mercedes","tag-unidad-5","generate-columns","tablet-grid-50","mobile-grid-100","grid-parent","grid-50"],"jetpack_publicize_connections":[],"jetpack_featured_media_url":"","wps_subtitle":"","jetpack_sharing_enabled":true,"_links":{"self":[{"href":"https:\/\/www.hoymercedes.com.ar\/principal\/wp-json\/wp\/v2\/posts\/28933","targetHints":{"allow":["GET"]}}],"collection":[{"href":"https:\/\/www.hoymercedes.com.ar\/principal\/wp-json\/wp\/v2\/posts"}],"about":[{"href":"https:\/\/www.hoymercedes.com.ar\/principal\/wp-json\/wp\/v2\/types\/post"}],"author":[{"embeddable":true,"href":"https:\/\/www.hoymercedes.com.ar\/principal\/wp-json\/wp\/v2\/users\/1"}],"replies":[{"embeddable":true,"href":"https:\/\/www.hoymercedes.com.ar\/principal\/wp-json\/wp\/v2\/comments?post=28933"}],"version-history":[{"count":0,"href":"https:\/\/www.hoymercedes.com.ar\/principal\/wp-json\/wp\/v2\/posts\/28933\/revisions"}],"wp:attachment":[{"href":"https:\/\/www.hoymercedes.com.ar\/principal\/wp-json\/wp\/v2\/media?parent=28933"}],"wp:term":[{"taxonomy":"category","embeddable":true,"href":"https:\/\/www.hoymercedes.com.ar\/principal\/wp-json\/wp\/v2\/categories?post=28933"},{"taxonomy":"post_tag","embeddable":true,"href":"https:\/\/www.hoymercedes.com.ar\/principal\/wp-json\/wp\/v2\/tags?post=28933"}],"curies":[{"name":"wp","href":"https:\/\/api.w.org\/{rel}","templated":true}]}}