{"id":28949,"date":"2013-12-29T18:26:18","date_gmt":"2013-12-29T18:26:18","guid":{"rendered":"http:\/\/www.hoymercedes.com.ar\/principal\/?p=28949"},"modified":"2013-12-29T18:27:47","modified_gmt":"2013-12-29T18:27:47","slug":"selva-en-la-mesa-nacional-massista-con-lavagn-y-reuteman","status":"publish","type":"post","link":"https:\/\/www.hoymercedes.com.ar\/principal\/2013\/12\/29\/selva-en-la-mesa-nacional-massista-con-lavagn-y-reuteman\/","title":{"rendered":"Selva en la mesa nacional massista con Lavagna y Reutemann"},"content":{"rendered":"<p><a href=\"https:\/\/www.hoymercedes.com.ar\/principal\/wp-content\/uploads\/2013\/12\/selvamesanacionalmassa.jpg\"><img loading=\"lazy\" decoding=\"async\" data-attachment-id=\"28951\" data-permalink=\"https:\/\/www.hoymercedes.com.ar\/principal\/2013\/12\/29\/selva-en-la-mesa-nacional-massista-con-lavagn-y-reuteman\/selvamesanacionalmassa\/#main\" data-orig-file=\"https:\/\/www.hoymercedes.com.ar\/principal\/wp-content\/uploads\/2013\/12\/selvamesanacionalmassa.jpg\" data-orig-size=\"620,414\" data-comments-opened=\"1\" data-image-meta=\"{&quot;aperture&quot;:&quot;0&quot;,&quot;credit&quot;:&quot;Mariano Hotto&quot;,&quot;camera&quot;:&quot;&quot;,&quot;caption&quot;:&quot;&quot;,&quot;created_timestamp&quot;:&quot;0&quot;,&quot;copyright&quot;:&quot;2013 Mariano Hotto&quot;,&quot;focal_length&quot;:&quot;0&quot;,&quot;iso&quot;:&quot;0&quot;,&quot;shutter_speed&quot;:&quot;0&quot;,&quot;title&quot;:&quot;&quot;}\" data-image-title=\"selvamesanacionalmassa\" data-image-description=\"\" data-image-caption=\"\" data-large-file=\"https:\/\/www.hoymercedes.com.ar\/principal\/wp-content\/uploads\/2013\/12\/selvamesanacionalmassa.jpg\" class=\"aligncenter size-full wp-image-28951\" alt=\"selvamesanacionalmassa\" src=\"https:\/\/www.hoymercedes.com.ar\/principal\/wp-content\/uploads\/2013\/12\/selvamesanacionalmassa.jpg\" width=\"620\" height=\"414\" \/><\/a><\/p>\n<p><em><strong>El intendente Carlos Selva form\u00f3 parte este s\u00e1bado de una mesa de trabajo de alcance nacional liderada por el diputado nacional y gran referente del Frente Renovador Sergio Massa.<\/strong><\/em><\/p>\n<p>Desde la ma\u00f1ana de este s\u00e1bado se concret\u00f3 una mesa de trabajo de alcance nacional en la localidad de Tigre que tuvo como m\u00e1ximo referente a Massa, quien estuvo acompa\u00f1ado del ex ministro Roberto Lavagna y el actual senador Carlos Reuteman, entre otros. Fue un encuentro reservado para importantes dirigentes que trabajan en el armado nacional del Frente Renovador y all\u00ed estuvo el intendente de Mercedes Carlos Selva.<\/p>\n<p>En el marco de la reuni\u00f3n de trabajo que se realiz\u00f3 en Tigre para la presentaci\u00f3n de la Mesa Nacional del Frente Renovador donde se establecieron los principales puntos de la Agenda de Trabajo 2014, el diputado nacional sostuvo: \u201cInflaci\u00f3n, inseguridad, educaci\u00f3n, servicios p\u00fablicos y presi\u00f3n tributaria, esos son nuestros ejes de trabajo nacional\u201d.<\/p>\n<p>El l\u00edder del Frente Renovador se refiri\u00f3 al encuentro celebrado entre referentes del espacio pol\u00edtico pertenecientes a distintas provincias del pa\u00eds: \u00abTenemos los brazos abiertos para todos los que quieran trabajar en esta agenda de trabajo. La agenda del 2014 implica pluralismo para resolver los problemas\u00bb.<\/p>\n<p>En este sentido, Massa agreg\u00f3: \u00abEl camino para la construcci\u00f3n alternativa es el pluralismo sobre la base de la unidad en la diversidad. Mientras algunos se juntan a repartirse cargos, nosotros nos juntamos a repartirnos tareas para la agenda del 2014: inflaci\u00f3n, inseguridad, educaci\u00f3n, servicios p\u00fablicos y presi\u00f3n tributaria, esos son nuestros ejes de trabajo nacional\u201d.<\/p>\n<p>Acompa\u00f1aron a Massa en la reuni\u00f3n de trabajo el senador Carlos Reutemann y\u00a0 el ex ministro de econom\u00eda Roberto Lavagna.<\/p>\n<p>\u201cLos 10 principales ejes de la agenda de trabajo del Frente Renovador para 2014 ser\u00e1n: la construcci\u00f3n de un mensaje de respeto a la pluralidad y unidad de los argentinos; la defensa de salarios y jubilados contra al inflaci\u00f3n; la inversi\u00f3n como motor de la soluci\u00f3n a esta inflaci\u00f3n; la consolidaci\u00f3n de una matriz y pol\u00edtica energ\u00e9tica de largo plazo; la independencia del poder judicial mediante el fortalecimiento de las instituciones; la educaci\u00f3n; propuestas de lucha contra el narcotr\u00e1fico; fomentar el di\u00e1logo a partir del Consejo Econ\u00f3mico Social; el desarrollo de un programa de disminuci\u00f3n de presi\u00f3n impositiva con \u00e9nfasis en econom\u00edas regionales\u201d, sostuvo el intendente Selva luego de la reuni\u00f3n.<\/p>\n<p>Formaron parte del encuentro los diputados nacionales Dar\u00edo Giustozzi, Felipe Sol\u00e1, H\u00e9ctor Daer, Adri\u00e1n P\u00e9rez y Graciela Cama\u00f1o, los intendentes Jos\u00e9 Eseverri (Olavarr\u00eda), Joaqu\u00edn de la Torre (San Miguel), Jesus Cariglino (Malvinas Argentinas), Sandro Guzm\u00e1n (Escobar), Gabriel Katopodis (San Mart\u00edn), Gustavo Posse (San Isidro) y Mario Meoni (Jun\u00edn). El jefe comunal de la capital catamarque\u00f1a, Ra\u00fal Jalil , los economistas Miguel Peirano, Mart\u00edn Redrado, Ricardo Delgado y Jos\u00e9 Ignacio De Mendiguren, el ex gobernador de Entre R\u00edos Jorge Busti, el ex gobernador de Chubut Mario Das Neves,\u00a0 Alberto Fern\u00e1ndez, Juan Carlos Mur\u00faa, Carlos Acu\u00f1a, Juan Jos\u00e9 \u00c1lvarez, Cacho \u00c1lvarez, Juan Amondarain, Daniel Arroyo, Ismael Bordegaray, H\u00e9ctor Ruiz Chabay, Diego Gonz\u00e1lez, Jos\u00e9 Luis Martiarena, Cachi Mart\u00ednez, Jos\u00e9 Orellana, Ra\u00fal P\u00e9rez, Juan Carlos Romero, Rub\u00e9n Sciuto, Alejandro Snopek, Armando Traferri, Ger\u00f3nimo Vargas Aignasse, entre otros.<\/p>\n<p><span style=\"color: #888888;\">Fuente: Frente Renovador<\/span><\/p>\n","protected":false},"excerpt":{"rendered":"<p>El intendente Carlos Selva form\u00f3 parte este s\u00e1bado de una mesa de trabajo de alcance nacional liderada por el diputado &#8230; <a title=\"Selva en la mesa nacional massista con Lavagna y Reutemann\" class=\"read-more\" href=\"https:\/\/www.hoymercedes.com.ar\/principal\/2013\/12\/29\/selva-en-la-mesa-nacional-massista-con-lavagn-y-reuteman\/\" aria-label=\"Leer m\u00e1s sobre Selva en la mesa nacional massista con Lavagna y Reutemann\">Leer m\u00e1s<\/a><\/p>\n","protected":false},"author":1,"featured_media":0,"comment_status":"open","ping_status":"open","sticky":false,"template":"","format":"standard","meta":{"_monsterinsights_skip_tracking":false,"_monsterinsights_sitenote_active":false,"_monsterinsights_sitenote_note":"","_monsterinsights_sitenote_category":0,"jetpack_post_was_ever_published":false,"_jetpack_newsletter_access":"","_jetpack_dont_email_post_to_subs":false,"_jetpack_newsletter_tier_id":0,"_jetpack_memberships_contains_paywalled_content":false,"_jetpack_memberships_contains_paid_content":false,"footnotes":"","jetpack_publicize_message":"","jetpack_publicize_feature_enabled":true,"jetpack_social_post_already_shared":true,"jetpack_social_options":{"image_generator_settings":{"template":"highway","default_image_id":0,"font":"","enabled":false},"version":2},"_wpas_customize_per_network":false},"categories":[5],"tags":[3537,4413,3226,4414,4417,4415,4416,18,4412],"class_list":["post-28949","post","type-post","status-publish","format-standard","hentry","category-politica","tag-frente-renovador","tag-lavagna","tag-massa","tag-massismo","tag-mesa-nacional-frente-renovador","tag-mesa-nacional-massa","tag-mesa-nacional-massismo","tag-selva","tag-selva-en-la-mesa-nacional-massista-con-lavagn-y-reuteman","generate-columns","tablet-grid-50","mobile-grid-100","grid-parent","grid-50"],"jetpack_publicize_connections":[],"jetpack_featured_media_url":"","wps_subtitle":"","jetpack_sharing_enabled":true,"_links":{"self":[{"href":"https:\/\/www.hoymercedes.com.ar\/principal\/wp-json\/wp\/v2\/posts\/28949","targetHints":{"allow":["GET"]}}],"collection":[{"href":"https:\/\/www.hoymercedes.com.ar\/principal\/wp-json\/wp\/v2\/posts"}],"about":[{"href":"https:\/\/www.hoymercedes.com.ar\/principal\/wp-json\/wp\/v2\/types\/post"}],"author":[{"embeddable":true,"href":"https:\/\/www.hoymercedes.com.ar\/principal\/wp-json\/wp\/v2\/users\/1"}],"replies":[{"embeddable":true,"href":"https:\/\/www.hoymercedes.com.ar\/principal\/wp-json\/wp\/v2\/comments?post=28949"}],"version-history":[{"count":0,"href":"https:\/\/www.hoymercedes.com.ar\/principal\/wp-json\/wp\/v2\/posts\/28949\/revisions"}],"wp:attachment":[{"href":"https:\/\/www.hoymercedes.com.ar\/principal\/wp-json\/wp\/v2\/media?parent=28949"}],"wp:term":[{"taxonomy":"category","embeddable":true,"href":"https:\/\/www.hoymercedes.com.ar\/principal\/wp-json\/wp\/v2\/categories?post=28949"},{"taxonomy":"post_tag","embeddable":true,"href":"https:\/\/www.hoymercedes.com.ar\/principal\/wp-json\/wp\/v2\/tags?post=28949"}],"curies":[{"name":"wp","href":"https:\/\/api.w.org\/{rel}","templated":true}]}}