{"id":29071,"date":"2014-01-05T02:24:19","date_gmt":"2014-01-05T02:24:19","guid":{"rendered":"http:\/\/www.hoymercedes.com.ar\/principal\/?p=29071"},"modified":"2014-01-05T02:24:19","modified_gmt":"2014-01-05T02:24:19","slug":"colocan-antigua-placa-de-detenidos-desaparecidos-y-asesinados-de-mercedes","status":"publish","type":"post","link":"https:\/\/www.hoymercedes.com.ar\/principal\/2014\/01\/05\/colocan-antigua-placa-de-detenidos-desaparecidos-y-asesinados-de-mercedes\/","title":{"rendered":"Colocan antigua placa de detenidos, desaparecidos y asesinados de Mercedes"},"content":{"rendered":"<p><a href=\"https:\/\/www.hoymercedes.com.ar\/principal\/wp-content\/uploads\/2014\/01\/CAM006421.jpg\"><img loading=\"lazy\" decoding=\"async\" data-attachment-id=\"29075\" data-permalink=\"https:\/\/www.hoymercedes.com.ar\/principal\/2014\/01\/05\/colocan-antigua-placa-de-detenidos-desaparecidos-y-asesinados-de-mercedes\/cam00642-2\/#main\" data-orig-file=\"https:\/\/www.hoymercedes.com.ar\/principal\/wp-content\/uploads\/2014\/01\/CAM006421.jpg\" data-orig-size=\"620,827\" data-comments-opened=\"1\" data-image-meta=\"{&quot;aperture&quot;:&quot;2.8&quot;,&quot;credit&quot;:&quot;&quot;,&quot;camera&quot;:&quot;LG-E451g&quot;,&quot;caption&quot;:&quot;&quot;,&quot;created_timestamp&quot;:&quot;1388745501&quot;,&quot;copyright&quot;:&quot;&quot;,&quot;focal_length&quot;:&quot;3.5&quot;,&quot;iso&quot;:&quot;112&quot;,&quot;shutter_speed&quot;:&quot;0.008924&quot;,&quot;title&quot;:&quot;&quot;}\" data-image-title=\"Placa Detenidos Desaparecidos Mercedes \" data-image-description=\"\" data-image-caption=\"\" data-large-file=\"https:\/\/www.hoymercedes.com.ar\/principal\/wp-content\/uploads\/2014\/01\/CAM006421.jpg\" class=\"aligncenter size-full wp-image-29075\" alt=\"Placa Detenidos Desaparecidos Mercedes \" src=\"https:\/\/www.hoymercedes.com.ar\/principal\/wp-content\/uploads\/2014\/01\/CAM006421.jpg\" width=\"620\" height=\"827\" srcset=\"https:\/\/www.hoymercedes.com.ar\/principal\/wp-content\/uploads\/2014\/01\/CAM006421.jpg 620w, https:\/\/www.hoymercedes.com.ar\/principal\/wp-content\/uploads\/2014\/01\/CAM006421-464x620.jpg 464w\" sizes=\"auto, (max-width: 620px) 100vw, 620px\" \/><\/a><\/p>\n<p><em><strong>Durante la semana que pas\u00f3 se procedi\u00f3 tal como se vot\u00f3 en el Concejo Deliberante a la colocaci\u00f3n de la antigua placa sobre los detenidos, desaparecidos y asesinados de la ciudad de Mercedes.\u00a0<\/strong><\/em><\/p>\n<p>Tras el intercambio de opiniones y de visiones sobre el rol de la memoria, la exposici\u00f3n de los contenidos vinculados a la \u00faltima dictadura c\u00edvico militar (que cont\u00f3 con apoyo de la iglesia, grupos econ\u00f3micos concentrados y medios de comunicaci\u00f3n), sobre las exposiciones en el Concejo Deliberante con diversos pedidos desde la Municipalidad se procedi\u00f3 al cambio de placa.<\/p>\n<p>De esta manera los mercedinos podr\u00e1n observar las mejoras en el monolito y la vieja placa.<\/p>\n","protected":false},"excerpt":{"rendered":"<p>Durante la semana que pas\u00f3 se procedi\u00f3 tal como se vot\u00f3 en el Concejo Deliberante a la colocaci\u00f3n de la &#8230; <a title=\"Colocan antigua placa de detenidos, desaparecidos y asesinados de Mercedes\" class=\"read-more\" href=\"https:\/\/www.hoymercedes.com.ar\/principal\/2014\/01\/05\/colocan-antigua-placa-de-detenidos-desaparecidos-y-asesinados-de-mercedes\/\" aria-label=\"Leer m\u00e1s sobre Colocan antigua placa de detenidos, desaparecidos y asesinados de Mercedes\">Leer m\u00e1s<\/a><\/p>\n","protected":false},"author":1,"featured_media":0,"comment_status":"open","ping_status":"open","sticky":false,"template":"","format":"standard","meta":{"_monsterinsights_skip_tracking":false,"_monsterinsights_sitenote_active":false,"_monsterinsights_sitenote_note":"","_monsterinsights_sitenote_category":0,"jetpack_post_was_ever_published":false,"_jetpack_newsletter_access":"","_jetpack_dont_email_post_to_subs":false,"_jetpack_newsletter_tier_id":0,"_jetpack_memberships_contains_paywalled_content":false,"_jetpack_memberships_contains_paid_content":false,"footnotes":"","jetpack_publicize_message":"","jetpack_publicize_feature_enabled":true,"jetpack_social_post_already_shared":true,"jetpack_social_options":{"image_generator_settings":{"template":"highway","default_image_id":0,"font":"","enabled":false},"version":2},"_wpas_customize_per_network":false},"categories":[30],"tags":[4443,26,3677,4444],"class_list":["post-29071","post","type-post","status-publish","format-standard","hentry","category-municipio","tag-desaparecidos","tag-detenidos","tag-detenidos-desaparecidos-asesinados-mercedes","tag-memoria-mercedes","generate-columns","tablet-grid-50","mobile-grid-100","grid-parent","grid-50"],"jetpack_publicize_connections":[],"jetpack_featured_media_url":"","wps_subtitle":"","jetpack_sharing_enabled":true,"_links":{"self":[{"href":"https:\/\/www.hoymercedes.com.ar\/principal\/wp-json\/wp\/v2\/posts\/29071","targetHints":{"allow":["GET"]}}],"collection":[{"href":"https:\/\/www.hoymercedes.com.ar\/principal\/wp-json\/wp\/v2\/posts"}],"about":[{"href":"https:\/\/www.hoymercedes.com.ar\/principal\/wp-json\/wp\/v2\/types\/post"}],"author":[{"embeddable":true,"href":"https:\/\/www.hoymercedes.com.ar\/principal\/wp-json\/wp\/v2\/users\/1"}],"replies":[{"embeddable":true,"href":"https:\/\/www.hoymercedes.com.ar\/principal\/wp-json\/wp\/v2\/comments?post=29071"}],"version-history":[{"count":0,"href":"https:\/\/www.hoymercedes.com.ar\/principal\/wp-json\/wp\/v2\/posts\/29071\/revisions"}],"wp:attachment":[{"href":"https:\/\/www.hoymercedes.com.ar\/principal\/wp-json\/wp\/v2\/media?parent=29071"}],"wp:term":[{"taxonomy":"category","embeddable":true,"href":"https:\/\/www.hoymercedes.com.ar\/principal\/wp-json\/wp\/v2\/categories?post=29071"},{"taxonomy":"post_tag","embeddable":true,"href":"https:\/\/www.hoymercedes.com.ar\/principal\/wp-json\/wp\/v2\/tags?post=29071"}],"curies":[{"name":"wp","href":"https:\/\/api.w.org\/{rel}","templated":true}]}}