{"id":29136,"date":"2014-01-06T14:27:58","date_gmt":"2014-01-06T14:27:58","guid":{"rendered":"http:\/\/www.hoymercedes.com.ar\/principal\/?p=29136"},"modified":"2014-01-06T14:34:11","modified_gmt":"2014-01-06T14:34:11","slug":"jose-venegas-a-cargo-de-la-uom-vamos-a-continuar-lo-que-julio-nunez-inicio-hace-treinta-y-tantos-anos","status":"publish","type":"post","link":"https:\/\/www.hoymercedes.com.ar\/principal\/2014\/01\/06\/jose-venegas-a-cargo-de-la-uom-vamos-a-continuar-lo-que-julio-nunez-inicio-hace-treinta-y-tantos-anos\/","title":{"rendered":"Jos\u00e9 Venegas a cargo de la UOM: \u201cVamos a continuar lo que Julio Nu\u00f1ez inici\u00f3 hace treinta y tantos a\u00f1os\u201d"},"content":{"rendered":"<figure id=\"attachment_29138\" aria-describedby=\"caption-attachment-29138\" style=\"width: 610px\" class=\"wp-caption aligncenter\"><a href=\"https:\/\/www.hoymercedes.com.ar\/principal\/wp-content\/uploads\/2014\/01\/JoseVenegas.jpg\"><img loading=\"lazy\" decoding=\"async\" data-attachment-id=\"29138\" data-permalink=\"https:\/\/www.hoymercedes.com.ar\/principal\/2014\/01\/06\/jose-venegas-a-cargo-de-la-uom-vamos-a-continuar-lo-que-julio-nunez-inicio-hace-treinta-y-tantos-anos\/josevenegas\/#main\" data-orig-file=\"https:\/\/www.hoymercedes.com.ar\/principal\/wp-content\/uploads\/2014\/01\/JoseVenegas.jpg\" data-orig-size=\"620,465\" data-comments-opened=\"1\" data-image-meta=\"{&quot;aperture&quot;:&quot;5.3&quot;,&quot;credit&quot;:&quot;&quot;,&quot;camera&quot;:&quot;COOLPIX L820&quot;,&quot;caption&quot;:&quot;&quot;,&quot;created_timestamp&quot;:&quot;1388744320&quot;,&quot;copyright&quot;:&quot;&quot;,&quot;focal_length&quot;:&quot;32.8&quot;,&quot;iso&quot;:&quot;450&quot;,&quot;shutter_speed&quot;:&quot;0.033333333333333&quot;,&quot;title&quot;:&quot;&quot;}\" data-image-title=\"JoseVenegas\" data-image-description=\"\" data-image-caption=\"&lt;p&gt;Jos\u00e9 Venegasm Secretario General UOM Mercedes&lt;\/p&gt;\n\" data-large-file=\"https:\/\/www.hoymercedes.com.ar\/principal\/wp-content\/uploads\/2014\/01\/JoseVenegas.jpg\" class=\"size-full wp-image-29138\" alt=\"Jos\u00e9 Venegasm Secretario General UOM Mercedes\" src=\"https:\/\/www.hoymercedes.com.ar\/principal\/wp-content\/uploads\/2014\/01\/JoseVenegas.jpg\" width=\"620\" height=\"465\" \/><\/a><figcaption id=\"caption-attachment-29138\" class=\"wp-caption-text\">Jos\u00e9 Venegasm Secretario General UOM Mercedes<\/figcaption><\/figure>\n<p><em><strong>Tras la muerte de su referente durante las \u00faltimas d\u00e9cadas la Uni\u00f3n Obrera Metal\u00fargica Seccional Mercedes present\u00f3 su nueva conformaci\u00f3n gremial con la conducci\u00f3n de Jos\u00e9 Vanegas. Fernando, hijo de Julio Nu\u00f1ez ser\u00e1 adjunto. Jos\u00e9 Venegas Secretario General.<\/strong><\/em><\/p>\n<p>Desde una conferencia de prensa manifestaron su decisi\u00f3n de continuar trabajando en la unidad gremial. Hubo un sentido clima de recuerdo para Julio Nu\u00f1ez.<\/p>\n<p><a href=\"https:\/\/www.hoymercedes.com.ar\/principal\/wp-content\/uploads\/2014\/01\/oummercedes.jpg\"><img loading=\"lazy\" decoding=\"async\" data-attachment-id=\"29139\" data-permalink=\"https:\/\/www.hoymercedes.com.ar\/principal\/2014\/01\/06\/jose-venegas-a-cargo-de-la-uom-vamos-a-continuar-lo-que-julio-nunez-inicio-hace-treinta-y-tantos-anos\/oummercedes\/#main\" data-orig-file=\"https:\/\/www.hoymercedes.com.ar\/principal\/wp-content\/uploads\/2014\/01\/oummercedes.jpg\" data-orig-size=\"620,287\" data-comments-opened=\"1\" data-image-meta=\"{&quot;aperture&quot;:&quot;3&quot;,&quot;credit&quot;:&quot;&quot;,&quot;camera&quot;:&quot;COOLPIX L820&quot;,&quot;caption&quot;:&quot;&quot;,&quot;created_timestamp&quot;:&quot;1388744339&quot;,&quot;copyright&quot;:&quot;&quot;,&quot;focal_length&quot;:&quot;4&quot;,&quot;iso&quot;:&quot;200&quot;,&quot;shutter_speed&quot;:&quot;0.033333333333333&quot;,&quot;title&quot;:&quot;&quot;}\" data-image-title=\"uommercedes\" data-image-description=\"\" data-image-caption=\"\" data-large-file=\"https:\/\/www.hoymercedes.com.ar\/principal\/wp-content\/uploads\/2014\/01\/oummercedes.jpg\" class=\"aligncenter size-full wp-image-29139\" alt=\"uommercedes\" src=\"https:\/\/www.hoymercedes.com.ar\/principal\/wp-content\/uploads\/2014\/01\/oummercedes.jpg\" width=\"620\" height=\"287\" \/><\/a><\/p>\n<p>Vanegas, entre otros conceptos, manifest\u00f3: <i>\u201cYa empez\u00f3 a hacerse aquello por lo que se luch\u00f3 que es la unidad. Es lo que tiene que ser. Se tuvieron dificultades, pero salimos adelante. Estamos unidos para salir adelante. Las puertas est\u00e1n abiertas, queremos escuchar, que traigan problemas, soluciones, temas. Vamos a continuar lo que Julio Nu\u00f1ez inici\u00f3 hace treinta y tantos a\u00f1os y vamos a seguir lo mejor posible. Solucionando todos los problemas que son cada vez menos. Ya casi temas dif\u00edcil no quedan. Estamos unidos\u201d.<\/i><\/p>\n<p>[pullquote position=\u00bbright\u00bb]<span style=\"color: #888888;\"><span style=\"color: #000000;\">No fue dif\u00edcil convencernos que deb\u00edamos continuar<\/span>.\u00a0<\/span>[\/pullquote]<\/p>\n<p>&nbsp;<\/p>\n<p>En relaci\u00f3n a los v\u00ednculos con el nivel gremial nacional del sindicato manifest\u00f3: <i>\u201cellos est\u00e1n al tanto de todo, fueron los primeros consultados. Lo hicimos incluso por medio del abogado. Nosotros tenemos que continuar hasta el 2016 con lo comenzado en el 2012. Luego veremos cuando llegue el momento qu\u00e9 hacemos. Mientras tanto continuamos con la misma comisi\u00f3n directiva por respeto a Julio y seguir adelante con la idea que \u00e9l ten\u00eda que era la unidad de todos los compa\u00f1eros y su defensa (\u2026) hasta el d\u00eda de hoy no lo podemos creer. Fue r\u00e1pido y nos agarr\u00f3 desprevenidos. No fue dif\u00edcil convencernos de que deb\u00edamos continuar. Estamos juntos y as\u00ed seguiremos. Personalmente hace doce a\u00f1os que estoy en el gremio\u201d.<\/i><\/p>\n<p>La conducci\u00f3n gremial qued\u00f3 de la siguiente manera:<\/p>\n<p>Secretario General: Jos\u00e9 Venegas<\/p>\n<p>Secretario Adjunto: Fernando Nu\u00f1ez<\/p>\n<p>Secretario de Organizaci\u00f3n: Alcides Fontana<\/p>\n<p>Tesorero: Humberto Perdiguero<\/p>\n<p>Protesorero: Felipe Mart\u00edn<\/p>\n<p>Secretario de actas y correspondencia: Rub\u00e9n Minetto<\/p>\n<p>&nbsp;<\/p>\n<p>&nbsp;<\/p>\n","protected":false},"excerpt":{"rendered":"<p>Tras la muerte de su referente durante las \u00faltimas d\u00e9cadas la Uni\u00f3n Obrera Metal\u00fargica Seccional Mercedes present\u00f3 su nueva conformaci\u00f3n &#8230; <a title=\"Jos\u00e9 Venegas a cargo de la UOM: \u201cVamos a continuar lo que Julio Nu\u00f1ez inici\u00f3 hace treinta y tantos a\u00f1os\u201d\" class=\"read-more\" href=\"https:\/\/www.hoymercedes.com.ar\/principal\/2014\/01\/06\/jose-venegas-a-cargo-de-la-uom-vamos-a-continuar-lo-que-julio-nunez-inicio-hace-treinta-y-tantos-anos\/\" aria-label=\"Leer m\u00e1s sobre Jos\u00e9 Venegas a cargo de la UOM: \u201cVamos a continuar lo que Julio Nu\u00f1ez inici\u00f3 hace treinta y tantos a\u00f1os\u201d\">Leer m\u00e1s<\/a><\/p>\n","protected":false},"author":1,"featured_media":0,"comment_status":"open","ping_status":"open","sticky":false,"template":"","format":"standard","meta":{"_monsterinsights_skip_tracking":false,"_monsterinsights_sitenote_active":false,"_monsterinsights_sitenote_note":"","_monsterinsights_sitenote_category":0,"jetpack_post_was_ever_published":false,"_jetpack_newsletter_access":"","_jetpack_dont_email_post_to_subs":false,"_jetpack_newsletter_tier_id":0,"_jetpack_memberships_contains_paywalled_content":false,"_jetpack_memberships_contains_paid_content":false,"footnotes":"","jetpack_publicize_message":"","jetpack_publicize_feature_enabled":true,"jetpack_social_post_already_shared":true,"jetpack_social_options":{"image_generator_settings":{"template":"highway","default_image_id":0,"font":"","enabled":false},"version":2},"_wpas_customize_per_network":false},"categories":[8],"tags":[4455,4454,4453,268],"class_list":["post-29136","post","type-post","status-publish","format-standard","hentry","category-sociedad","tag-fernando-nunes","tag-jose-venegas-secretario-general","tag-union-obreta-metalurgica-mercedes","tag-uom-mercedes","generate-columns","tablet-grid-50","mobile-grid-100","grid-parent","grid-50"],"jetpack_publicize_connections":[],"jetpack_featured_media_url":"","wps_subtitle":"","jetpack_sharing_enabled":true,"_links":{"self":[{"href":"https:\/\/www.hoymercedes.com.ar\/principal\/wp-json\/wp\/v2\/posts\/29136","targetHints":{"allow":["GET"]}}],"collection":[{"href":"https:\/\/www.hoymercedes.com.ar\/principal\/wp-json\/wp\/v2\/posts"}],"about":[{"href":"https:\/\/www.hoymercedes.com.ar\/principal\/wp-json\/wp\/v2\/types\/post"}],"author":[{"embeddable":true,"href":"https:\/\/www.hoymercedes.com.ar\/principal\/wp-json\/wp\/v2\/users\/1"}],"replies":[{"embeddable":true,"href":"https:\/\/www.hoymercedes.com.ar\/principal\/wp-json\/wp\/v2\/comments?post=29136"}],"version-history":[{"count":0,"href":"https:\/\/www.hoymercedes.com.ar\/principal\/wp-json\/wp\/v2\/posts\/29136\/revisions"}],"wp:attachment":[{"href":"https:\/\/www.hoymercedes.com.ar\/principal\/wp-json\/wp\/v2\/media?parent=29136"}],"wp:term":[{"taxonomy":"category","embeddable":true,"href":"https:\/\/www.hoymercedes.com.ar\/principal\/wp-json\/wp\/v2\/categories?post=29136"},{"taxonomy":"post_tag","embeddable":true,"href":"https:\/\/www.hoymercedes.com.ar\/principal\/wp-json\/wp\/v2\/tags?post=29136"}],"curies":[{"name":"wp","href":"https:\/\/api.w.org\/{rel}","templated":true}]}}