{"id":29161,"date":"2014-01-08T01:09:14","date_gmt":"2014-01-08T01:09:14","guid":{"rendered":"http:\/\/www.hoymercedes.com.ar\/principal\/?p=29161"},"modified":"2014-01-08T01:09:14","modified_gmt":"2014-01-08T01:09:14","slug":"asaltan-con-arma-de-fuego-inmobiliaria-cagnone","status":"publish","type":"post","link":"https:\/\/www.hoymercedes.com.ar\/principal\/2014\/01\/08\/asaltan-con-arma-de-fuego-inmobiliaria-cagnone\/","title":{"rendered":"Asaltan con arma de fuego Inmobiliaria Cagnone"},"content":{"rendered":"<figure id=\"attachment_29163\" aria-describedby=\"caption-attachment-29163\" style=\"width: 610px\" class=\"wp-caption aligncenter\"><a href=\"https:\/\/www.hoymercedes.com.ar\/principal\/wp-content\/uploads\/2014\/01\/InmobiliariaCagnino.jpg\"><img loading=\"lazy\" decoding=\"async\" data-attachment-id=\"29163\" data-permalink=\"https:\/\/www.hoymercedes.com.ar\/principal\/2014\/01\/08\/asaltan-con-arma-de-fuego-inmobiliaria-cagnone\/inmobiliariacagnino\/#main\" data-orig-file=\"https:\/\/www.hoymercedes.com.ar\/principal\/wp-content\/uploads\/2014\/01\/InmobiliariaCagnino.jpg\" data-orig-size=\"620,827\" data-comments-opened=\"1\" data-image-meta=\"{&quot;aperture&quot;:&quot;2.8&quot;,&quot;credit&quot;:&quot;&quot;,&quot;camera&quot;:&quot;LG-E451g&quot;,&quot;caption&quot;:&quot;&quot;,&quot;created_timestamp&quot;:&quot;1389100402&quot;,&quot;copyright&quot;:&quot;&quot;,&quot;focal_length&quot;:&quot;3.5&quot;,&quot;iso&quot;:&quot;132&quot;,&quot;shutter_speed&quot;:&quot;0.010005&quot;,&quot;title&quot;:&quot;&quot;}\" data-image-title=\"InmobiliariaCagnino\" data-image-description=\"\" data-image-caption=\"\" data-large-file=\"https:\/\/www.hoymercedes.com.ar\/principal\/wp-content\/uploads\/2014\/01\/InmobiliariaCagnino.jpg\" class=\"size-full wp-image-29163\" alt=\"InmobiliariaCagnino\" src=\"https:\/\/www.hoymercedes.com.ar\/principal\/wp-content\/uploads\/2014\/01\/InmobiliariaCagnino.jpg\" width=\"620\" height=\"827\" srcset=\"https:\/\/www.hoymercedes.com.ar\/principal\/wp-content\/uploads\/2014\/01\/InmobiliariaCagnino.jpg 620w, https:\/\/www.hoymercedes.com.ar\/principal\/wp-content\/uploads\/2014\/01\/InmobiliariaCagnino-464x620.jpg 464w\" sizes=\"auto, (max-width: 620px) 100vw, 620px\" \/><\/a><figcaption id=\"caption-attachment-29163\" class=\"wp-caption-text\">Inmobiliaria Cagnone<\/figcaption><\/figure>\n<p><em><strong>Ricardo Cagnone vivi\u00f3 un momento indeseable para cualquier ciudadano cuando fue asaltado y encerrado mientras tres delincuentes revolv\u00edan su inmobiliaria en b\u00fasqueda de dinero y valores. No sufri\u00f3 golpes, pero, el momento indudablemente es imborrable. Ocurri\u00f3 en horas de la ma\u00f1ana.<\/strong><\/em><\/p>\n<p>Seg\u00fan inform\u00f3 el propio titular de la Inmobiliaria Cagnone ubicada en calle 33 y 16 a \u201cFm Meridiano\u201d en la ma\u00f1ana de \u00e9ste martes sospech\u00f3 momentos antes o al menos se puso en alerta cuando una persona merodeaba el comercio mirando en varias ocasiones el movimiento, pero, luego la situaci\u00f3n pareci\u00f3 disiparse hasta que tiempo despu\u00e9s el mismo hombre ingresa preguntando por una vivienda en alquiler hasta que se levanta la remera y le muestra que ten\u00eda un rev\u00f3lver 38 oblig\u00e1ndolo a encerrarse en el ba\u00f1o. Una vez all\u00ed ingresan dos delincuentes m\u00e1s siendo en total 3 los que se llevaron el dinero del d\u00eda respecto al pago de los alquileres y una serie de documentos que luego recuper\u00f3 porque los hallaron tirados en el cruce de ruta 5 con ruta 41.<\/p>\n<p>El mismo titular de la inmobiliaria coment\u00f3 que en todo momento cont\u00f3 con el acompa\u00f1amiento del Director de Seguridad, la polic\u00eda y la fiscal\u00eda donde radic\u00f3 la denuncia correspondiente.<\/p>\n<p><b>Sospecha<\/b><\/p>\n<p>Por el modo de actuar, por el tiempo que demor\u00f3 la acci\u00f3n y por donde se concret\u00f3 el hallazgo de los papales robados una de las sospechas es que podr\u00eda tratarse de un robo realizado por personas oriundas de otra localidad.<\/p>\n<p>&nbsp;<\/p>\n<p>&nbsp;<\/p>\n","protected":false},"excerpt":{"rendered":"<p>Ricardo Cagnone vivi\u00f3 un momento indeseable para cualquier ciudadano cuando fue asaltado y encerrado mientras tres delincuentes revolv\u00edan su inmobiliaria &#8230; <a title=\"Asaltan con arma de fuego Inmobiliaria Cagnone\" class=\"read-more\" href=\"https:\/\/www.hoymercedes.com.ar\/principal\/2014\/01\/08\/asaltan-con-arma-de-fuego-inmobiliaria-cagnone\/\" aria-label=\"Leer m\u00e1s sobre Asaltan con arma de fuego Inmobiliaria Cagnone\">Leer m\u00e1s<\/a><\/p>\n","protected":false},"author":1,"featured_media":0,"comment_status":"open","ping_status":"open","sticky":false,"template":"","format":"standard","meta":{"_monsterinsights_skip_tracking":false,"_monsterinsights_sitenote_active":false,"_monsterinsights_sitenote_note":"","_monsterinsights_sitenote_category":0,"jetpack_post_was_ever_published":false,"_jetpack_newsletter_access":"","_jetpack_dont_email_post_to_subs":false,"_jetpack_newsletter_tier_id":0,"_jetpack_memberships_contains_paywalled_content":false,"_jetpack_memberships_contains_paid_content":false,"footnotes":"","jetpack_publicize_message":"","jetpack_publicize_feature_enabled":true,"jetpack_social_post_already_shared":true,"jetpack_social_options":{"image_generator_settings":{"template":"highway","default_image_id":0,"font":"","enabled":false},"version":2},"_wpas_customize_per_network":false},"categories":[85],"tags":[4460,4461,666],"class_list":["post-29161","post","type-post","status-publish","format-standard","hentry","category-policial","tag-asaltan-con-arma-de-fuego-inmobiliaria-cagnone","tag-robo-inmobiliaria-mercedes","tag-robos-mercedes","generate-columns","tablet-grid-50","mobile-grid-100","grid-parent","grid-50"],"jetpack_publicize_connections":[],"jetpack_featured_media_url":"","wps_subtitle":"","jetpack_sharing_enabled":true,"_links":{"self":[{"href":"https:\/\/www.hoymercedes.com.ar\/principal\/wp-json\/wp\/v2\/posts\/29161","targetHints":{"allow":["GET"]}}],"collection":[{"href":"https:\/\/www.hoymercedes.com.ar\/principal\/wp-json\/wp\/v2\/posts"}],"about":[{"href":"https:\/\/www.hoymercedes.com.ar\/principal\/wp-json\/wp\/v2\/types\/post"}],"author":[{"embeddable":true,"href":"https:\/\/www.hoymercedes.com.ar\/principal\/wp-json\/wp\/v2\/users\/1"}],"replies":[{"embeddable":true,"href":"https:\/\/www.hoymercedes.com.ar\/principal\/wp-json\/wp\/v2\/comments?post=29161"}],"version-history":[{"count":0,"href":"https:\/\/www.hoymercedes.com.ar\/principal\/wp-json\/wp\/v2\/posts\/29161\/revisions"}],"wp:attachment":[{"href":"https:\/\/www.hoymercedes.com.ar\/principal\/wp-json\/wp\/v2\/media?parent=29161"}],"wp:term":[{"taxonomy":"category","embeddable":true,"href":"https:\/\/www.hoymercedes.com.ar\/principal\/wp-json\/wp\/v2\/categories?post=29161"},{"taxonomy":"post_tag","embeddable":true,"href":"https:\/\/www.hoymercedes.com.ar\/principal\/wp-json\/wp\/v2\/tags?post=29161"}],"curies":[{"name":"wp","href":"https:\/\/api.w.org\/{rel}","templated":true}]}}