{"id":29214,"date":"2014-01-10T01:39:10","date_gmt":"2014-01-10T01:39:10","guid":{"rendered":"http:\/\/www.hoymercedes.com.ar\/principal\/?p=29214"},"modified":"2014-01-10T01:39:10","modified_gmt":"2014-01-10T01:39:10","slug":"selva-se-reunio-con-autoridades-del-opds-y-de-eden-central","status":"publish","type":"post","link":"https:\/\/www.hoymercedes.com.ar\/principal\/2014\/01\/10\/selva-se-reunio-con-autoridades-del-opds-y-de-eden-central\/","title":{"rendered":"Selva se reuni\u00f3 con autoridades del OPDS y de Ed\u00e9n central"},"content":{"rendered":"<p style=\"text-align: center;\"><a href=\"https:\/\/www.hoymercedes.com.ar\/principal\/wp-content\/uploads\/2014\/01\/selva-eden-opds.jpg\"><img loading=\"lazy\" decoding=\"async\" data-attachment-id=\"29216\" data-permalink=\"https:\/\/www.hoymercedes.com.ar\/principal\/2014\/01\/10\/selva-se-reunio-con-autoridades-del-opds-y-de-eden-central\/selva-eden-opds\/#main\" data-orig-file=\"https:\/\/www.hoymercedes.com.ar\/principal\/wp-content\/uploads\/2014\/01\/selva-eden-opds.jpg\" data-orig-size=\"620,413\" data-comments-opened=\"1\" data-image-meta=\"{&quot;aperture&quot;:&quot;0&quot;,&quot;credit&quot;:&quot;&quot;,&quot;camera&quot;:&quot;&quot;,&quot;caption&quot;:&quot;&quot;,&quot;created_timestamp&quot;:&quot;0&quot;,&quot;copyright&quot;:&quot;&quot;,&quot;focal_length&quot;:&quot;0&quot;,&quot;iso&quot;:&quot;0&quot;,&quot;shutter_speed&quot;:&quot;0&quot;,&quot;title&quot;:&quot;&quot;}\" data-image-title=\"selva-eden-opds\" data-image-description=\"\" data-image-caption=\"\" data-large-file=\"https:\/\/www.hoymercedes.com.ar\/principal\/wp-content\/uploads\/2014\/01\/selva-eden-opds.jpg\" class=\"size-full wp-image-29216 aligncenter\" alt=\"selva-eden-opds\" src=\"https:\/\/www.hoymercedes.com.ar\/principal\/wp-content\/uploads\/2014\/01\/selva-eden-opds.jpg\" width=\"620\" height=\"413\" \/><\/a><\/p>\n<p><em><strong>El intendente Carlos Selva se reuni\u00f3 con representantes del Organismo Provincial para el Desarrollo Sustentable y de EDEN Mercedes. El encuentro se produjo en la oficina OPDS. Estuvo presente tambi\u00e9n el Secretario de Obras P\u00fablicas, Gustavo Salomone. Se dialog\u00f3 en t\u00e9rminos de obras, necesidades, cuestiones que deben atenderse para el futuro y el presente de la ciudad y el crecimiento que estamos teniendo como comunidad.\u00a0<\/strong><\/em><\/p>\n<p><span style=\"line-height: 1.5em;\">Estuvieron presentes el ingeniero Iannone de OPDS de La Plata; el ingeniero Jos\u00e9 Barbera, de OPDS de La Plata; representantes de Ed\u00e9n Mercedes; Daniel Aceituna, coordinador de obras de Ed\u00e9n central, Juan Carlos Suarez, de OPDS Mercedes; el ingeniero Gustavo Salomone, director de Obras y Servicios P\u00fablicos; y el intendente municipal Carlos Selva.<\/span><\/p>\n<p>El objetivo principal de la reuni\u00f3n fue acordar el trazado de l\u00edneas el\u00e9ctricas que parten desde nuestra ciudad hacia las localidades vecinas de Giles y Navarro. Adem\u00e1s, concretaron el cierre de los anillos de Mercedes y pactaron la posible soluci\u00f3n definitiva a los problemas de falta de energ\u00eda el\u00e9ctrica en los pozos de agua que abastecen a la poblaci\u00f3n.<\/p>\n<p><em>\u201cNuestra preocupaci\u00f3n es solucionar los inconvenientes de baja tensi\u00f3n que hay en Mercedes y solucionar los repetidos cortes de luz que se vienen dando, sobre todo, en el pozo ocho. Y esta problem\u00e1tica fue, entre otras, la que planteamos hoy y prometieron dar prontas respuestas\u201d<\/em>, explic\u00f3 el ingeniero Salomone.<\/p>\n<p>Una de las medidas a tomar con respecto a este tema, es la poda de arboles cercanos a las l\u00edneas el\u00e9ctricas que producen, en cada tormenta, cortes de cables, trayendo as\u00ed, grandes inconvenientes. Adem\u00e1s, Ed\u00e9n realizar\u00e1 tareas para mejorar el sistema el\u00e9ctrico para que no falte luz, y por tal motivo, no falte el agua.<\/p>\n<p>Con respecto a la baja tensi\u00f3n que sufre la ciudad, la soluci\u00f3n que pronto tendr\u00e1 sus acertadas consecuencias, ser\u00e1 levantar la tensi\u00f3n que proviene desde Ezeiza y as\u00ed minimizar los inconvenientes.<\/p>\n<p>Para finalizar, y en relaci\u00f3n a la conexi\u00f3n el\u00e9ctrica de media y alta tensi\u00f3n que abastecer\u00e1 la obra \u201cGiles \u2013 Navarro\u201d, se decidi\u00f3 un nuevo trazado de cables y la OPDS elev\u00f3 la declaraci\u00f3n de impacto ambiental en la zona de paso.<\/p>\n<p><span style=\"color: #888888;\">Fuente: Prensa Municipal<\/span><\/p>\n","protected":false},"excerpt":{"rendered":"<p>El intendente Carlos Selva se reuni\u00f3 con representantes del Organismo Provincial para el Desarrollo Sustentable y de EDEN Mercedes. El &#8230; <a title=\"Selva se reuni\u00f3 con autoridades del OPDS y de Ed\u00e9n central\" class=\"read-more\" href=\"https:\/\/www.hoymercedes.com.ar\/principal\/2014\/01\/10\/selva-se-reunio-con-autoridades-del-opds-y-de-eden-central\/\" aria-label=\"Leer m\u00e1s sobre Selva se reuni\u00f3 con autoridades del OPDS y de Ed\u00e9n central\">Leer m\u00e1s<\/a><\/p>\n","protected":false},"author":1,"featured_media":0,"comment_status":"open","ping_status":"open","sticky":false,"template":"","format":"standard","meta":{"_monsterinsights_skip_tracking":false,"_monsterinsights_sitenote_active":false,"_monsterinsights_sitenote_note":"","_monsterinsights_sitenote_category":0,"jetpack_post_was_ever_published":false,"_jetpack_newsletter_access":"","_jetpack_dont_email_post_to_subs":false,"_jetpack_newsletter_tier_id":0,"_jetpack_memberships_contains_paywalled_content":false,"_jetpack_memberships_contains_paid_content":false,"footnotes":"","jetpack_publicize_message":"","jetpack_publicize_feature_enabled":true,"jetpack_social_post_already_shared":true,"jetpack_social_options":{"image_generator_settings":{"template":"highway","default_image_id":0,"font":"","enabled":false},"version":2},"_wpas_customize_per_network":false},"categories":[5],"tags":[1023,770,4478],"class_list":["post-29214","post","type-post","status-publish","format-standard","hentry","category-politica","tag-eden","tag-opds","tag-selva-se-reunio-con-autoridades-del-opds-y-de-eden-central","generate-columns","tablet-grid-50","mobile-grid-100","grid-parent","grid-50"],"jetpack_publicize_connections":[],"jetpack_featured_media_url":"","wps_subtitle":"","jetpack_sharing_enabled":true,"_links":{"self":[{"href":"https:\/\/www.hoymercedes.com.ar\/principal\/wp-json\/wp\/v2\/posts\/29214","targetHints":{"allow":["GET"]}}],"collection":[{"href":"https:\/\/www.hoymercedes.com.ar\/principal\/wp-json\/wp\/v2\/posts"}],"about":[{"href":"https:\/\/www.hoymercedes.com.ar\/principal\/wp-json\/wp\/v2\/types\/post"}],"author":[{"embeddable":true,"href":"https:\/\/www.hoymercedes.com.ar\/principal\/wp-json\/wp\/v2\/users\/1"}],"replies":[{"embeddable":true,"href":"https:\/\/www.hoymercedes.com.ar\/principal\/wp-json\/wp\/v2\/comments?post=29214"}],"version-history":[{"count":0,"href":"https:\/\/www.hoymercedes.com.ar\/principal\/wp-json\/wp\/v2\/posts\/29214\/revisions"}],"wp:attachment":[{"href":"https:\/\/www.hoymercedes.com.ar\/principal\/wp-json\/wp\/v2\/media?parent=29214"}],"wp:term":[{"taxonomy":"category","embeddable":true,"href":"https:\/\/www.hoymercedes.com.ar\/principal\/wp-json\/wp\/v2\/categories?post=29214"},{"taxonomy":"post_tag","embeddable":true,"href":"https:\/\/www.hoymercedes.com.ar\/principal\/wp-json\/wp\/v2\/tags?post=29214"}],"curies":[{"name":"wp","href":"https:\/\/api.w.org\/{rel}","templated":true}]}}