{"id":29256,"date":"2014-01-11T00:18:04","date_gmt":"2014-01-11T00:18:04","guid":{"rendered":"http:\/\/www.hoymercedes.com.ar\/principal\/?p=29256"},"modified":"2014-01-11T00:18:04","modified_gmt":"2014-01-11T00:18:04","slug":"investigan-muerte-de-un-policia-que-hacia-custodia","status":"publish","type":"post","link":"https:\/\/www.hoymercedes.com.ar\/principal\/2014\/01\/11\/investigan-muerte-de-un-policia-que-hacia-custodia\/","title":{"rendered":"Investigan muerte de un polic\u00eda que hac\u00eda custodia"},"content":{"rendered":"<p><em><strong>La justicia se encuentra investigando la muerte de un polic\u00eda en nuestra ciudad mientras realizaba una custodia en la zona de calle 29 y 122. \u00a0La cuesti\u00f3n gener\u00f3 gran dolor en la comunidad y en la fuerza de seguridad provincial a la que pertenec\u00eda el joven de 28 a\u00f1os.<\/strong><\/em><\/p>\n<p><span style=\"line-height: 1.5em;\">Se trata de un hombre que trabajaba en el \u00e1rea del Grupo de Apoyo Departamental de la Provincia de Buenos Aires y se habr\u00eda asfixiado con mon\u00f3xido de carbono, sosten\u00edan las fuentes off the\u00a0<\/span>r\u00e9cord<span style=\"line-height: 1.5em;\">\u00a0que no pod\u00edan dar detalles para no interferir con la justicia.<\/span><\/p>\n<p><span style=\"line-height: 1.5em;\"> Seg\u00fan se sostiene &#8211; sin confirmar oficialmente- estaba haciendo custodia a una familia particular en una casa quinta de calle 29 y 122. <\/span><\/p>\n<p><span style=\"line-height: 1.5em;\">La autopsia la realizar\u00edan en Lomas de Zamora e interviene la fiscal\u00eda de turno que mantiene el secreto de sumario mientras efect\u00faa la investigaci\u00f3n pertinente.\u00a0<\/span><\/p>\n<p>Gran dolor en la ma\u00f1ana y en las redes sociales donde sus compa\u00f1eros empezaron a dejar mensajes de pesar y aliento, preocupaci\u00f3n y dolor.<\/p>\n","protected":false},"excerpt":{"rendered":"<p>La justicia se encuentra investigando la muerte de un polic\u00eda en nuestra ciudad mientras realizaba una custodia en la zona &#8230; <a title=\"Investigan muerte de un polic\u00eda que hac\u00eda custodia\" class=\"read-more\" href=\"https:\/\/www.hoymercedes.com.ar\/principal\/2014\/01\/11\/investigan-muerte-de-un-policia-que-hacia-custodia\/\" aria-label=\"Leer m\u00e1s sobre Investigan muerte de un polic\u00eda que hac\u00eda custodia\">Leer m\u00e1s<\/a><\/p>\n","protected":false},"author":1,"featured_media":0,"comment_status":"open","ping_status":"open","sticky":false,"template":"","format":"standard","meta":{"_monsterinsights_skip_tracking":false,"_monsterinsights_sitenote_active":false,"_monsterinsights_sitenote_note":"","_monsterinsights_sitenote_category":0,"jetpack_post_was_ever_published":false,"_jetpack_newsletter_access":"","_jetpack_dont_email_post_to_subs":false,"_jetpack_newsletter_tier_id":0,"_jetpack_memberships_contains_paywalled_content":false,"_jetpack_memberships_contains_paid_content":false,"footnotes":"","jetpack_publicize_message":"","jetpack_publicize_feature_enabled":true,"jetpack_social_post_already_shared":true,"jetpack_social_options":{"image_generator_settings":{"template":"highway","default_image_id":0,"font":"","enabled":false},"version":2},"_wpas_customize_per_network":false},"categories":[85],"tags":[4491,4490],"class_list":["post-29256","post","type-post","status-publish","format-standard","hentry","category-policial","tag-muere-asfixiado","tag-policia-muerto","generate-columns","tablet-grid-50","mobile-grid-100","grid-parent","grid-50"],"jetpack_publicize_connections":[],"jetpack_featured_media_url":"","wps_subtitle":"","jetpack_sharing_enabled":true,"_links":{"self":[{"href":"https:\/\/www.hoymercedes.com.ar\/principal\/wp-json\/wp\/v2\/posts\/29256","targetHints":{"allow":["GET"]}}],"collection":[{"href":"https:\/\/www.hoymercedes.com.ar\/principal\/wp-json\/wp\/v2\/posts"}],"about":[{"href":"https:\/\/www.hoymercedes.com.ar\/principal\/wp-json\/wp\/v2\/types\/post"}],"author":[{"embeddable":true,"href":"https:\/\/www.hoymercedes.com.ar\/principal\/wp-json\/wp\/v2\/users\/1"}],"replies":[{"embeddable":true,"href":"https:\/\/www.hoymercedes.com.ar\/principal\/wp-json\/wp\/v2\/comments?post=29256"}],"version-history":[{"count":0,"href":"https:\/\/www.hoymercedes.com.ar\/principal\/wp-json\/wp\/v2\/posts\/29256\/revisions"}],"wp:attachment":[{"href":"https:\/\/www.hoymercedes.com.ar\/principal\/wp-json\/wp\/v2\/media?parent=29256"}],"wp:term":[{"taxonomy":"category","embeddable":true,"href":"https:\/\/www.hoymercedes.com.ar\/principal\/wp-json\/wp\/v2\/categories?post=29256"},{"taxonomy":"post_tag","embeddable":true,"href":"https:\/\/www.hoymercedes.com.ar\/principal\/wp-json\/wp\/v2\/tags?post=29256"}],"curies":[{"name":"wp","href":"https:\/\/api.w.org\/{rel}","templated":true}]}}