{"id":29320,"date":"2014-01-16T01:23:54","date_gmt":"2014-01-16T01:23:54","guid":{"rendered":"http:\/\/www.hoymercedes.com.ar\/principal\/?p=29320"},"modified":"2014-01-16T01:24:53","modified_gmt":"2014-01-16T01:24:53","slug":"mirta-uguet-representara-a-mercedes-en-el-cosquin-2014","status":"publish","type":"post","link":"https:\/\/www.hoymercedes.com.ar\/principal\/2014\/01\/16\/mirta-uguet-representara-a-mercedes-en-el-cosquin-2014\/","title":{"rendered":"Mirta Uguet representar\u00e1 a Mercedes en el Cosquin 2014"},"content":{"rendered":"<p style=\"text-align: center;\"><a href=\"https:\/\/www.hoymercedes.com.ar\/principal\/wp-content\/uploads\/2014\/01\/CAM00782.jpg\"><img loading=\"lazy\" decoding=\"async\" data-attachment-id=\"29322\" data-permalink=\"https:\/\/www.hoymercedes.com.ar\/principal\/2014\/01\/16\/mirta-uguet-representara-a-mercedes-en-el-cosquin-2014\/cam00782\/#main\" data-orig-file=\"https:\/\/www.hoymercedes.com.ar\/principal\/wp-content\/uploads\/2014\/01\/CAM00782.jpg\" data-orig-size=\"620,465\" data-comments-opened=\"1\" data-image-meta=\"{&quot;aperture&quot;:&quot;2.8&quot;,&quot;credit&quot;:&quot;&quot;,&quot;camera&quot;:&quot;LG-E451g&quot;,&quot;caption&quot;:&quot;&quot;,&quot;created_timestamp&quot;:&quot;1389785738&quot;,&quot;copyright&quot;:&quot;&quot;,&quot;focal_length&quot;:&quot;3.5&quot;,&quot;iso&quot;:&quot;665&quot;,&quot;shutter_speed&quot;:&quot;0.060007&quot;,&quot;title&quot;:&quot;&quot;}\" data-image-title=\"Uguet\" data-image-description=\"\" data-image-caption=\"\" data-large-file=\"https:\/\/www.hoymercedes.com.ar\/principal\/wp-content\/uploads\/2014\/01\/CAM00782.jpg\" class=\"size-full wp-image-29322 aligncenter\" alt=\"Uguet\" src=\"https:\/\/www.hoymercedes.com.ar\/principal\/wp-content\/uploads\/2014\/01\/CAM00782.jpg\" width=\"620\" height=\"465\" \/><\/a><\/p>\n<p><em><strong>En un encuentro realizado en el recinto del Concejo Deliberante la artista local manifest\u00f3 toda su alegr\u00eda por estar \u00abrepresentando a la ciudad de Mercedes\u00bb en el escenario de Cosqu\u00edn 2014.\u00a0<\/strong><\/em><\/p>\n<p>En la presentaci\u00f3n cont\u00f3 parte de su trayectoria, los viajes, las representaciones en diversos puntos como Chile o Miami, las an\u00e9cdotas de haber subido a distintos escenarios y efectu\u00f3 un cierre a todo ritmo llevando a cabo la interpretaci\u00f3n de dos tangos de su repertorio.<\/p>\n<p>MIrta Uguet lleva a cabo actividades art\u00edsticas desde el a\u00f1o 2006 actuando en ciudades como Cosqu\u00edn, La Falda, Rosario, Villa Mar\u00eda, Puerto San Juli\u00e1n, entre tantos otros, llevando a cada espacio la canci\u00f3n ciudadana.<\/p>\n<p>El 25 de enero ser\u00e1 la presentaci\u00f3n de la artista en el escenario de Cosqu\u00edn.<\/p>\n<p>La artista tambi\u00e9n aprovech\u00f3 la oportunidad para realizar la entrega de una placa a la Municipalidad en agradecimiento al constante apoyo dado al arte, la cultura y a ella en particular.<\/p>\n<p style=\"text-align: center;\"><img loading=\"lazy\" decoding=\"async\" data-attachment-id=\"29323\" data-permalink=\"https:\/\/www.hoymercedes.com.ar\/principal\/2014\/01\/16\/mirta-uguet-representara-a-mercedes-en-el-cosquin-2014\/cam00786\/#main\" data-orig-file=\"https:\/\/www.hoymercedes.com.ar\/principal\/wp-content\/uploads\/2014\/01\/CAM00786.jpg\" data-orig-size=\"620,827\" data-comments-opened=\"1\" data-image-meta=\"{&quot;aperture&quot;:&quot;2.8&quot;,&quot;credit&quot;:&quot;&quot;,&quot;camera&quot;:&quot;LG-E451g&quot;,&quot;caption&quot;:&quot;&quot;,&quot;created_timestamp&quot;:&quot;1389786129&quot;,&quot;copyright&quot;:&quot;&quot;,&quot;focal_length&quot;:&quot;3.5&quot;,&quot;iso&quot;:&quot;890&quot;,&quot;shutter_speed&quot;:&quot;0.1&quot;,&quot;title&quot;:&quot;&quot;}\" data-image-title=\"CAM00786\" data-image-description=\"\" data-image-caption=\"\" data-large-file=\"https:\/\/www.hoymercedes.com.ar\/principal\/wp-content\/uploads\/2014\/01\/CAM00786.jpg\" class=\"size-full wp-image-29323 aligncenter\" alt=\"CAM00786\" src=\"https:\/\/www.hoymercedes.com.ar\/principal\/wp-content\/uploads\/2014\/01\/CAM00786.jpg\" width=\"620\" height=\"827\" srcset=\"https:\/\/www.hoymercedes.com.ar\/principal\/wp-content\/uploads\/2014\/01\/CAM00786.jpg 620w, https:\/\/www.hoymercedes.com.ar\/principal\/wp-content\/uploads\/2014\/01\/CAM00786-464x620.jpg 464w\" sizes=\"auto, (max-width: 620px) 100vw, 620px\" \/><\/p>\n","protected":false},"excerpt":{"rendered":"<p>En un encuentro realizado en el recinto del Concejo Deliberante la artista local manifest\u00f3 toda su alegr\u00eda por estar \u00abrepresentando &#8230; <a title=\"Mirta Uguet representar\u00e1 a Mercedes en el Cosquin 2014\" class=\"read-more\" href=\"https:\/\/www.hoymercedes.com.ar\/principal\/2014\/01\/16\/mirta-uguet-representara-a-mercedes-en-el-cosquin-2014\/\" aria-label=\"Leer m\u00e1s sobre Mirta Uguet representar\u00e1 a Mercedes en el Cosquin 2014\">Leer m\u00e1s<\/a><\/p>\n","protected":false},"author":1,"featured_media":0,"comment_status":"open","ping_status":"open","sticky":false,"template":"","format":"standard","meta":{"_monsterinsights_skip_tracking":false,"_monsterinsights_sitenote_active":false,"_monsterinsights_sitenote_note":"","_monsterinsights_sitenote_category":0,"jetpack_post_was_ever_published":false,"_jetpack_newsletter_access":"","_jetpack_dont_email_post_to_subs":false,"_jetpack_newsletter_tier_id":0,"_jetpack_memberships_contains_paywalled_content":false,"_jetpack_memberships_contains_paid_content":false,"footnotes":"","jetpack_publicize_message":"","jetpack_publicize_feature_enabled":true,"jetpack_social_post_already_shared":true,"jetpack_social_options":{"image_generator_settings":{"template":"highway","default_image_id":0,"font":"","enabled":false},"version":2},"_wpas_customize_per_network":false},"categories":[104],"tags":[4501,4500],"class_list":["post-29320","post","type-post","status-publish","format-standard","hentry","category-cultura","tag-cosquin-2014-mercedinos","tag-mirta-uguet","generate-columns","tablet-grid-50","mobile-grid-100","grid-parent","grid-50"],"jetpack_publicize_connections":[],"jetpack_featured_media_url":"","wps_subtitle":"","jetpack_sharing_enabled":true,"jetpack-related-posts":[{"id":14979,"url":"https:\/\/www.hoymercedes.com.ar\/principal\/2012\/08\/03\/ciclo-de-tango-en-el-limonero-viernes-10-mirta-uguet\/","url_meta":{"origin":29320,"position":0},"title":"Ciclo de tango en El Limonero, viernes 10: Mirta Uguet","author":"hoymercedes","date":"3 agosto, 2012","format":false,"excerpt":"El pr\u00f2ximo viernes 10 de agosto, nuestro ciclo de pe\u00f1as presenta a la cantante Mirta Uguet, quien se estar\u00e0 con sus m\u00f9sicos con Tango Criollo. Mirta es de origen mercedino, y est\u00e0 desarrollando su arte de cantar, en muchos escenarios del pa\u00ecs, incluyendo el de Cosqu\u00ecn; muchos mercedinos disfrutaron de\u2026","rel":"","context":"En \u00abCultura\u00bb","block_context":{"text":"Cultura","link":"https:\/\/www.hoymercedes.com.ar\/principal\/category\/cultura\/"},"img":{"alt_text":"","src":"https:\/\/i0.wp.com\/www.hoymercedes.com.ar\/principal\/wp-content\/uploads\/2012\/08\/MirtaUguet.jpg?resize=350%2C200","width":350,"height":200,"srcset":"https:\/\/i0.wp.com\/www.hoymercedes.com.ar\/principal\/wp-content\/uploads\/2012\/08\/MirtaUguet.jpg?resize=350%2C200 1x, https:\/\/i0.wp.com\/www.hoymercedes.com.ar\/principal\/wp-content\/uploads\/2012\/08\/MirtaUguet.jpg?resize=525%2C300 1.5x"},"classes":[]},{"id":68600,"url":"https:\/\/www.hoymercedes.com.ar\/principal\/2017\/10\/21\/mirta-uguet-deslumbrante-y-sonadora\/","url_meta":{"origin":29320,"position":1},"title":"Mirta Uguet deslumbrante y so\u00f1adora","author":"hoymercedes","date":"21 octubre, 2017","format":false,"excerpt":"La cantante Mirta Uguet volvi\u00f3 a actuar en Mercedes Fue en el marco del ciclo Tango en el And\u00e9n que organiza la Direcci\u00f3n de Cultura. Hubo aplausos y emociones que bajaron del escenario. Con brillos en su piel y una decena de objetivos cumplidos, se present\u00f3 en la \u00faltima edici\u00f3n\u2026","rel":"","context":"En \u00abCultura\u00bb","block_context":{"text":"Cultura","link":"https:\/\/www.hoymercedes.com.ar\/principal\/category\/cultura\/"},"img":{"alt_text":"","src":"https:\/\/i0.wp.com\/www.hoymercedes.com.ar\/principal\/wp-content\/uploads\/2017\/10\/21-mirta-uguet.jpg?resize=350%2C200&ssl=1","width":350,"height":200,"srcset":"https:\/\/i0.wp.com\/www.hoymercedes.com.ar\/principal\/wp-content\/uploads\/2017\/10\/21-mirta-uguet.jpg?resize=350%2C200&ssl=1 1x, https:\/\/i0.wp.com\/www.hoymercedes.com.ar\/principal\/wp-content\/uploads\/2017\/10\/21-mirta-uguet.jpg?resize=525%2C300&ssl=1 1.5x"},"classes":[]},{"id":13118,"url":"https:\/\/www.hoymercedes.com.ar\/principal\/2012\/05\/25\/noche-de-gala-para-recibir-el-25-de-mayo\/","url_meta":{"origin":29320,"position":2},"title":"Noche de Gala, para recibir el 25 de Mayo","author":"hoymercedes","date":"25 mayo, 2012","format":false,"excerpt":"Por la noche del 24 de Mayo en el Centro Cultural Teatro Int. Dr. Julio C. Gioscio, se llevo adelante la tradicional \u201cNoche de Gala\u201d, donde artistas de nuestra ciudad, junto a autoridades y vecinos de Mercedes que concurrieron a disfrutar del espect\u00e1culo, recibieron juntos el Dia de la Patria,\u2026","rel":"","context":"En \u00abSociedad\u00bb","block_context":{"text":"Sociedad","link":"https:\/\/www.hoymercedes.com.ar\/principal\/category\/sociedad\/"},"img":{"alt_text":"","src":"https:\/\/i0.wp.com\/www.hoymercedes.com.ar\/principal\/wp-content\/uploads\/2012\/05\/NochedeGala25deMayo2012.jpg?resize=350%2C200","width":350,"height":200,"srcset":"https:\/\/i0.wp.com\/www.hoymercedes.com.ar\/principal\/wp-content\/uploads\/2012\/05\/NochedeGala25deMayo2012.jpg?resize=350%2C200 1x, https:\/\/i0.wp.com\/www.hoymercedes.com.ar\/principal\/wp-content\/uploads\/2012\/05\/NochedeGala25deMayo2012.jpg?resize=525%2C300 1.5x"},"classes":[]},{"id":58968,"url":"https:\/\/www.hoymercedes.com.ar\/principal\/2017\/01\/16\/ivana-cestari-rumbo-a-cosquin\/","url_meta":{"origin":29320,"position":3},"title":"Ivana Cestari rumbo a Cosqu\u00edn","author":"hoymercedes","date":"16 enero, 2017","format":false,"excerpt":"Tras haber realizado un \"mini\" festival en la Plaza San Mart\u00edn d\u00edas atr\u00e1s, en las pr\u00f3ximas horas Ivana Cestari y su conjunto ir\u00e1n a probar suerte llevando su folcklore a la ciudad cordobesa de Cosqu\u00edn. Fueron varios los artistas que colaboraron y se sumaron para que el conjunto cumpla con\u2026","rel":"","context":"En \u00abCultura\u00bb","block_context":{"text":"Cultura","link":"https:\/\/www.hoymercedes.com.ar\/principal\/category\/cultura\/"},"img":{"alt_text":"","src":"https:\/\/i0.wp.com\/www.hoymercedes.com.ar\/principal\/wp-content\/uploads\/2017\/01\/16-ivana-cestari.jpg?resize=350%2C200&ssl=1","width":350,"height":200,"srcset":"https:\/\/i0.wp.com\/www.hoymercedes.com.ar\/principal\/wp-content\/uploads\/2017\/01\/16-ivana-cestari.jpg?resize=350%2C200&ssl=1 1x, https:\/\/i0.wp.com\/www.hoymercedes.com.ar\/principal\/wp-content\/uploads\/2017\/01\/16-ivana-cestari.jpg?resize=525%2C300&ssl=1 1.5x"},"classes":[]},{"id":291,"url":"https:\/\/www.hoymercedes.com.ar\/principal\/2010\/11\/15\/se-realizo-el-pre-cosquin-mercedes\/","url_meta":{"origin":29320,"position":4},"title":"Se realiz\u00f3 el pre Cosqu\u00edn Mercedes","author":"hoymercedes","date":"15 noviembre, 2010","format":false,"excerpt":"La Direcci\u00f3n de Cultura y Educaci\u00f3n de la Municipalidad de Mercedes, informa que\u00a0 este s\u00e1bado 13 de noviembre se llev\u00f3 a cabo el 40\u00ba Certamen para Nuevos Valores Pre Cosqu\u00edn 2011. El certamen se inici\u00f3 con el ingreso de las banderas de ceremonias portadas por Guido Caballero y Blanca Fusco,\u2026","rel":"","context":"En \u00abMunicipio\u00bb","block_context":{"text":"Municipio","link":"https:\/\/www.hoymercedes.com.ar\/principal\/category\/municipio\/"},"img":{"alt_text":"Pre Cosqu\u00edn Mercedes - Duo Vocal","src":"https:\/\/i0.wp.com\/www.hoymercedes.com.ar\/principal\/wp-content\/uploads\/2010\/11\/DuoVocal.jpg?resize=350%2C200","width":350,"height":200},"classes":[]},{"id":68270,"url":"https:\/\/www.hoymercedes.com.ar\/principal\/2017\/10\/16\/tango-en-el-anden-con-voz-femenina\/","url_meta":{"origin":29320,"position":5},"title":"Tango en el anden con voz femenina","author":"hoymercedes","date":"16 octubre, 2017","format":false,"excerpt":"El ciclo \"Tango en el And\u00e9n\" volver\u00e1 este jueves\u00a019 de octubre al Centro Cultura La Trocha.\u00a0Actuar\u00e1 Mirta Uguet acompa\u00f1ada del cuarteto dirigido por Eduardo Cirillo.\u00a0La entrada es libre y gratuita. La Direcci\u00f3n de Cultura sigue adelante con su proyecto de m\u00fasica en vivo en el C.C. La Trocha y el\u2026","rel":"","context":"En \u00abCultura\u00bb","block_context":{"text":"Cultura","link":"https:\/\/www.hoymercedes.com.ar\/principal\/category\/cultura\/"},"img":{"alt_text":"","src":"https:\/\/i0.wp.com\/www.hoymercedes.com.ar\/principal\/wp-content\/uploads\/2017\/10\/16-Tango-Mirta-Uguet.jpg?resize=350%2C200&ssl=1","width":350,"height":200,"srcset":"https:\/\/i0.wp.com\/www.hoymercedes.com.ar\/principal\/wp-content\/uploads\/2017\/10\/16-Tango-Mirta-Uguet.jpg?resize=350%2C200&ssl=1 1x, https:\/\/i0.wp.com\/www.hoymercedes.com.ar\/principal\/wp-content\/uploads\/2017\/10\/16-Tango-Mirta-Uguet.jpg?resize=525%2C300&ssl=1 1.5x"},"classes":[]}],"_links":{"self":[{"href":"https:\/\/www.hoymercedes.com.ar\/principal\/wp-json\/wp\/v2\/posts\/29320","targetHints":{"allow":["GET"]}}],"collection":[{"href":"https:\/\/www.hoymercedes.com.ar\/principal\/wp-json\/wp\/v2\/posts"}],"about":[{"href":"https:\/\/www.hoymercedes.com.ar\/principal\/wp-json\/wp\/v2\/types\/post"}],"author":[{"embeddable":true,"href":"https:\/\/www.hoymercedes.com.ar\/principal\/wp-json\/wp\/v2\/users\/1"}],"replies":[{"embeddable":true,"href":"https:\/\/www.hoymercedes.com.ar\/principal\/wp-json\/wp\/v2\/comments?post=29320"}],"version-history":[{"count":0,"href":"https:\/\/www.hoymercedes.com.ar\/principal\/wp-json\/wp\/v2\/posts\/29320\/revisions"}],"wp:attachment":[{"href":"https:\/\/www.hoymercedes.com.ar\/principal\/wp-json\/wp\/v2\/media?parent=29320"}],"wp:term":[{"taxonomy":"category","embeddable":true,"href":"https:\/\/www.hoymercedes.com.ar\/principal\/wp-json\/wp\/v2\/categories?post=29320"},{"taxonomy":"post_tag","embeddable":true,"href":"https:\/\/www.hoymercedes.com.ar\/principal\/wp-json\/wp\/v2\/tags?post=29320"}],"curies":[{"name":"wp","href":"https:\/\/api.w.org\/{rel}","templated":true}]}}