{"id":29330,"date":"2014-01-16T01:47:56","date_gmt":"2014-01-16T01:47:56","guid":{"rendered":"http:\/\/www.hoymercedes.com.ar\/principal\/?p=29330"},"modified":"2014-01-16T01:47:56","modified_gmt":"2014-01-16T01:47:56","slug":"por-un-mes-no-habra-cajeros-automaticos-en-el-banco-provincia","status":"publish","type":"post","link":"https:\/\/www.hoymercedes.com.ar\/principal\/2014\/01\/16\/por-un-mes-no-habra-cajeros-automaticos-en-el-banco-provincia\/","title":{"rendered":"Por un mes no habr\u00e1 cajeros autom\u00e1ticos en el Banco Provincia"},"content":{"rendered":"<p style=\"text-align: center;\"><a href=\"https:\/\/www.hoymercedes.com.ar\/principal\/wp-content\/uploads\/2014\/01\/BancoProvincia1.jpg\"><img loading=\"lazy\" decoding=\"async\" data-attachment-id=\"29333\" data-permalink=\"https:\/\/www.hoymercedes.com.ar\/principal\/2014\/01\/16\/por-un-mes-no-habra-cajeros-automaticos-en-el-banco-provincia\/bancoprovincia-2\/#main\" data-orig-file=\"https:\/\/www.hoymercedes.com.ar\/principal\/wp-content\/uploads\/2014\/01\/BancoProvincia1.jpg\" data-orig-size=\"620,465\" data-comments-opened=\"1\" data-image-meta=\"{&quot;aperture&quot;:&quot;2.8&quot;,&quot;credit&quot;:&quot;&quot;,&quot;camera&quot;:&quot;COOLPIX L10&quot;,&quot;caption&quot;:&quot;&quot;,&quot;created_timestamp&quot;:&quot;1324373024&quot;,&quot;copyright&quot;:&quot;Copyright 2006&quot;,&quot;focal_length&quot;:&quot;6.2&quot;,&quot;iso&quot;:&quot;64&quot;,&quot;shutter_speed&quot;:&quot;0.026881720430108&quot;,&quot;title&quot;:&quot;&quot;}\" data-image-title=\"BancoProvincia\" data-image-description=\"\" data-image-caption=\"\" data-large-file=\"https:\/\/www.hoymercedes.com.ar\/principal\/wp-content\/uploads\/2014\/01\/BancoProvincia1.jpg\" class=\"size-full wp-image-29333 aligncenter\" alt=\"BancoProvincia\" src=\"https:\/\/www.hoymercedes.com.ar\/principal\/wp-content\/uploads\/2014\/01\/BancoProvincia1.jpg\" width=\"620\" height=\"465\" \/><\/a><\/p>\n<p><em><strong>El Banco Provincia de nuestra ciudad hace tiempo viene efectuando tareas de mejoras edilicias. En \u00e9sta ocasi\u00f3n habr\u00e1 casi un mes sin cajeros autom\u00e1ticos. Cada uno de los mercedinos que ha realizado un tr\u00e1mite en el \u00faltimo tiempo ha podido ver que se est\u00e1n concretando mejoras en t\u00e9rminos de edificio para contar en el futuro con mejores servicios al p\u00fablico.<\/strong><\/em><\/p>\n<p>Lo nuevo que se ha conocido y se concretar\u00eda a partir del 20 de enero es que estar\u00e1n los cajeros autom\u00e1ticos de la ciudad fuera de servicios obligando a los mercedinos a utilizar el de otras entidades bancarias de la Red Link o Banelco<\/p>\n<p>El parate, por obras, de la posibilidad de usar los cajeros ser\u00e1 desde el 20 de enero al 20 de febrero de 2014, al menos, as\u00ed se ha conocido. Ahora resta que se concrete la acci\u00f3n.<\/p>\n","protected":false},"excerpt":{"rendered":"<p>El Banco Provincia de nuestra ciudad hace tiempo viene efectuando tareas de mejoras edilicias. En \u00e9sta ocasi\u00f3n habr\u00e1 casi un &#8230; <a title=\"Por un mes no habr\u00e1 cajeros autom\u00e1ticos en el Banco Provincia\" class=\"read-more\" href=\"https:\/\/www.hoymercedes.com.ar\/principal\/2014\/01\/16\/por-un-mes-no-habra-cajeros-automaticos-en-el-banco-provincia\/\" aria-label=\"Leer m\u00e1s sobre Por un mes no habr\u00e1 cajeros autom\u00e1ticos en el Banco Provincia\">Leer m\u00e1s<\/a><\/p>\n","protected":false},"author":1,"featured_media":0,"comment_status":"open","ping_status":"open","sticky":false,"template":"","format":"standard","meta":{"_monsterinsights_skip_tracking":false,"_monsterinsights_sitenote_active":false,"_monsterinsights_sitenote_note":"","_monsterinsights_sitenote_category":0,"jetpack_post_was_ever_published":false,"_jetpack_newsletter_access":"","_jetpack_dont_email_post_to_subs":false,"_jetpack_newsletter_tier_id":0,"_jetpack_memberships_contains_paywalled_content":false,"_jetpack_memberships_contains_paid_content":false,"footnotes":"","jetpack_publicize_message":"","jetpack_publicize_feature_enabled":true,"jetpack_social_post_already_shared":true,"jetpack_social_options":{"image_generator_settings":{"template":"highway","default_image_id":0,"font":"","enabled":false},"version":2},"_wpas_customize_per_network":false},"categories":[8],"tags":[4503,4504],"class_list":["post-29330","post","type-post","status-publish","format-standard","hentry","category-sociedad","tag-banco-provincia","tag-cajeros-banco-provincia","generate-columns","tablet-grid-50","mobile-grid-100","grid-parent","grid-50"],"jetpack_publicize_connections":[],"jetpack_featured_media_url":"","wps_subtitle":"","jetpack_sharing_enabled":true,"_links":{"self":[{"href":"https:\/\/www.hoymercedes.com.ar\/principal\/wp-json\/wp\/v2\/posts\/29330","targetHints":{"allow":["GET"]}}],"collection":[{"href":"https:\/\/www.hoymercedes.com.ar\/principal\/wp-json\/wp\/v2\/posts"}],"about":[{"href":"https:\/\/www.hoymercedes.com.ar\/principal\/wp-json\/wp\/v2\/types\/post"}],"author":[{"embeddable":true,"href":"https:\/\/www.hoymercedes.com.ar\/principal\/wp-json\/wp\/v2\/users\/1"}],"replies":[{"embeddable":true,"href":"https:\/\/www.hoymercedes.com.ar\/principal\/wp-json\/wp\/v2\/comments?post=29330"}],"version-history":[{"count":0,"href":"https:\/\/www.hoymercedes.com.ar\/principal\/wp-json\/wp\/v2\/posts\/29330\/revisions"}],"wp:attachment":[{"href":"https:\/\/www.hoymercedes.com.ar\/principal\/wp-json\/wp\/v2\/media?parent=29330"}],"wp:term":[{"taxonomy":"category","embeddable":true,"href":"https:\/\/www.hoymercedes.com.ar\/principal\/wp-json\/wp\/v2\/categories?post=29330"},{"taxonomy":"post_tag","embeddable":true,"href":"https:\/\/www.hoymercedes.com.ar\/principal\/wp-json\/wp\/v2\/tags?post=29330"}],"curies":[{"name":"wp","href":"https:\/\/api.w.org\/{rel}","templated":true}]}}