{"id":29365,"date":"2014-01-18T18:26:39","date_gmt":"2014-01-18T18:26:39","guid":{"rendered":"http:\/\/www.hoymercedes.com.ar\/principal\/?p=29365"},"modified":"2014-01-18T02:31:35","modified_gmt":"2014-01-18T02:31:35","slug":"detienen-ladron-de-motos-con-un-rodado-en-su-poder","status":"publish","type":"post","link":"https:\/\/www.hoymercedes.com.ar\/principal\/2014\/01\/18\/detienen-ladron-de-motos-con-un-rodado-en-su-poder\/","title":{"rendered":"Detienen ladr\u00f3n de motos con un rodado en su poder"},"content":{"rendered":"<p><em><strong>Las motos son uno de los objetivos m\u00e1s frecuentes de nuestra ciudad. Un alto n\u00famero de ciclomotores son robados mensualmente y son uno de los elementos m\u00e1s def\u00edciles de recuperar dado que r\u00e1pidamente caen en desmantelamiento. En esta ocasi\u00f3n la polic\u00eda logr\u00f3 detener a un ladr\u00f3n.\u00a0<\/strong><\/em><\/p>\n<p>Una de las metodolog\u00edas que tienen es la de robarlas, llevarlas a alg\u00fan descampado y dejarlas tiradas. Luego, al otro d\u00eda u horas despu\u00e9s pasan a retirarla y desmantelarlas con lo cual se har\u00e1 en el futuro irrecuperable.<\/p>\n<p>La detenci\u00f3n se llev\u00f3 a cabo en calle 14 y 109, cuando Polic\u00edas que recorr\u00edan la zona, observan que un joven llevaba de tiro una motocicleta 110, a la que le faltaban algunos pl\u00e1sticos; por eso este sujeto fue demorado pudiendo certificar que el mismo resultaba ser un menor, domiciliado a pocas cuadras de ese lugar. Al instante le fue solicitada a \u00e9ste ni\u00f1o la documentaci\u00f3n del rodado, la que, l\u00f3gicamente, no tenia, por lo que los efectivos consultaron a su sistema inform\u00e1tico sobre el estado de \u00e9se rodado, pudiendo certificar que el mismo registraba pedido de secuestro del a\u00f1o 2012, por lo que detuvieron a \u00e9ste joven, traslad\u00e1ndolo a la Comisaria, donde qued\u00f3 imputado por el delito de encubrimiento.<\/p>\n","protected":false},"excerpt":{"rendered":"<p>Las motos son uno de los objetivos m\u00e1s frecuentes de nuestra ciudad. Un alto n\u00famero de ciclomotores son robados mensualmente &#8230; <a title=\"Detienen ladr\u00f3n de motos con un rodado en su poder\" class=\"read-more\" href=\"https:\/\/www.hoymercedes.com.ar\/principal\/2014\/01\/18\/detienen-ladron-de-motos-con-un-rodado-en-su-poder\/\" aria-label=\"Leer m\u00e1s sobre Detienen ladr\u00f3n de motos con un rodado en su poder\">Leer m\u00e1s<\/a><\/p>\n","protected":false},"author":1,"featured_media":0,"comment_status":"open","ping_status":"open","sticky":false,"template":"","format":"standard","meta":{"_monsterinsights_skip_tracking":false,"_monsterinsights_sitenote_active":false,"_monsterinsights_sitenote_note":"","_monsterinsights_sitenote_category":0,"jetpack_post_was_ever_published":false,"_jetpack_newsletter_access":"","_jetpack_dont_email_post_to_subs":false,"_jetpack_newsletter_tier_id":0,"_jetpack_memberships_contains_paywalled_content":false,"_jetpack_memberships_contains_paid_content":false,"footnotes":"","jetpack_publicize_message":"","jetpack_publicize_feature_enabled":true,"jetpack_social_post_already_shared":true,"jetpack_social_options":{"image_generator_settings":{"template":"highway","default_image_id":0,"font":"","enabled":false},"version":2},"_wpas_customize_per_network":false},"categories":[85],"tags":[4509],"class_list":["post-29365","post","type-post","status-publish","format-standard","hentry","category-policial","tag-ladron-de-motos","generate-columns","tablet-grid-50","mobile-grid-100","grid-parent","grid-50"],"jetpack_publicize_connections":[],"jetpack_featured_media_url":"","wps_subtitle":"","jetpack_sharing_enabled":true,"_links":{"self":[{"href":"https:\/\/www.hoymercedes.com.ar\/principal\/wp-json\/wp\/v2\/posts\/29365","targetHints":{"allow":["GET"]}}],"collection":[{"href":"https:\/\/www.hoymercedes.com.ar\/principal\/wp-json\/wp\/v2\/posts"}],"about":[{"href":"https:\/\/www.hoymercedes.com.ar\/principal\/wp-json\/wp\/v2\/types\/post"}],"author":[{"embeddable":true,"href":"https:\/\/www.hoymercedes.com.ar\/principal\/wp-json\/wp\/v2\/users\/1"}],"replies":[{"embeddable":true,"href":"https:\/\/www.hoymercedes.com.ar\/principal\/wp-json\/wp\/v2\/comments?post=29365"}],"version-history":[{"count":0,"href":"https:\/\/www.hoymercedes.com.ar\/principal\/wp-json\/wp\/v2\/posts\/29365\/revisions"}],"wp:attachment":[{"href":"https:\/\/www.hoymercedes.com.ar\/principal\/wp-json\/wp\/v2\/media?parent=29365"}],"wp:term":[{"taxonomy":"category","embeddable":true,"href":"https:\/\/www.hoymercedes.com.ar\/principal\/wp-json\/wp\/v2\/categories?post=29365"},{"taxonomy":"post_tag","embeddable":true,"href":"https:\/\/www.hoymercedes.com.ar\/principal\/wp-json\/wp\/v2\/tags?post=29365"}],"curies":[{"name":"wp","href":"https:\/\/api.w.org\/{rel}","templated":true}]}}