{"id":29370,"date":"2014-01-18T02:46:32","date_gmt":"2014-01-18T02:46:32","guid":{"rendered":"http:\/\/www.hoymercedes.com.ar\/principal\/?p=29370"},"modified":"2015-04-19T00:27:58","modified_gmt":"2015-04-19T03:27:58","slug":"mercedina-muere-ahogada-en-una-pileta","status":"publish","type":"post","link":"https:\/\/www.hoymercedes.com.ar\/principal\/2014\/01\/18\/mercedina-muere-ahogada-en-una-pileta\/","title":{"rendered":"Mercedina muere ahogada en una pileta"},"content":{"rendered":"<p><em><strong>Un acontecimiento indeseado vivi\u00f3 una familia mercedina durante la semana que pas\u00f3 cuando una mujer aparece muerta en su pileta. Tan s\u00f3lo 30 a\u00f1os de edad ten\u00eda, seg\u00fan se supo de fuentes policiales intervinientes en el hecho.<\/strong><\/em><\/p>\n<p>Se trata de Ana Mar\u00eda Romero, de 30 a\u00f1os de edad, quien fue encontrada sin vida, \u201cflotando boca abajo\u201d en la peque\u00f1a pileta de lona que se encuentra en el patio de su casa, ubicada en calle 55 entre 30 y 32.<\/p>\n<p>Esto ocurri\u00f3 el d\u00eda mi\u00e9rcoles pasado, en horas de la tarde, cuando la actual pareja de Romero,\u00a0sali\u00f3 al patio luego de descansar de un agitado d\u00eda de trabajo. Al momento este hombre pidi\u00f3 ayuda, acerc\u00e1ndose una mujer que estaba ocasionalmente por el lugar, y lograron sacarla de \u00e9se lugar, tratando de revivirla, pero los esfuerzos fueron en vano.<\/p>\n<p>Seg\u00fan coment\u00f3 la fuente policial, Romero seria madre de un ni\u00f1o de 7 a\u00f1os, el que hoy d\u00eda se encuentra al cuidado de su padre, y hacia aproximadamente 2 a\u00f1os que viv\u00eda junto a su actual pareja \u00a0esa vivienda. Por esto la Polic\u00eda inici\u00f3 una investigaci\u00f3n, d\u00e1ndole intervenci\u00f3n a la Fiscal\u00eda en turno, y personal de Polic\u00eda Cient\u00edfica. El cuerpo fue enviado al Hospital de General Rodr\u00edguez, donde el medico de Polic\u00eda llevar\u00e1 a cabo la autopsia a los fines de poder determinar la causa de la muerte y todo otro dato que interese en la investigaci\u00f3n<\/p>\n","protected":false},"excerpt":{"rendered":"<p>Un acontecimiento indeseado vivi\u00f3 una familia mercedina durante la semana que pas\u00f3 cuando una mujer aparece muerta en su pileta. &#8230; <a title=\"Mercedina muere ahogada en una pileta\" class=\"read-more\" href=\"https:\/\/www.hoymercedes.com.ar\/principal\/2014\/01\/18\/mercedina-muere-ahogada-en-una-pileta\/\" aria-label=\"Leer m\u00e1s sobre Mercedina muere ahogada en una pileta\">Leer m\u00e1s<\/a><\/p>\n","protected":false},"author":1,"featured_media":40661,"comment_status":"open","ping_status":"open","sticky":false,"template":"","format":"standard","meta":{"_monsterinsights_skip_tracking":false,"_monsterinsights_sitenote_active":false,"_monsterinsights_sitenote_note":"","_monsterinsights_sitenote_category":0,"jetpack_post_was_ever_published":false,"_jetpack_newsletter_access":"","_jetpack_dont_email_post_to_subs":false,"_jetpack_newsletter_tier_id":0,"_jetpack_memberships_contains_paywalled_content":false,"_jetpack_memberships_contains_paid_content":false,"footnotes":"","jetpack_publicize_message":"","jetpack_publicize_feature_enabled":true,"jetpack_social_post_already_shared":true,"jetpack_social_options":{"image_generator_settings":{"template":"highway","default_image_id":0,"font":"","enabled":false},"version":2},"_wpas_customize_per_network":false},"categories":[85],"tags":[10,4510,96],"class_list":["post-29370","post","type-post","status-publish","format-standard","has-post-thumbnail","hentry","category-policial","tag-mercedes","tag-pileta","tag-policial-2","generate-columns","tablet-grid-50","mobile-grid-100","grid-parent","grid-50"],"jetpack_publicize_connections":[],"jetpack_featured_media_url":"https:\/\/www.hoymercedes.com.ar\/principal\/wp-content\/uploads\/2015\/04\/policiabonaerense.jpg","wps_subtitle":"","jetpack_sharing_enabled":true,"_links":{"self":[{"href":"https:\/\/www.hoymercedes.com.ar\/principal\/wp-json\/wp\/v2\/posts\/29370","targetHints":{"allow":["GET"]}}],"collection":[{"href":"https:\/\/www.hoymercedes.com.ar\/principal\/wp-json\/wp\/v2\/posts"}],"about":[{"href":"https:\/\/www.hoymercedes.com.ar\/principal\/wp-json\/wp\/v2\/types\/post"}],"author":[{"embeddable":true,"href":"https:\/\/www.hoymercedes.com.ar\/principal\/wp-json\/wp\/v2\/users\/1"}],"replies":[{"embeddable":true,"href":"https:\/\/www.hoymercedes.com.ar\/principal\/wp-json\/wp\/v2\/comments?post=29370"}],"version-history":[{"count":0,"href":"https:\/\/www.hoymercedes.com.ar\/principal\/wp-json\/wp\/v2\/posts\/29370\/revisions"}],"wp:featuredmedia":[{"embeddable":true,"href":"https:\/\/www.hoymercedes.com.ar\/principal\/wp-json\/wp\/v2\/media\/40661"}],"wp:attachment":[{"href":"https:\/\/www.hoymercedes.com.ar\/principal\/wp-json\/wp\/v2\/media?parent=29370"}],"wp:term":[{"taxonomy":"category","embeddable":true,"href":"https:\/\/www.hoymercedes.com.ar\/principal\/wp-json\/wp\/v2\/categories?post=29370"},{"taxonomy":"post_tag","embeddable":true,"href":"https:\/\/www.hoymercedes.com.ar\/principal\/wp-json\/wp\/v2\/tags?post=29370"}],"curies":[{"name":"wp","href":"https:\/\/api.w.org\/{rel}","templated":true}]}}