{"id":2938,"date":"2011-03-23T00:30:59","date_gmt":"2011-03-23T00:30:59","guid":{"rendered":"http:\/\/www.hoymercedes.com.ar\/principal\/?p=2938"},"modified":"2011-03-23T00:30:59","modified_gmt":"2011-03-23T00:30:59","slug":"mas-de-mil-afiliados-participan-del-congreso-de-ate","status":"publish","type":"post","link":"https:\/\/www.hoymercedes.com.ar\/principal\/2011\/03\/23\/mas-de-mil-afiliados-participan-del-congreso-de-ate\/","title":{"rendered":"M\u00e1s de mil afiliados participan del congreso de ATE"},"content":{"rendered":"<figure id=\"attachment_2940\" aria-describedby=\"caption-attachment-2940\" style=\"width: 290px\" class=\"wp-caption alignleft\"><a href=\"https:\/\/www.hoymercedes.com.ar\/principal\/wp-content\/uploads\/2011\/03\/asambleaate2.jpg\"><img loading=\"lazy\" decoding=\"async\" data-attachment-id=\"2940\" data-permalink=\"https:\/\/www.hoymercedes.com.ar\/principal\/2011\/03\/23\/mas-de-mil-afiliados-participan-del-congreso-de-ate\/asambleaate2\/#main\" data-orig-file=\"https:\/\/www.hoymercedes.com.ar\/principal\/wp-content\/uploads\/2011\/03\/asambleaate2.jpg\" data-orig-size=\"700,469\" data-comments-opened=\"1\" data-image-meta=\"{&quot;aperture&quot;:&quot;5.6&quot;,&quot;credit&quot;:&quot;&quot;,&quot;camera&quot;:&quot;NIKON D200&quot;,&quot;caption&quot;:&quot;&quot;,&quot;created_timestamp&quot;:&quot;1300790359&quot;,&quot;copyright&quot;:&quot;&quot;,&quot;focal_length&quot;:&quot;18&quot;,&quot;iso&quot;:&quot;500&quot;,&quot;shutter_speed&quot;:&quot;0.033333333333333&quot;,&quot;title&quot;:&quot;&quot;}\" data-image-title=\"asambleaate2\" data-image-description=\"\" data-image-caption=\"\" data-large-file=\"https:\/\/www.hoymercedes.com.ar\/principal\/wp-content\/uploads\/2011\/03\/asambleaate2.jpg\" class=\"size-medium wp-image-2940\" title=\"asambleaate2\" src=\"https:\/\/www.hoymercedes.com.ar\/principal\/wp-content\/uploads\/2011\/03\/asambleaate2-300x201.jpg\" alt=\"\" width=\"300\" height=\"201\" srcset=\"https:\/\/www.hoymercedes.com.ar\/principal\/wp-content\/uploads\/2011\/03\/asambleaate2-300x201.jpg 300w, https:\/\/www.hoymercedes.com.ar\/principal\/wp-content\/uploads\/2011\/03\/asambleaate2.jpg 700w\" sizes=\"auto, (max-width: 300px) 100vw, 300px\" \/><\/a><figcaption id=\"caption-attachment-2940\" class=\"wp-caption-text\">Congreso ATE<\/figcaption><\/figure>\n<p style=\"text-align: justify;\">Luego de la acreditaci\u00f3n en el CEF de Mar del Plata, 1.100 congresales que llegaron de todos los puntos de la provincia de Buenos Aires abrieron el 20\u00b0 Congreso Provincial Ordinario y 21\u00b0 Extraordinario.<\/p>\n<p style=\"text-align: justify;\">Con la presencia de las seccionales y agrupaciones que trabajan en conjunto con ATE y CTA, Hugo \u201cCachorro\u201d Godoy, secretario General de ATE Provincia, adelant\u00f3 que \u201ctenemos 3 largas jornadas de trabajo por delante, entre el congreso de ATE y el de CTA\u201d.<\/p>\n<p style=\"text-align: justify;\">Tras la apertura, la Mesa Provincial realiza un informe pol\u00edtico que luego ser\u00e1 puesto en consideraci\u00f3n mediante un trabajo en 6 comisiones, distribuidas, a su vez, en 3 ejes: Organizaci\u00f3n y gremial; Plan de acci\u00f3n; y Comunicaci\u00f3n, Formaci\u00f3n e IDEP.<\/p>\n<p style=\"text-align: justify;\">Entre los presentes se destacan las banderas verdes de las seccionales Jun\u00edn, Ramallo, Almirante Brown, Presidente Per\u00f3n, La Matanza, Malvinas Argentinas, Quilmes, Carmen de Areco, Florencio Varela, Berisso, Ensenada (Astillero), Necochea, Tres de Febrero, Berazategui, Olavarr\u00eda, Moreno, Mercedes, Exaltaci\u00f3n de la Cruz, Pinamar, Ezeiza, Esteban Echeverr\u00eda, entre otros.<\/p>\n<p style=\"text-align: justify;\">Tambi\u00e9n est\u00e1n los auxiliares de Berazategui y de San Mart\u00edn; los compa\u00f1eros de las agrupaciones de Estatales 1\u00b0 de Mayo y Julio G\u00f3mez (Ca\u00f1uelas); y de las asambleas de la Constituyente Social de Florencio Varela, Berisso, Moreno, Merlo y General Rodr\u00edguez; y lo j\u00f3venes de la CTA Regi\u00f3n Centro (Agrupaci\u00f3n Germ\u00e1n Abdala).<\/p>\n<p style=\"text-align: justify;\">&nbsp;<\/p>\n<p style=\"text-align: justify;\">&nbsp;<\/p>\n","protected":false},"excerpt":{"rendered":"<p>Luego de la acreditaci\u00f3n en el CEF de Mar del Plata, 1.100 congresales que llegaron de todos los puntos de &#8230; <a title=\"M\u00e1s de mil afiliados participan del congreso de ATE\" class=\"read-more\" href=\"https:\/\/www.hoymercedes.com.ar\/principal\/2011\/03\/23\/mas-de-mil-afiliados-participan-del-congreso-de-ate\/\" aria-label=\"Leer m\u00e1s sobre M\u00e1s de mil afiliados participan del congreso de ATE\">Leer m\u00e1s<\/a><\/p>\n","protected":false},"author":1,"featured_media":0,"comment_status":"open","ping_status":"open","sticky":false,"template":"","format":"standard","meta":{"_monsterinsights_skip_tracking":false,"_monsterinsights_sitenote_active":false,"_monsterinsights_sitenote_note":"","_monsterinsights_sitenote_category":0,"jetpack_post_was_ever_published":false,"_jetpack_newsletter_access":"","_jetpack_dont_email_post_to_subs":false,"_jetpack_newsletter_tier_id":0,"_jetpack_memberships_contains_paywalled_content":false,"_jetpack_memberships_contains_paid_content":false,"footnotes":"","jetpack_publicize_message":"","jetpack_publicize_feature_enabled":true,"jetpack_social_post_already_shared":false,"jetpack_social_options":{"image_generator_settings":{"template":"highway","default_image_id":0,"font":"","enabled":false},"version":2},"_wpas_customize_per_network":false},"categories":[85],"tags":[418],"class_list":["post-2938","post","type-post","status-publish","format-standard","hentry","category-policial","tag-ate","generate-columns","tablet-grid-50","mobile-grid-100","grid-parent","grid-50"],"jetpack_publicize_connections":[],"jetpack_featured_media_url":"","wps_subtitle":"","jetpack_sharing_enabled":true,"_links":{"self":[{"href":"https:\/\/www.hoymercedes.com.ar\/principal\/wp-json\/wp\/v2\/posts\/2938","targetHints":{"allow":["GET"]}}],"collection":[{"href":"https:\/\/www.hoymercedes.com.ar\/principal\/wp-json\/wp\/v2\/posts"}],"about":[{"href":"https:\/\/www.hoymercedes.com.ar\/principal\/wp-json\/wp\/v2\/types\/post"}],"author":[{"embeddable":true,"href":"https:\/\/www.hoymercedes.com.ar\/principal\/wp-json\/wp\/v2\/users\/1"}],"replies":[{"embeddable":true,"href":"https:\/\/www.hoymercedes.com.ar\/principal\/wp-json\/wp\/v2\/comments?post=2938"}],"version-history":[{"count":0,"href":"https:\/\/www.hoymercedes.com.ar\/principal\/wp-json\/wp\/v2\/posts\/2938\/revisions"}],"wp:attachment":[{"href":"https:\/\/www.hoymercedes.com.ar\/principal\/wp-json\/wp\/v2\/media?parent=2938"}],"wp:term":[{"taxonomy":"category","embeddable":true,"href":"https:\/\/www.hoymercedes.com.ar\/principal\/wp-json\/wp\/v2\/categories?post=2938"},{"taxonomy":"post_tag","embeddable":true,"href":"https:\/\/www.hoymercedes.com.ar\/principal\/wp-json\/wp\/v2\/tags?post=2938"}],"curies":[{"name":"wp","href":"https:\/\/api.w.org\/{rel}","templated":true}]}}