{"id":29406,"date":"2014-01-21T13:00:59","date_gmt":"2014-01-21T13:00:59","guid":{"rendered":"http:\/\/www.hoymercedes.com.ar\/principal\/?p=29406"},"modified":"2014-01-20T23:58:58","modified_gmt":"2014-01-20T23:58:58","slug":"massa-pide-por-la-proteccion-de-los-empleos","status":"publish","type":"post","link":"https:\/\/www.hoymercedes.com.ar\/principal\/2014\/01\/21\/massa-pide-por-la-proteccion-de-los-empleos\/","title":{"rendered":"Massa pide por la protecci\u00f3n de los empleos"},"content":{"rendered":"<p><a href=\"https:\/\/www.hoymercedes.com.ar\/principal\/wp-content\/uploads\/2014\/01\/massa.jpg\"><img loading=\"lazy\" decoding=\"async\" data-attachment-id=\"29408\" data-permalink=\"https:\/\/www.hoymercedes.com.ar\/principal\/2014\/01\/21\/massa-pide-por-la-proteccion-de-los-empleos\/massa\/#main\" data-orig-file=\"https:\/\/www.hoymercedes.com.ar\/principal\/wp-content\/uploads\/2014\/01\/massa.jpg\" data-orig-size=\"620,412\" data-comments-opened=\"1\" data-image-meta=\"{&quot;aperture&quot;:&quot;0&quot;,&quot;credit&quot;:&quot;&quot;,&quot;camera&quot;:&quot;&quot;,&quot;caption&quot;:&quot;&quot;,&quot;created_timestamp&quot;:&quot;0&quot;,&quot;copyright&quot;:&quot;&quot;,&quot;focal_length&quot;:&quot;0&quot;,&quot;iso&quot;:&quot;0&quot;,&quot;shutter_speed&quot;:&quot;0&quot;,&quot;title&quot;:&quot;&quot;}\" data-image-title=\"massa\" data-image-description=\"\" data-image-caption=\"\" data-large-file=\"https:\/\/www.hoymercedes.com.ar\/principal\/wp-content\/uploads\/2014\/01\/massa.jpg\" class=\"aligncenter size-full wp-image-29408\" alt=\"massa\" src=\"https:\/\/www.hoymercedes.com.ar\/principal\/wp-content\/uploads\/2014\/01\/massa.jpg\" width=\"620\" height=\"412\" \/><\/a><\/p>\n<p><em><strong>El diputado nacional del Frente Renovador present\u00f3 un proyecto de ley para la suspensi\u00f3n de despidos \u00absin causa justificada\u00bb. \u00abQueremos que la ley se trate en extraordinarias\u00bb, afirm\u00f3.<\/strong><\/em><\/p>\n<p>El diputado nacional por el Frente Renovador Sergio Massa se reuni\u00f3 en la ciudad de Pinamar con dirigentes gremiales de su sector, a quienes le present\u00f3 un proyecto de ley para la \u00absuspensi\u00f3n\u00bb de despidos \u00absin causa justificada\u00bb.<\/p>\n<p>\u00abAnte la inflaci\u00f3n y la inseguridad laboral, queremos estabilidad y certidumbre para los trabajadores\u00bb, afirm\u00f3 Massa y agreg\u00f3 que \u00abqueremos que el Estado tenga una herramienta para que la gente no tenga miedo a perder el trabajo\u00bb.<\/p>\n<p>En ese sentido, enfatiz\u00f3 que \u00abpor eso seguimos el camino de la propuesta, queremos que la ley se trate en extraordinarias\u00bb.<\/p>\n<p>El proyecto del Frente Renovador propone que el Gobierno adopte un programa \u00abantiinflacionario efectivo, integral y consistente\u00bb, se explic\u00f3.<\/p>\n<p>A su vez, la iniciativa plantea que se abra un per\u00edodo de negociaciones salariales que debe \u00abpriorizar el resguardo del empleo y de los salarios reales de los trabajadores, ya que es central para la estabilidad y la paz social la protecci\u00f3n de los puestos de trabajo en tanto se definen, revisan y corrigen pol\u00edticas del gobierno nacional\u00bb, se afirm\u00f3 en un comunicado.<\/p>\n<p>\u00abA la inseguridad f\u00edsica por la delincuencia y a la inseguridad econ\u00f3mica por la inflaci\u00f3n, hoy se agrega la inseguridad laboral por los temores de las empresas\u00bb, a\u00f1adi\u00f3 Massa.<\/p>\n<p>Fuente: Prensa Frente Renovador Mercedes<\/p>\n<p>&nbsp;<\/p>\n<p>En el encuentro en Pinamar participaron el titular del gremio de Sanidad, H\u00e9ctor Daer; el diputado provincial y Secretario General del Sindicato de Trabajadores de Estaciones de Servicios (SOESGyPE), Carlos Acu\u00f1a; el diputado nacional por el Frente Renovador y Secretario General de la Federaci\u00f3n Argentina Sindical de Petr\u00f3leo, Gas y Biocombustibles, Alberto Roberti; entre otros.<\/p>\n","protected":false},"excerpt":{"rendered":"<p>El diputado nacional del Frente Renovador present\u00f3 un proyecto de ley para la suspensi\u00f3n de despidos \u00absin causa justificada\u00bb. \u00abQueremos &#8230; <a title=\"Massa pide por la protecci\u00f3n de los empleos\" class=\"read-more\" href=\"https:\/\/www.hoymercedes.com.ar\/principal\/2014\/01\/21\/massa-pide-por-la-proteccion-de-los-empleos\/\" aria-label=\"Leer m\u00e1s sobre Massa pide por la protecci\u00f3n de los empleos\">Leer m\u00e1s<\/a><\/p>\n","protected":false},"author":1,"featured_media":0,"comment_status":"open","ping_status":"open","sticky":false,"template":"","format":"standard","meta":{"_monsterinsights_skip_tracking":false,"_monsterinsights_sitenote_active":false,"_monsterinsights_sitenote_note":"","_monsterinsights_sitenote_category":0,"jetpack_post_was_ever_published":false,"_jetpack_newsletter_access":"","_jetpack_dont_email_post_to_subs":false,"_jetpack_newsletter_tier_id":0,"_jetpack_memberships_contains_paywalled_content":false,"_jetpack_memberships_contains_paid_content":false,"footnotes":"","jetpack_publicize_message":"","jetpack_publicize_feature_enabled":true,"jetpack_social_post_already_shared":true,"jetpack_social_options":{"image_generator_settings":{"template":"highway","default_image_id":0,"font":"","enabled":false},"version":2},"_wpas_customize_per_network":false},"categories":[5],"tags":[39,2684],"class_list":["post-29406","post","type-post","status-publish","format-standard","hentry","category-politica","tag-carlos-selva","tag-sergio-massa","generate-columns","tablet-grid-50","mobile-grid-100","grid-parent","grid-50"],"jetpack_publicize_connections":[],"jetpack_featured_media_url":"","wps_subtitle":"","jetpack_sharing_enabled":true,"_links":{"self":[{"href":"https:\/\/www.hoymercedes.com.ar\/principal\/wp-json\/wp\/v2\/posts\/29406","targetHints":{"allow":["GET"]}}],"collection":[{"href":"https:\/\/www.hoymercedes.com.ar\/principal\/wp-json\/wp\/v2\/posts"}],"about":[{"href":"https:\/\/www.hoymercedes.com.ar\/principal\/wp-json\/wp\/v2\/types\/post"}],"author":[{"embeddable":true,"href":"https:\/\/www.hoymercedes.com.ar\/principal\/wp-json\/wp\/v2\/users\/1"}],"replies":[{"embeddable":true,"href":"https:\/\/www.hoymercedes.com.ar\/principal\/wp-json\/wp\/v2\/comments?post=29406"}],"version-history":[{"count":0,"href":"https:\/\/www.hoymercedes.com.ar\/principal\/wp-json\/wp\/v2\/posts\/29406\/revisions"}],"wp:attachment":[{"href":"https:\/\/www.hoymercedes.com.ar\/principal\/wp-json\/wp\/v2\/media?parent=29406"}],"wp:term":[{"taxonomy":"category","embeddable":true,"href":"https:\/\/www.hoymercedes.com.ar\/principal\/wp-json\/wp\/v2\/categories?post=29406"},{"taxonomy":"post_tag","embeddable":true,"href":"https:\/\/www.hoymercedes.com.ar\/principal\/wp-json\/wp\/v2\/tags?post=29406"}],"curies":[{"name":"wp","href":"https:\/\/api.w.org\/{rel}","templated":true}]}}