{"id":29504,"date":"2014-01-28T13:31:51","date_gmt":"2014-01-28T13:31:51","guid":{"rendered":"http:\/\/www.hoymercedes.com.ar\/principal\/?p=29504"},"modified":"2014-01-28T00:39:42","modified_gmt":"2014-01-28T00:39:42","slug":"joven-ingreso-al-unzue-y-fue-detenido","status":"publish","type":"post","link":"https:\/\/www.hoymercedes.com.ar\/principal\/2014\/01\/28\/joven-ingreso-al-unzue-y-fue-detenido\/","title":{"rendered":"Joven ingres\u00f3 al Unzu\u00e9 y fue detenido"},"content":{"rendered":"<p><em><strong>El acontecimiento se concret\u00f3 hace una semana aproximadamente. Debi\u00f3 intervenir la polic\u00eda local.El joven qued\u00f3 a disposici\u00f3n de la justicia. No es la primera vez que desde el Unzu\u00e9 deben ponerse en estado de alerta por una situaci\u00f3n inesperada.\u00a0<\/strong><\/em><\/p>\n<p>U joven menor de edad (16 a\u00f1os), miembro de una familia local, tuvo una actitud que fue sospechosa, cuando inexplicablemente\u00a0ingres\u00f3 por la parte trasera (calles 26 y 51) las instalaciones del\u00a0Instituto Unzue, y comenz\u00f3 a arrojarle piedras al empleado de la seguridad\u00a0privada; fue as\u00ed que se inici\u00f3 una persecuci\u00f3n en el interior del predio,\u00a0arrojando como resultado la detenci\u00f3n del muchacho, quien fue trasladado ala Comisaria local, donde lo entregaron.<\/p>\n<p>Afortunadamente los empleados de\u00a0seguridad no sufrieron ning\u00fan tipo de lesi\u00f3n. Por otro lado se desconoce\u00a0que motiv\u00f3 al joven a comportarse de esa forma.<\/p>\n","protected":false},"excerpt":{"rendered":"<p>El acontecimiento se concret\u00f3 hace una semana aproximadamente. Debi\u00f3 intervenir la polic\u00eda local.El joven qued\u00f3 a disposici\u00f3n de la justicia. &#8230; <a title=\"Joven ingres\u00f3 al Unzu\u00e9 y fue detenido\" class=\"read-more\" href=\"https:\/\/www.hoymercedes.com.ar\/principal\/2014\/01\/28\/joven-ingreso-al-unzue-y-fue-detenido\/\" aria-label=\"Leer m\u00e1s sobre Joven ingres\u00f3 al Unzu\u00e9 y fue detenido\">Leer m\u00e1s<\/a><\/p>\n","protected":false},"author":1,"featured_media":0,"comment_status":"open","ping_status":"open","sticky":false,"template":"","format":"standard","meta":{"_monsterinsights_skip_tracking":false,"_monsterinsights_sitenote_active":false,"_monsterinsights_sitenote_note":"","_monsterinsights_sitenote_category":0,"jetpack_post_was_ever_published":false,"_jetpack_newsletter_access":"","_jetpack_dont_email_post_to_subs":false,"_jetpack_newsletter_tier_id":0,"_jetpack_memberships_contains_paywalled_content":false,"_jetpack_memberships_contains_paid_content":false,"footnotes":"","jetpack_publicize_message":"","jetpack_publicize_feature_enabled":true,"jetpack_social_post_already_shared":false,"jetpack_social_options":{"image_generator_settings":{"template":"highway","default_image_id":0,"font":"","enabled":false},"version":2},"_wpas_customize_per_network":false},"categories":[85],"tags":[4548,1077],"class_list":["post-29504","post","type-post","status-publish","format-standard","hentry","category-policial","tag-detenidos-mercedes","tag-instituto-unzue","generate-columns","tablet-grid-50","mobile-grid-100","grid-parent","grid-50"],"jetpack_publicize_connections":[],"jetpack_featured_media_url":"","wps_subtitle":"","jetpack_sharing_enabled":true,"_links":{"self":[{"href":"https:\/\/www.hoymercedes.com.ar\/principal\/wp-json\/wp\/v2\/posts\/29504","targetHints":{"allow":["GET"]}}],"collection":[{"href":"https:\/\/www.hoymercedes.com.ar\/principal\/wp-json\/wp\/v2\/posts"}],"about":[{"href":"https:\/\/www.hoymercedes.com.ar\/principal\/wp-json\/wp\/v2\/types\/post"}],"author":[{"embeddable":true,"href":"https:\/\/www.hoymercedes.com.ar\/principal\/wp-json\/wp\/v2\/users\/1"}],"replies":[{"embeddable":true,"href":"https:\/\/www.hoymercedes.com.ar\/principal\/wp-json\/wp\/v2\/comments?post=29504"}],"version-history":[{"count":0,"href":"https:\/\/www.hoymercedes.com.ar\/principal\/wp-json\/wp\/v2\/posts\/29504\/revisions"}],"wp:attachment":[{"href":"https:\/\/www.hoymercedes.com.ar\/principal\/wp-json\/wp\/v2\/media?parent=29504"}],"wp:term":[{"taxonomy":"category","embeddable":true,"href":"https:\/\/www.hoymercedes.com.ar\/principal\/wp-json\/wp\/v2\/categories?post=29504"},{"taxonomy":"post_tag","embeddable":true,"href":"https:\/\/www.hoymercedes.com.ar\/principal\/wp-json\/wp\/v2\/tags?post=29504"}],"curies":[{"name":"wp","href":"https:\/\/api.w.org\/{rel}","templated":true}]}}