{"id":29509,"date":"2014-01-28T16:40:24","date_gmt":"2014-01-28T16:40:24","guid":{"rendered":"http:\/\/www.hoymercedes.com.ar\/principal\/?p=29509"},"modified":"2014-01-28T00:45:53","modified_gmt":"2014-01-28T00:45:53","slug":"detenido-por-vender-entradas-apocrifas","status":"publish","type":"post","link":"https:\/\/www.hoymercedes.com.ar\/principal\/2014\/01\/28\/detenido-por-vender-entradas-apocrifas\/","title":{"rendered":"Detenido por vender entradas ap\u00f3crifas"},"content":{"rendered":"<p><a href=\"https:\/\/www.hoymercedes.com.ar\/principal\/wp-content\/uploads\/2014\/01\/policia1.jpg\"><img loading=\"lazy\" decoding=\"async\" data-attachment-id=\"29511\" data-permalink=\"https:\/\/www.hoymercedes.com.ar\/principal\/2014\/01\/28\/detenido-por-vender-entradas-apocrifas\/policia-3\/#main\" data-orig-file=\"https:\/\/www.hoymercedes.com.ar\/principal\/wp-content\/uploads\/2014\/01\/policia1.jpg\" data-orig-size=\"620,148\" data-comments-opened=\"1\" data-image-meta=\"{&quot;aperture&quot;:&quot;0&quot;,&quot;credit&quot;:&quot;&quot;,&quot;camera&quot;:&quot;&quot;,&quot;caption&quot;:&quot;&quot;,&quot;created_timestamp&quot;:&quot;0&quot;,&quot;copyright&quot;:&quot;&quot;,&quot;focal_length&quot;:&quot;0&quot;,&quot;iso&quot;:&quot;0&quot;,&quot;shutter_speed&quot;:&quot;0&quot;,&quot;title&quot;:&quot;&quot;}\" data-image-title=\"policia\" data-image-description=\"\" data-image-caption=\"\" data-large-file=\"https:\/\/www.hoymercedes.com.ar\/principal\/wp-content\/uploads\/2014\/01\/policia1.jpg\" class=\"aligncenter size-full wp-image-29511\" alt=\"policia\" src=\"https:\/\/www.hoymercedes.com.ar\/principal\/wp-content\/uploads\/2014\/01\/policia1.jpg\" width=\"620\" height=\"148\" \/><\/a><\/p>\n<p><em><strong>La polic\u00eda de nuestra\u00a0ciudad\u00a0logr\u00f3 detener a un mayor de edad acusado de efectuar estafas. Los hechos como el que\u00a0ocurri\u00f3 promediando la\u00a0semana pasada, no es el primero de \u00e9ste tipo, y es as\u00ed que se recomienda constantemente a la ciudadan\u00eda estar muy atenta. Es un sujeto oriundo de la vecina localidad de Luj\u00e1n.\u00a0<\/strong><\/em><\/p>\n<p>Siendo las horas del mediod\u00eda del Jueves\u00a0pasado la Polic\u00eda recibe una comunicaci\u00f3n telef\u00f3nica en la que informaban\u00a0sobre un hombre que, sospechosamente, estaba vendiendo en las casas del\u00a0barrio (12 y 5) entradas para un recital y festival en la ciudad de Lujan;\u00a0es as\u00ed que se hace presente un patrullero en la zona, y los efectivos\u00a0observan que un joven al que no conoc\u00edan, caminaba por la zona, por lo que\u00a0procedieron a detenerlo, interrog\u00e1ndolo sobre distintas circunstancias,\u00a0hasta que \u00e9l mismo manifest\u00f3 espont\u00e1neamente que estaba vendiendo entradas\u00a0para un recital.<\/p>\n<p>Es as\u00ed que los uniformados al instante y por el hecho que\u00a0las entradas no se notaban originales (eran fotocopias), llevaron a cabo\u00a0las averiguaciones necesarias, pudiendo determinar que \u00e9se recital no se\u00a0iba a llevar a cabo, por lo que detuvieron al joven, quien es de apellido Mendoza\u00a0de 21 a\u00f1os de edad, domiciliado en la ciudad de Lujan.<\/p>\n<p>La polic\u00eda local secuestr\u00f3\u00a0\u00a0las \u201centradas\u201d, quedando as\u00ed imputado en una causa por\u00a0presunta estafa. Por otro lado la Polic\u00eda trata de determinar la existencia\u00a0de v\u00edctimas, por lo que desde la sede Policial se le ruega a quienes\u00a0compraron entradas para ese evento, se hagan presente en esa seccional de\u00a0calle 37 entre 24 y 26 para denunciar lo ocurrido.<\/p>\n","protected":false},"excerpt":{"rendered":"<p>La polic\u00eda de nuestra\u00a0ciudad\u00a0logr\u00f3 detener a un mayor de edad acusado de efectuar estafas. Los hechos como el que\u00a0ocurri\u00f3 promediando &#8230; <a title=\"Detenido por vender entradas ap\u00f3crifas\" class=\"read-more\" href=\"https:\/\/www.hoymercedes.com.ar\/principal\/2014\/01\/28\/detenido-por-vender-entradas-apocrifas\/\" aria-label=\"Leer m\u00e1s sobre Detenido por vender entradas ap\u00f3crifas\">Leer m\u00e1s<\/a><\/p>\n","protected":false},"author":1,"featured_media":0,"comment_status":"open","ping_status":"open","sticky":false,"template":"","format":"standard","meta":{"_monsterinsights_skip_tracking":false,"_monsterinsights_sitenote_active":false,"_monsterinsights_sitenote_note":"","_monsterinsights_sitenote_category":0,"jetpack_post_was_ever_published":false,"_jetpack_newsletter_access":"","_jetpack_dont_email_post_to_subs":false,"_jetpack_newsletter_tier_id":0,"_jetpack_memberships_contains_paywalled_content":false,"_jetpack_memberships_contains_paid_content":false,"footnotes":"","jetpack_publicize_message":"","jetpack_publicize_feature_enabled":true,"jetpack_social_post_already_shared":false,"jetpack_social_options":{"image_generator_settings":{"template":"highway","default_image_id":0,"font":"","enabled":false},"version":2},"_wpas_customize_per_network":false},"categories":[85],"tags":[4549,4550,126],"class_list":["post-29509","post","type-post","status-publish","format-standard","hentry","category-policial","tag-detenido-por-a-policia","tag-entradas-truchas","tag-policia-mercedes","generate-columns","tablet-grid-50","mobile-grid-100","grid-parent","grid-50"],"jetpack_publicize_connections":[],"jetpack_featured_media_url":"","wps_subtitle":"","jetpack_sharing_enabled":true,"_links":{"self":[{"href":"https:\/\/www.hoymercedes.com.ar\/principal\/wp-json\/wp\/v2\/posts\/29509","targetHints":{"allow":["GET"]}}],"collection":[{"href":"https:\/\/www.hoymercedes.com.ar\/principal\/wp-json\/wp\/v2\/posts"}],"about":[{"href":"https:\/\/www.hoymercedes.com.ar\/principal\/wp-json\/wp\/v2\/types\/post"}],"author":[{"embeddable":true,"href":"https:\/\/www.hoymercedes.com.ar\/principal\/wp-json\/wp\/v2\/users\/1"}],"replies":[{"embeddable":true,"href":"https:\/\/www.hoymercedes.com.ar\/principal\/wp-json\/wp\/v2\/comments?post=29509"}],"version-history":[{"count":0,"href":"https:\/\/www.hoymercedes.com.ar\/principal\/wp-json\/wp\/v2\/posts\/29509\/revisions"}],"wp:attachment":[{"href":"https:\/\/www.hoymercedes.com.ar\/principal\/wp-json\/wp\/v2\/media?parent=29509"}],"wp:term":[{"taxonomy":"category","embeddable":true,"href":"https:\/\/www.hoymercedes.com.ar\/principal\/wp-json\/wp\/v2\/categories?post=29509"},{"taxonomy":"post_tag","embeddable":true,"href":"https:\/\/www.hoymercedes.com.ar\/principal\/wp-json\/wp\/v2\/tags?post=29509"}],"curies":[{"name":"wp","href":"https:\/\/api.w.org\/{rel}","templated":true}]}}