{"id":29513,"date":"2014-01-28T21:00:34","date_gmt":"2014-01-28T21:00:34","guid":{"rendered":"http:\/\/www.hoymercedes.com.ar\/principal\/?p=29513"},"modified":"2014-01-28T00:51:56","modified_gmt":"2014-01-28T00:51:56","slug":"mic-investiga-generacion-y-consumo-de-agua-potable-por-red-en-la-zona-urbana-de-mercedes","status":"publish","type":"post","link":"https:\/\/www.hoymercedes.com.ar\/principal\/2014\/01\/28\/mic-investiga-generacion-y-consumo-de-agua-potable-por-red-en-la-zona-urbana-de-mercedes\/","title":{"rendered":"MIC investiga generaci\u00f3n y consumo de agua potable por red en la zona urbana de Mercedes"},"content":{"rendered":"<p><a href=\"https:\/\/www.hoymercedes.com.ar\/principal\/wp-content\/uploads\/2014\/01\/cestaribadano.jpg\"><img loading=\"lazy\" decoding=\"async\" data-attachment-id=\"29515\" data-permalink=\"https:\/\/www.hoymercedes.com.ar\/principal\/2014\/01\/28\/mic-investiga-generacion-y-consumo-de-agua-potable-por-red-en-la-zona-urbana-de-mercedes\/cestaribadano\/#main\" data-orig-file=\"https:\/\/www.hoymercedes.com.ar\/principal\/wp-content\/uploads\/2014\/01\/cestaribadano.jpg\" data-orig-size=\"620,465\" data-comments-opened=\"1\" data-image-meta=\"{&quot;aperture&quot;:&quot;0&quot;,&quot;credit&quot;:&quot;&quot;,&quot;camera&quot;:&quot;&quot;,&quot;caption&quot;:&quot;&quot;,&quot;created_timestamp&quot;:&quot;0&quot;,&quot;copyright&quot;:&quot;&quot;,&quot;focal_length&quot;:&quot;0&quot;,&quot;iso&quot;:&quot;0&quot;,&quot;shutter_speed&quot;:&quot;0&quot;,&quot;title&quot;:&quot;&quot;}\" data-image-title=\"cestaribadano\" data-image-description=\"\" data-image-caption=\"\" data-large-file=\"https:\/\/www.hoymercedes.com.ar\/principal\/wp-content\/uploads\/2014\/01\/cestaribadano.jpg\" class=\"aligncenter size-full wp-image-29515\" alt=\"cestaribadano\" src=\"https:\/\/www.hoymercedes.com.ar\/principal\/wp-content\/uploads\/2014\/01\/cestaribadano.jpg\" width=\"620\" height=\"465\" \/><\/a><\/p>\n<p><em><strong>El MIC sigui\u00f3 con la investigaci\u00f3n de la generaci\u00f3n y consumo de agua potable por red en la zona urbana de Mercedes.<\/strong><\/em><br \/>\n<em><strong>La semana pasada los concejales del MIC, Jos\u00e9 Cestari y Juan Carlos Badano, se entrevistaron con Fernando Galardo, responsable de instalaciones internas de la Usina de Mercedes, dependiente de la Secretar\u00eda de Obras P\u00fablicas de Mercedes (Ingeniero Gustavo Salomone)<\/strong><\/em><br \/>\nEsta semana, acompa\u00f1ados por el Vicepresidente del Partido Vecinal Cristi\u00e1n Torne y uno de los Apoderados Legales Marcos Iglesias, continuaron con la b\u00fasqueda de informaci\u00f3n, se entrevistaron con:<br \/>\n1) \u00a0 \u00a0 \u00a0El Ingeniero Rodolfo Delorenzi, a cargo del Laboratorio de Transba SA de Mercedes, localizado en calle 15 entre 114 y 110. Lograron obtener los siguientes datos:<br \/>\nMercedes recibe energ\u00eda el\u00e9ctrica por su l\u00ednea de doble terna de 132KV (la que podemos ver a lo largo de la calle 11 a partir de la 112). Llega dependiendo el sentido de los flujos, en algunas ocasiones proviene de Lujan, que a su vez la recibe de Mor\u00f3n; y en otras de Bragado que a su vez la recibe de Henderson, donde pasan las grandes l\u00edneas de 500KV provenientes de la represa hidroel\u00e9ctrica El Choc\u00f3n, localizada en el l\u00edmite entre las provincias de Neuqu\u00e9n y Rio Negro, si bien el sistema est\u00e1 interconectado en la Provincia de Buenos Aires.<br \/>\nLa empresa Transba SA, filial de Transener Norte SA (75 % capitales privados y 25 % del Estado) es la encargada del trasporte de la energ\u00eda el\u00e9ctrica en gran parte de la provincia de Buenos Aires y espec\u00edficamente en Mercedes.<br \/>\nLas tensiones de energ\u00eda el\u00e9ctrica que recibe Transba SA en sus instalaciones ubicadas en el predio del Barrio Seminario son correctas y encuadran dentro de un marco de tolerancia del sistema, como as\u00ed tambi\u00e9n las salidas de 33KV (hoy destinadas a la localidad de Suipacha y la empresa MARS de Gowland, asimismo pr\u00f3ximamente se interconectaran las localidades de Navarro y San Andr\u00e9s de Giles) y las tensiones de energ\u00eda el\u00e9ctrica de 13.2KV que mediante barras llegan a los 8 alimentadores de donde salen las l\u00edneas de media tensi\u00f3n que llegan a EDEN SA.<br \/>\nTransba SA cuenta en la localidad con 2 transformadores Tadeo Czerweny de 132\/33\/13.2KV x 30\/20\/30 MVA capaces de soportar las demandas energ\u00e9ticas de la ciudad.<br \/>\nPara el MIC, evidentemente el problema de energ\u00eda el\u00e9ctrica no est\u00e1 aqu\u00ed.<br \/>\n2) \u00a0 \u00a0 \u00a0El Ingeniero Domingo Pisani, gerente de Eden SA, que es la empresa encargada de la distribuci\u00f3n de la energ\u00eda el\u00e9ctrica en Mercedes (Un monopolio con tarifas para los usuarios consensuadas con el Estado, que se lleva casi un 50 % del total a trav\u00e9s de impuestos provinciales y nacionales). Para ello, la empresa cuenta con l\u00edneas de 13.2kv de media tensi\u00f3n provenientes de los alimentadores abastecidos por los dos transformadores de potencia ubicados en el predio de la empresa Transba SA en el barrio Seminario, como as\u00ed tambi\u00e9n cuenta con l\u00edneas de baja tensi\u00f3n de 380v entre fases y 220v entre fase y neutro (la electricidad que todos conocemos).<br \/>\nPara bajar el voltaje de 13.2kv, dicho de otra manera 13.200v (trece mil doscientos voltios), a los 220v de nuestras casas, se utilizan trasformadores (los que podemos ver sobre postes por toda la ciudad y algunos subterr\u00e1neos) de diferentes capacidades de potencia en base a la cantidad de consumo, estos transformadores suministran electricidad a varias manzanas por lo general.<br \/>\nLos cortes de luz: Pueden producirse por una infinidad de motivos, pero puntualmente los que est\u00e1n afectando con mayor incidencia a los vecinos son 3. (No ordenados por nivel de \u00a0importancia).<br \/>\na) \u00a0 \u00a0 \u00a0\u00c1rboles: por falta de poda interfieren con las l\u00edneas de media y baja tensi\u00f3n, en las l\u00edneas de baja tensi\u00f3n significa dejar sin luz a los clientes ligados a un transformador puntual. Pero en el caso de interferir con las l\u00edneas de media tensi\u00f3n pueden llegar a hacer salir de servicio directamente a un alimentador, dejando toda la l\u00ednea sin corriente afectando a m\u00faltiples transformadores, lo que deja a cientos o miles de vecinos sin luz el\u00e9ctrica. El viento es un desencadenante de este tipo de fallas, ya que mueve las ramas entre los cabes, incluso si una rama cae puede llegar a cortar la l\u00ednea.<br \/>\nb) \u00a0 \u00a0 \u00a0Falta de inversiones: Los consumos de electricidad aumentan a\u00f1o a a\u00f1o, seg\u00fan Domingo Pisani, se hacen sondeos de carga en los trasformadores durante los picos de consumo, por lo tanto el monitoreo existe. Lamentablemente por falta de inversi\u00f3n, l\u00edneas y transformadores son exigidos hasta el punto que salen de servicio por activarse las protecciones para evitar da\u00f1os al sistema. Sobre este punto, Eden SA hace referencia a la tarifa, que descontando los impuestos, el resto que le queda a la empresa del importe que los usuarios abonan es bajo, lo que complica las tareas de inversi\u00f3n. Cabe aclarar que este argumento no exime de responsabilidad a Eden SA de cumplir con sus tareas.<br \/>\nc) \u00a0 \u00a0 \u00a0Negligencias y faltas de mantenimiento: Son incontables las violaciones a los reglamentos, y las malas obras realizadas por Eden SA. Todos las podemos ver, cables desnudos tocando fachadas de casas y edificios, postes vencidos que terminan desplom\u00e1ndose, acometidas fuera del reglamento, gabinetes de trasformadores abiertos de par en par expuestos a las inclemencias meteorol\u00f3gicas y una trampa mortal a cualquier persona que toque. Las l\u00edneas, sobre todo en baja tensi\u00f3n, est\u00e1n plagadas de \u201cremiendos y parches\u201d lo que marca una falta de control por parte del OCEBA (Organismo de Control de Energ\u00eda El\u00e9ctrica de la Provincia de Buenos Aires).<br \/>\nExiste un informe del Centro de Ingenieros, que tiene aproximadamente 20 a\u00f1os, que en s\u00edntesis aconseja una inversi\u00f3n importante en la renovaci\u00f3n y arreglo de las ca\u00f1er\u00edas de agua corriente y cloacas de nuestra ciudad.<br \/>\nHay cientos de reclamos de los vecinos de p\u00e9rdidas de agua corriente, recorrimos el territorio y observamos unos cuantos, pero fundamentalmente uno en el zanj\u00f3n de desag\u00fce pluvial en calle 8, paralelo a las v\u00edas del ex FFCC San Mart\u00edn, m\u00e1s precisamente frente al destacamento policial. Otro en la calle 107 entre 312 y 310, que al circular por las zanjas del Barrio Tres de Octubre ha generado grandes dep\u00f3sitos de agua dulce, totalmente limpia y llena de una fauna prol\u00edfera (mojarritas, caracoles, etc.)<\/p>\n<p><a href=\"https:\/\/www.hoymercedes.com.ar\/principal\/wp-content\/uploads\/2014\/01\/cestari-badano.mic_.jpg\"><img loading=\"lazy\" decoding=\"async\" data-attachment-id=\"29516\" data-permalink=\"https:\/\/www.hoymercedes.com.ar\/principal\/2014\/01\/28\/mic-investiga-generacion-y-consumo-de-agua-potable-por-red-en-la-zona-urbana-de-mercedes\/cestari-badano-mic\/#main\" data-orig-file=\"https:\/\/www.hoymercedes.com.ar\/principal\/wp-content\/uploads\/2014\/01\/cestari-badano.mic_.jpg\" data-orig-size=\"620,465\" data-comments-opened=\"1\" data-image-meta=\"{&quot;aperture&quot;:&quot;0&quot;,&quot;credit&quot;:&quot;&quot;,&quot;camera&quot;:&quot;&quot;,&quot;caption&quot;:&quot;&quot;,&quot;created_timestamp&quot;:&quot;0&quot;,&quot;copyright&quot;:&quot;&quot;,&quot;focal_length&quot;:&quot;0&quot;,&quot;iso&quot;:&quot;0&quot;,&quot;shutter_speed&quot;:&quot;0&quot;,&quot;title&quot;:&quot;&quot;}\" data-image-title=\"cestari-badano.mic\" data-image-description=\"\" data-image-caption=\"\" data-large-file=\"https:\/\/www.hoymercedes.com.ar\/principal\/wp-content\/uploads\/2014\/01\/cestari-badano.mic_.jpg\" class=\"aligncenter size-full wp-image-29516\" alt=\"cestari-badano.mic\" src=\"https:\/\/www.hoymercedes.com.ar\/principal\/wp-content\/uploads\/2014\/01\/cestari-badano.mic_.jpg\" width=\"620\" height=\"465\" \/><\/a><br \/>\nCONCLUSIONES DEL MIC:<br \/>\nGeneraci\u00f3n y consumo de agua por red.<br \/>\n&#8211; El Estado Municipal est\u00e1 dilapidando un recurso natural tan importante como los acu\u00edferos al extraer 37 millones de agua por d\u00eda, con el costo de energ\u00eda el\u00e9ctrica que esto implica.<br \/>\n&#8211; El derroche de agua que hacen algunos usuarios implica una pol\u00edtica de Estado a mediano plazo para invertir en la compra e instalaci\u00f3n de medidores de agua corriente domiciliarios y comunitarios (A valores actuales 60 millones de pesos aproximadamente).<br \/>\n&#8211; La inversi\u00f3n (a trav\u00e9s de alg\u00fan subsidio o partida de programa provincial o nacional) de renovar la ca\u00f1er\u00eda troncal deteriorada.<br \/>\n&#8211; Debe mejorarse la reparaci\u00f3n y renovaci\u00f3n de las ca\u00f1er\u00edas que trasladan este vital l\u00edquido para evitar el derroche.<br \/>\n&#8211; Deben hacerse campa\u00f1as de concientizaci\u00f3n del uso adecuado y racional del agua potable por red.<br \/>\n&#8211; El control de la presi\u00f3n del agua de red debe ser prioritario, fundamentalmente en verano, para encontrar las causas y tomar las medidas adecuadas para evitar la falta de agua de red en algunos sectores de la ciudad.<br \/>\n&#8211; Sabemos que para extraer agua potable necesitamos energ\u00eda el\u00e9ctrica, debe haber un trabajo coordinado entre el Municipio y Eden SA: a) En caso de ser necesarios los cortes deben ser programados. b) La poda de \u00e1rboles coordinada c) Tener en cuenta los picos de consumo de energ\u00eda el\u00e9ctrica, fundamentalmente en el alimentador 8 \u00a0que provee de energ\u00eda el\u00e9ctrica al 80 % de los pozos de bombeo.<br \/>\n&#8211; Mayor control por parte del OCEBA.<\/p>\n","protected":false},"excerpt":{"rendered":"<p>El MIC sigui\u00f3 con la investigaci\u00f3n de la generaci\u00f3n y consumo de agua potable por red en la zona urbana &#8230; <a title=\"MIC investiga generaci\u00f3n y consumo de agua potable por red en la zona urbana de Mercedes\" class=\"read-more\" href=\"https:\/\/www.hoymercedes.com.ar\/principal\/2014\/01\/28\/mic-investiga-generacion-y-consumo-de-agua-potable-por-red-en-la-zona-urbana-de-mercedes\/\" aria-label=\"Leer m\u00e1s sobre MIC investiga generaci\u00f3n y consumo de agua potable por red en la zona urbana de Mercedes\">Leer m\u00e1s<\/a><\/p>\n","protected":false},"author":1,"featured_media":0,"comment_status":"open","ping_status":"open","sticky":false,"template":"","format":"standard","meta":{"_monsterinsights_skip_tracking":false,"_monsterinsights_sitenote_active":false,"_monsterinsights_sitenote_note":"","_monsterinsights_sitenote_category":0,"jetpack_post_was_ever_published":false,"_jetpack_newsletter_access":"","_jetpack_dont_email_post_to_subs":false,"_jetpack_newsletter_tier_id":0,"_jetpack_memberships_contains_paywalled_content":false,"_jetpack_memberships_contains_paid_content":false,"footnotes":"","jetpack_publicize_message":"","jetpack_publicize_feature_enabled":true,"jetpack_social_post_already_shared":false,"jetpack_social_options":{"image_generator_settings":{"template":"highway","default_image_id":0,"font":"","enabled":false},"version":2},"_wpas_customize_per_network":false},"categories":[5],"tags":[4115,321,1956],"class_list":["post-29513","post","type-post","status-publish","format-standard","hentry","category-politica","tag-carlos-badano","tag-jose-cestari","tag-mic-mercedes","generate-columns","tablet-grid-50","mobile-grid-100","grid-parent","grid-50"],"jetpack_publicize_connections":[],"jetpack_featured_media_url":"","wps_subtitle":"","jetpack_sharing_enabled":true,"_links":{"self":[{"href":"https:\/\/www.hoymercedes.com.ar\/principal\/wp-json\/wp\/v2\/posts\/29513","targetHints":{"allow":["GET"]}}],"collection":[{"href":"https:\/\/www.hoymercedes.com.ar\/principal\/wp-json\/wp\/v2\/posts"}],"about":[{"href":"https:\/\/www.hoymercedes.com.ar\/principal\/wp-json\/wp\/v2\/types\/post"}],"author":[{"embeddable":true,"href":"https:\/\/www.hoymercedes.com.ar\/principal\/wp-json\/wp\/v2\/users\/1"}],"replies":[{"embeddable":true,"href":"https:\/\/www.hoymercedes.com.ar\/principal\/wp-json\/wp\/v2\/comments?post=29513"}],"version-history":[{"count":0,"href":"https:\/\/www.hoymercedes.com.ar\/principal\/wp-json\/wp\/v2\/posts\/29513\/revisions"}],"wp:attachment":[{"href":"https:\/\/www.hoymercedes.com.ar\/principal\/wp-json\/wp\/v2\/media?parent=29513"}],"wp:term":[{"taxonomy":"category","embeddable":true,"href":"https:\/\/www.hoymercedes.com.ar\/principal\/wp-json\/wp\/v2\/categories?post=29513"},{"taxonomy":"post_tag","embeddable":true,"href":"https:\/\/www.hoymercedes.com.ar\/principal\/wp-json\/wp\/v2\/tags?post=29513"}],"curies":[{"name":"wp","href":"https:\/\/api.w.org\/{rel}","templated":true}]}}