{"id":29545,"date":"2014-01-30T20:15:25","date_gmt":"2014-01-30T20:15:25","guid":{"rendered":"http:\/\/www.hoymercedes.com.ar\/principal\/?p=29545"},"modified":"2014-01-29T17:16:48","modified_gmt":"2014-01-29T17:16:48","slug":"roban-y-privan-de-la-libertad-a-vecino-de-nuestra-ciudad","status":"publish","type":"post","link":"https:\/\/www.hoymercedes.com.ar\/principal\/2014\/01\/30\/roban-y-privan-de-la-libertad-a-vecino-de-nuestra-ciudad\/","title":{"rendered":"Roban y privan de la libertad a vecino de nuestra ciudad"},"content":{"rendered":"<p><strong>Por Semanario D\u00e9cadas \/\/<\/strong><\/p>\n<p><em><strong>El padre del actual Asesor Legal de la municipalidad fue abordado por delincuentes, que luego de pasearlo por la ciudad, lo llevan a su casa para alzarse con dinero y algunas pertenencias en una de las m\u00e1s indeseables situaciones que podemos vivir los ciudadanos que es ni m\u00e1s ni menos que quedar privados de la libertar a manos de delincuentes.<\/strong><\/em><\/p>\n<p>La pasada semana se produjo un hecho con modalidad reiterada en nuestra ciudad, un vecino que circulaba en su auto Mercedes Benz por la intersecci\u00f3n de calla 24 y 1, fue abordado por dos sujetos de sexo masculino, y luego de recorrer las calles de nuestra comuna, levantan a otro sujeto y de all\u00ed conducen a Deluca a su vivienda para poder alzarse con diversos objetos de valor as\u00ed como tambi\u00e9n el efectivo que pose\u00eda.<\/p>\n<p>A Deluca lo maniataron y as\u00ed lo abandonaron en su propio domicilio.<\/p>\n<p>Luego cuando logra despojarse de dichas ataduras da aviso a la polic\u00eda, quien act\u00faa r\u00e1pidamente y dan con el veh\u00edculo en la localidad de Los Cardales.<\/p>\n<p>En su interior pudieron encontrar pertenencias de la v\u00edctima y constataron que abandonaron el autom\u00f3vil por falta de combustible.<\/p>\n<p>&nbsp;<\/p>\n<p>La investigaci\u00f3n se encuentra a cargo de la UFI N\u00b03 de nuestra ciudad a cargo del Dr. Pedro Illanes.<\/p>\n","protected":false},"excerpt":{"rendered":"<p>Por Semanario D\u00e9cadas \/\/ El padre del actual Asesor Legal de la municipalidad fue abordado por delincuentes, que luego de &#8230; <a title=\"Roban y privan de la libertad a vecino de nuestra ciudad\" class=\"read-more\" href=\"https:\/\/www.hoymercedes.com.ar\/principal\/2014\/01\/30\/roban-y-privan-de-la-libertad-a-vecino-de-nuestra-ciudad\/\" aria-label=\"Leer m\u00e1s sobre Roban y privan de la libertad a vecino de nuestra ciudad\">Leer m\u00e1s<\/a><\/p>\n","protected":false},"author":1,"featured_media":0,"comment_status":"open","ping_status":"open","sticky":false,"template":"","format":"standard","meta":{"_monsterinsights_skip_tracking":false,"_monsterinsights_sitenote_active":false,"_monsterinsights_sitenote_note":"","_monsterinsights_sitenote_category":0,"jetpack_post_was_ever_published":false,"_jetpack_newsletter_access":"","_jetpack_dont_email_post_to_subs":false,"_jetpack_newsletter_tier_id":0,"_jetpack_memberships_contains_paywalled_content":false,"_jetpack_memberships_contains_paid_content":false,"footnotes":"","jetpack_publicize_message":"","jetpack_publicize_feature_enabled":true,"jetpack_social_post_already_shared":false,"jetpack_social_options":{"image_generator_settings":{"template":"highway","default_image_id":0,"font":"","enabled":false},"version":2},"_wpas_customize_per_network":false},"categories":[85],"tags":[4555,666],"class_list":["post-29545","post","type-post","status-publish","format-standard","hentry","category-policial","tag-robo-deluca","tag-robos-mercedes","generate-columns","tablet-grid-50","mobile-grid-100","grid-parent","grid-50"],"jetpack_publicize_connections":[],"jetpack_featured_media_url":"","wps_subtitle":"","jetpack_sharing_enabled":true,"_links":{"self":[{"href":"https:\/\/www.hoymercedes.com.ar\/principal\/wp-json\/wp\/v2\/posts\/29545","targetHints":{"allow":["GET"]}}],"collection":[{"href":"https:\/\/www.hoymercedes.com.ar\/principal\/wp-json\/wp\/v2\/posts"}],"about":[{"href":"https:\/\/www.hoymercedes.com.ar\/principal\/wp-json\/wp\/v2\/types\/post"}],"author":[{"embeddable":true,"href":"https:\/\/www.hoymercedes.com.ar\/principal\/wp-json\/wp\/v2\/users\/1"}],"replies":[{"embeddable":true,"href":"https:\/\/www.hoymercedes.com.ar\/principal\/wp-json\/wp\/v2\/comments?post=29545"}],"version-history":[{"count":0,"href":"https:\/\/www.hoymercedes.com.ar\/principal\/wp-json\/wp\/v2\/posts\/29545\/revisions"}],"wp:attachment":[{"href":"https:\/\/www.hoymercedes.com.ar\/principal\/wp-json\/wp\/v2\/media?parent=29545"}],"wp:term":[{"taxonomy":"category","embeddable":true,"href":"https:\/\/www.hoymercedes.com.ar\/principal\/wp-json\/wp\/v2\/categories?post=29545"},{"taxonomy":"post_tag","embeddable":true,"href":"https:\/\/www.hoymercedes.com.ar\/principal\/wp-json\/wp\/v2\/tags?post=29545"}],"curies":[{"name":"wp","href":"https:\/\/api.w.org\/{rel}","templated":true}]}}