{"id":29583,"date":"2014-02-02T18:54:19","date_gmt":"2014-02-02T18:54:19","guid":{"rendered":"http:\/\/www.hoymercedes.com.ar\/principal\/?p=29583"},"modified":"2014-02-03T03:09:13","modified_gmt":"2014-02-03T03:09:13","slug":"municipio-trabaja-en-mejoras-de-boulevares-del-centro","status":"publish","type":"post","link":"https:\/\/www.hoymercedes.com.ar\/principal\/2014\/02\/02\/municipio-trabaja-en-mejoras-de-boulevares-del-centro\/","title":{"rendered":"Municipio trabaja en mejoras de boulevares del centro"},"content":{"rendered":"<figure id=\"attachment_29585\" aria-describedby=\"caption-attachment-29585\" style=\"width: 610px\" class=\"wp-caption aligncenter\"><a href=\"https:\/\/www.hoymercedes.com.ar\/principal\/wp-content\/uploads\/2014\/02\/Salomone-Gustavo.jpg\"><img loading=\"lazy\" decoding=\"async\" data-attachment-id=\"29585\" data-permalink=\"https:\/\/www.hoymercedes.com.ar\/principal\/2014\/02\/02\/municipio-trabaja-en-mejoras-de-boulevares-del-centro\/sanyo-digital-camera-22\/#main\" data-orig-file=\"https:\/\/www.hoymercedes.com.ar\/principal\/wp-content\/uploads\/2014\/02\/Salomone-Gustavo.jpg\" data-orig-size=\"620,216\" data-comments-opened=\"1\" data-image-meta=\"{&quot;aperture&quot;:&quot;2.8&quot;,&quot;credit&quot;:&quot;&quot;,&quot;camera&quot;:&quot;S770&quot;,&quot;caption&quot;:&quot;&quot;,&quot;created_timestamp&quot;:&quot;1202949894&quot;,&quot;copyright&quot;:&quot;&quot;,&quot;focal_length&quot;:&quot;5.8&quot;,&quot;iso&quot;:&quot;200&quot;,&quot;shutter_speed&quot;:&quot;0.025&quot;,&quot;title&quot;:&quot;SANYO DIGITAL CAMERA&quot;}\" data-image-title=\"Gustavo Salomone\" data-image-description=\"\" data-image-caption=\"&lt;p&gt;Gustavo Salomone, Secretario de Obras P\u00fablicas &lt;\/p&gt;\n\" data-large-file=\"https:\/\/www.hoymercedes.com.ar\/principal\/wp-content\/uploads\/2014\/02\/Salomone-Gustavo.jpg\" class=\"size-full wp-image-29585\" alt=\"Gustavo Salomone, Secretario de Obras P\u00fablicas \" src=\"https:\/\/www.hoymercedes.com.ar\/principal\/wp-content\/uploads\/2014\/02\/Salomone-Gustavo.jpg\" width=\"620\" height=\"216\" \/><\/a><figcaption id=\"caption-attachment-29585\" class=\"wp-caption-text\">Gustavo Salomone, Secretario de Obras P\u00fablicas<\/figcaption><\/figure>\n<p>&nbsp;<\/p>\n<p><strong>Seg\u00fan informan desde la comuna la Secretar\u00eda de Obras P\u00fablicas est\u00e1 realizando tareas de reacondicionamiento y mejoramiento de los bulevares y canteros de la zona c\u00e9ntrica de la cuidad.<\/strong><\/p>\n<p>Desde el Municipio informaron que:<em> \u00abLas cuadrillas de trabajo realizan actividades en las avenidas 30, 17, 16 y 29. El mejoramiento consiste en quitar las pegatinas de postes y maseteros para pode pintarlos nuevamente, pintar cordones, bancos y p\u00e9rgolas; y colocar 14 papeleros en estos bulevares que son de los mas transitados.\u00bb<\/em><\/p>\n<p><em>[pullquote]\u201cAdem\u00e1s de pintar canteros, maseteros y postes de alumbrado, se est\u00e1 limpiando la zona donde se est\u00e1n realizando las obras[\/pullquote]. La avenida 30 de 29 a 17 y desde all\u00ed por avenida 17 hasta 16, est\u00e1 en los \u00faltimos d\u00edas de realizaci\u00f3n, hecho que los vecinos agradecen y ven el trabajo diario que se est\u00e1 haciendo\u201d<\/em>, explic\u00f3 Gustavo Salomone, secretario de Obras P\u00fablicas.<\/p>\n<p><span style=\"line-height: 1.5em;\">A su vez informaron que tambi\u00e9n se est\u00e1n realizando obras en la perrera municipal donde se pondr\u00e1 en funcionamiento una nueva sala de castraci\u00f3n y capacitaci\u00f3n a al cual podr\u00e1n concurrir alumnos de los establecimientos de Mercedes y observar y aprender sobre ese tipo de cirug\u00edas. A esto se suman los ba\u00f1os y vestuarios de la Planta Depuradora y que est\u00e1n en pleno proceso de obra, remarcaron.<br \/>\n<\/span><\/p>\n","protected":false},"excerpt":{"rendered":"<p>&nbsp; Seg\u00fan informan desde la comuna la Secretar\u00eda de Obras P\u00fablicas est\u00e1 realizando tareas de reacondicionamiento y mejoramiento de los &#8230; <a title=\"Municipio trabaja en mejoras de boulevares del centro\" class=\"read-more\" href=\"https:\/\/www.hoymercedes.com.ar\/principal\/2014\/02\/02\/municipio-trabaja-en-mejoras-de-boulevares-del-centro\/\" aria-label=\"Leer m\u00e1s sobre Municipio trabaja en mejoras de boulevares del centro\">Leer m\u00e1s<\/a><\/p>\n","protected":false},"author":1,"featured_media":0,"comment_status":"open","ping_status":"open","sticky":false,"template":"","format":"standard","meta":{"_monsterinsights_skip_tracking":false,"_monsterinsights_sitenote_active":false,"_monsterinsights_sitenote_note":"","_monsterinsights_sitenote_category":0,"jetpack_post_was_ever_published":false,"_jetpack_newsletter_access":"","_jetpack_dont_email_post_to_subs":false,"_jetpack_newsletter_tier_id":0,"_jetpack_memberships_contains_paywalled_content":false,"_jetpack_memberships_contains_paid_content":false,"footnotes":"","jetpack_publicize_message":"","jetpack_publicize_feature_enabled":true,"jetpack_social_post_already_shared":false,"jetpack_social_options":{"image_generator_settings":{"template":"highway","default_image_id":0,"font":"","enabled":false},"version":2},"_wpas_customize_per_network":false},"categories":[30],"tags":[229,197,4563],"class_list":["post-29583","post","type-post","status-publish","format-standard","hentry","category-municipio","tag-gustavo-salomone","tag-municipalidad-de-mercedes","tag-secretaria-de-obras-publicas","generate-columns","tablet-grid-50","mobile-grid-100","grid-parent","grid-50"],"jetpack_publicize_connections":[],"jetpack_featured_media_url":"","wps_subtitle":"","jetpack_sharing_enabled":true,"_links":{"self":[{"href":"https:\/\/www.hoymercedes.com.ar\/principal\/wp-json\/wp\/v2\/posts\/29583","targetHints":{"allow":["GET"]}}],"collection":[{"href":"https:\/\/www.hoymercedes.com.ar\/principal\/wp-json\/wp\/v2\/posts"}],"about":[{"href":"https:\/\/www.hoymercedes.com.ar\/principal\/wp-json\/wp\/v2\/types\/post"}],"author":[{"embeddable":true,"href":"https:\/\/www.hoymercedes.com.ar\/principal\/wp-json\/wp\/v2\/users\/1"}],"replies":[{"embeddable":true,"href":"https:\/\/www.hoymercedes.com.ar\/principal\/wp-json\/wp\/v2\/comments?post=29583"}],"version-history":[{"count":0,"href":"https:\/\/www.hoymercedes.com.ar\/principal\/wp-json\/wp\/v2\/posts\/29583\/revisions"}],"wp:attachment":[{"href":"https:\/\/www.hoymercedes.com.ar\/principal\/wp-json\/wp\/v2\/media?parent=29583"}],"wp:term":[{"taxonomy":"category","embeddable":true,"href":"https:\/\/www.hoymercedes.com.ar\/principal\/wp-json\/wp\/v2\/categories?post=29583"},{"taxonomy":"post_tag","embeddable":true,"href":"https:\/\/www.hoymercedes.com.ar\/principal\/wp-json\/wp\/v2\/tags?post=29583"}],"curies":[{"name":"wp","href":"https:\/\/api.w.org\/{rel}","templated":true}]}}