{"id":29619,"date":"2014-02-04T01:31:31","date_gmt":"2014-02-04T01:31:31","guid":{"rendered":"http:\/\/www.hoymercedes.com.ar\/principal\/?p=29619"},"modified":"2014-02-04T01:35:57","modified_gmt":"2014-02-04T01:35:57","slug":"familia-de-marcelo-schilacci-se-manifesto-frente-a-tribunales","status":"publish","type":"post","link":"https:\/\/www.hoymercedes.com.ar\/principal\/2014\/02\/04\/familia-de-marcelo-schilacci-se-manifesto-frente-a-tribunales\/","title":{"rendered":"Familia de Marcelo Schilacci se manifest\u00f3 frente a Tribunales"},"content":{"rendered":"<p>&nbsp;<\/p>\n<p><a href=\"https:\/\/www.hoymercedes.com.ar\/principal\/wp-content\/uploads\/2014\/02\/marceloschilacci-tribunales-03.02.2014.jpg\"><img loading=\"lazy\" decoding=\"async\" data-attachment-id=\"29623\" data-permalink=\"https:\/\/www.hoymercedes.com.ar\/principal\/2014\/02\/04\/familia-de-marcelo-schilacci-se-manifesto-frente-a-tribunales\/marceloschilacci-tribunales-03-02-2014\/#main\" data-orig-file=\"https:\/\/www.hoymercedes.com.ar\/principal\/wp-content\/uploads\/2014\/02\/marceloschilacci-tribunales-03.02.2014.jpg\" data-orig-size=\"620,465\" data-comments-opened=\"1\" data-image-meta=\"{&quot;aperture&quot;:&quot;2.8&quot;,&quot;credit&quot;:&quot;&quot;,&quot;camera&quot;:&quot;LG-E451g&quot;,&quot;caption&quot;:&quot;&quot;,&quot;created_timestamp&quot;:&quot;1391426834&quot;,&quot;copyright&quot;:&quot;&quot;,&quot;focal_length&quot;:&quot;3.5&quot;,&quot;iso&quot;:&quot;112&quot;,&quot;shutter_speed&quot;:&quot;0.002392&quot;,&quot;title&quot;:&quot;&quot;}\" data-image-title=\"marceloschilacci-tribunales-03.02.2014\" data-image-description=\"\" data-image-caption=\"\" data-large-file=\"https:\/\/www.hoymercedes.com.ar\/principal\/wp-content\/uploads\/2014\/02\/marceloschilacci-tribunales-03.02.2014.jpg\" class=\"aligncenter size-full wp-image-29623\" alt=\"marceloschilacci-tribunales-03.02.2014\" src=\"https:\/\/www.hoymercedes.com.ar\/principal\/wp-content\/uploads\/2014\/02\/marceloschilacci-tribunales-03.02.2014.jpg\" width=\"620\" height=\"465\" \/><\/a><\/p>\n<p><em><strong>La familia de Marcelo Schilacci y un importante grupo de amigos se manifest\u00f3 ante los tribunales de nuestra ciudad solicitando se conceda una relaci\u00f3n m\u00e1s humana y acorde a la situaci\u00f3n del detenido a la vez que tanto ellos como su abogado manifestaron y ratificaron que se trata de un acto de injusticia dado que \u201cMarcelo Schilacci es inocente\u201d. Lo actuado es en el Tribunal Oral en lo Criminal N\u00ba2.<\/strong><\/em><\/p>\n<figure id=\"attachment_29622\" aria-describedby=\"caption-attachment-29622\" style=\"width: 362px\" class=\"wp-caption alignleft\"><img loading=\"lazy\" decoding=\"async\" data-attachment-id=\"29622\" data-permalink=\"https:\/\/www.hoymercedes.com.ar\/principal\/2014\/02\/04\/familia-de-marcelo-schilacci-se-manifesto-frente-a-tribunales\/javierraiman\/#main\" data-orig-file=\"https:\/\/www.hoymercedes.com.ar\/principal\/wp-content\/uploads\/2014\/02\/JavierRaiman.jpg\" data-orig-size=\"620,827\" data-comments-opened=\"1\" data-image-meta=\"{&quot;aperture&quot;:&quot;2.8&quot;,&quot;credit&quot;:&quot;&quot;,&quot;camera&quot;:&quot;LG-E451g&quot;,&quot;caption&quot;:&quot;&quot;,&quot;created_timestamp&quot;:&quot;1391428249&quot;,&quot;copyright&quot;:&quot;&quot;,&quot;focal_length&quot;:&quot;3.5&quot;,&quot;iso&quot;:&quot;123&quot;,&quot;shutter_speed&quot;:&quot;0.02001&quot;,&quot;title&quot;:&quot;&quot;}\" data-image-title=\"JavierRaiman\" data-image-description=\"\" data-image-caption=\"\" data-large-file=\"https:\/\/www.hoymercedes.com.ar\/principal\/wp-content\/uploads\/2014\/02\/JavierRaiman.jpg\" class=\" wp-image-29622 \" alt=\"JavierRaiman\" src=\"https:\/\/www.hoymercedes.com.ar\/principal\/wp-content\/uploads\/2014\/02\/JavierRaiman.jpg\" width=\"372\" height=\"496\" srcset=\"https:\/\/www.hoymercedes.com.ar\/principal\/wp-content\/uploads\/2014\/02\/JavierRaiman.jpg 620w, https:\/\/www.hoymercedes.com.ar\/principal\/wp-content\/uploads\/2014\/02\/JavierRaiman-464x620.jpg 464w\" sizes=\"auto, (max-width: 372px) 100vw, 372px\" \/><figcaption id=\"caption-attachment-29622\" class=\"wp-caption-text\">Javier Raiman, abogado de Schilacci<\/figcaption><\/figure>\n<p>El abogado de la familia, Javier Raidan, remarc\u00f3: \u201cEs una resoluci\u00f3n atinada porque esperan unos informes que profundicen lo presentado por \u00e9sta defensa que permitan tomar la mejor decisi\u00f3n. Est\u00e1n esperando ahora.\u201d A su vez aclar\u00f3 la situaci\u00f3n futura inmediata al decir que. <em>\u201cMarcelo va a ser trasladado de forma inmediata a un hospital de alta complejidad en una ambulancia de iguales caracter\u00edsticas siendo monitoreado por el servicio. Tendr\u00e1n que enviar el informe a las 48hs para que nosotros podamos trabajar y el tribunal decida en consecuencia. El pedido de morigeraci\u00f3n ya fue pedido. Una vez que est\u00e9n los informes el Tribunal decidir\u00e1 dejando abierta la cuesti\u00f3n tanto para la fiscal\u00eda como para la defensa.\u201d<\/em> Consultado si estaba conforme con lo actuado en el d\u00eda de hoy por la Justicia de Mercedes manifest\u00f3:<em> \u201cSi, es hoy una resoluci\u00f3n atinada, por lo menos hoy. El pasado sigue, \u00e9sta defensa sigue propugnando la inocencia de mi asistido. Estamos en la Corte y seguiremos hasta las cortes internacionales. Apenas empieza \u00e9ste proceso\u201d.<\/em><\/p>\n<p>Recordemos que Marcelo Schilacci es uno de<\/p>\n<p>los detenidos y acusados por el Triple Crimen de General Rodr\u00edguez y que se encontraba detenido en Olavarr\u00eda y que en su caso ha incluso actuado la Secretar\u00eda de Derechos Humanos de la Provincia de Buenos Aires con su titular Guido Carlotto solicitando sea atendido como se debe dado que su enfermedad no es curable, pero, se le puede brindar una mejor calidad de vida si es atendido como corresponde.<\/p>\n<p>Por su parte, la esposa de Marcelo manifest\u00f3: <em>\u201cLa Unidad 22 es la \u00fanica unidad que posee instancia hospitalaria adentro y cuando le inyectaban medicamentos lo hac\u00edan incluso sin alcohol as\u00ed que no podemos dejar vaya all\u00e1. \u00bfQu\u00e9 puedo esperar de la N\u00ba9? Que no es hospital penitenciario ni tiene los medios ni la medicaci\u00f3n. \u00c9l no va a estar en mejor lugar que en mi casa y yo puedo hacerlo atender tanto con m\u00e9dico de emergencia como d\u00e1ndole la medicaci\u00f3n que necesita. No pido m\u00e1s que cuidar su salud. Hoy no est\u00e1 apto ni para subir un cord\u00f3n. As\u00ed que no podr\u00eda tener fuga como sostienen ellos por el grado de condena que mi marido tiene. No est\u00e1 firme adem\u00e1s la condena. [pullquote]Es inocente. Sabemos que tenemos que esperar. En alg\u00fan momento la justicia nos va a tener que dar la mano[\/pullquote]. Porque es inocente, pero m\u00e1s all\u00e1 de ello lo m\u00e1s importante es la vida de \u00e9l. No tiene tres a\u00f1os para que se resuelva en la Corte. No tiene el tiempo para esperar, necesita ser tratado. El abogado nuestro plante\u00f3 que en el Hospital Mu\u00f1iz le dan las inyecciones con el medicamento que necesita que es para tratar la hepatitis C que tiene donde le dio el an\u00e1lisis positivo. Todos estamos esperando y que es algo que se trata solo por inyecciones. No pido que lo liberen ni que se aceleren los tiempos procesales. Estoy pidiendo por la vida de mi marido. Que lo dejen que venga a mi casa y lo haga atender en cualquier hospital, como el Mu\u00f1iz, con el monitoreo que ellos quieran. Los que dijeron que hubo un operativo para planear una fuga con helic\u00f3ptero. Los invit\u00f3 a ellos a ver d\u00f3nde vivo\u2026el abogado lo dijo clarito, ni a \u00e9l le pagamos a\u00fan como podr\u00edamos hacer todo eso. Es irracional. Tienen todos mis datos. S\u00f3lo pido por la salud de mi marido. Hoy no resolvieron nada. Dios quiera nos alcance el tiempo.\u201d.<\/em><\/p>\n<p>&nbsp;<\/p>\n<p>&nbsp;<\/p>\n","protected":false},"excerpt":{"rendered":"<p>&nbsp; La familia de Marcelo Schilacci y un importante grupo de amigos se manifest\u00f3 ante los tribunales de nuestra ciudad &#8230; <a title=\"Familia de Marcelo Schilacci se manifest\u00f3 frente a Tribunales\" class=\"read-more\" href=\"https:\/\/www.hoymercedes.com.ar\/principal\/2014\/02\/04\/familia-de-marcelo-schilacci-se-manifesto-frente-a-tribunales\/\" aria-label=\"Leer m\u00e1s sobre Familia de Marcelo Schilacci se manifest\u00f3 frente a Tribunales\">Leer m\u00e1s<\/a><\/p>\n","protected":false},"author":1,"featured_media":0,"comment_status":"open","ping_status":"open","sticky":false,"template":"","format":"standard","meta":{"_monsterinsights_skip_tracking":false,"_monsterinsights_sitenote_active":false,"_monsterinsights_sitenote_note":"","_monsterinsights_sitenote_category":0,"jetpack_post_was_ever_published":false,"_jetpack_newsletter_access":"","_jetpack_dont_email_post_to_subs":false,"_jetpack_newsletter_tier_id":0,"_jetpack_memberships_contains_paywalled_content":false,"_jetpack_memberships_contains_paid_content":false,"footnotes":"","jetpack_publicize_message":"","jetpack_publicize_feature_enabled":true,"jetpack_social_post_already_shared":false,"jetpack_social_options":{"image_generator_settings":{"template":"highway","default_image_id":0,"font":"","enabled":false},"version":2},"_wpas_customize_per_network":false},"categories":[5],"tags":[4576,4575,4577,3006,4578],"class_list":["post-29619","post","type-post","status-publish","format-standard","hentry","category-politica","tag-javier-raidam-abogado","tag-marcelo-schilacci","tag-tribunal-oral-en-lo-criminal-2-mercedes","tag-triple-crimen","tag-triple-crimen-general-rodriguez","generate-columns","tablet-grid-50","mobile-grid-100","grid-parent","grid-50"],"jetpack_publicize_connections":[],"jetpack_featured_media_url":"","wps_subtitle":"","jetpack_sharing_enabled":true,"_links":{"self":[{"href":"https:\/\/www.hoymercedes.com.ar\/principal\/wp-json\/wp\/v2\/posts\/29619","targetHints":{"allow":["GET"]}}],"collection":[{"href":"https:\/\/www.hoymercedes.com.ar\/principal\/wp-json\/wp\/v2\/posts"}],"about":[{"href":"https:\/\/www.hoymercedes.com.ar\/principal\/wp-json\/wp\/v2\/types\/post"}],"author":[{"embeddable":true,"href":"https:\/\/www.hoymercedes.com.ar\/principal\/wp-json\/wp\/v2\/users\/1"}],"replies":[{"embeddable":true,"href":"https:\/\/www.hoymercedes.com.ar\/principal\/wp-json\/wp\/v2\/comments?post=29619"}],"version-history":[{"count":0,"href":"https:\/\/www.hoymercedes.com.ar\/principal\/wp-json\/wp\/v2\/posts\/29619\/revisions"}],"wp:attachment":[{"href":"https:\/\/www.hoymercedes.com.ar\/principal\/wp-json\/wp\/v2\/media?parent=29619"}],"wp:term":[{"taxonomy":"category","embeddable":true,"href":"https:\/\/www.hoymercedes.com.ar\/principal\/wp-json\/wp\/v2\/categories?post=29619"},{"taxonomy":"post_tag","embeddable":true,"href":"https:\/\/www.hoymercedes.com.ar\/principal\/wp-json\/wp\/v2\/tags?post=29619"}],"curies":[{"name":"wp","href":"https:\/\/api.w.org\/{rel}","templated":true}]}}