{"id":29639,"date":"2014-02-04T14:42:13","date_gmt":"2014-02-04T14:42:13","guid":{"rendered":"http:\/\/www.hoymercedes.com.ar\/principal\/?p=29639"},"modified":"2014-02-04T14:42:13","modified_gmt":"2014-02-04T14:42:13","slug":"llego-a-su-casa-y-encontro-un-joven-durmiendo-en-su-cama","status":"publish","type":"post","link":"https:\/\/www.hoymercedes.com.ar\/principal\/2014\/02\/04\/llego-a-su-casa-y-encontro-un-joven-durmiendo-en-su-cama\/","title":{"rendered":"Lleg\u00f3 a su casa y encontr\u00f3 un joven durmiendo en su cama"},"content":{"rendered":"<p><em><strong>Un acontecimiento m\u00e1s que curioso sucedi\u00f3 la semana pasada cuando una vecina de nuestra ciudad se encontr\u00f3 dentro de su vivienda un joven durmiendo sin que le falte un s\u00f3lo objeto de su propiedad. La polic\u00eda y la fiscal\u00eda de menores intervinieron.\u00a0<\/strong><\/em><\/p>\n<p>Un hecho de singulares caracter\u00edsticas ocurri\u00f3 d\u00edas atr\u00e1s. Todo inici\u00f3 cuando una vecina de calle 32 y 49, al llegar a su casa, se encontr\u00f3 con que la puerta principal estaba abierta y ten\u00eda rota la cerradura, y luego de haberla recorrido sigilosamente, se encontr\u00f3 con que una persona que estaba durmiendo en su propia cama; al instante la se\u00f1ora da aviso a la Polic\u00eda, haci\u00e9ndose presente en el lugar dos efectivos, los que procedieron a la detenci\u00f3n de un joven menor de edad ya que s\u00f3lo portaba 16 a\u00f1os.<\/p>\n<p>El mismo fue llevado a la Comisaria y, desde aqu\u00ed, dieron aviso a la Fiscal\u00eda de menores, desde donde ordenaron la entrega del joven a sus padres.<\/p>\n<p>La propia due\u00f1a de la casa dijo que no faltaba ninguna pertenencia, por lo que, hasta el momento, no se sabe porque este joven hizo esto.<\/p>\n","protected":false},"excerpt":{"rendered":"<p>Un acontecimiento m\u00e1s que curioso sucedi\u00f3 la semana pasada cuando una vecina de nuestra ciudad se encontr\u00f3 dentro de su &#8230; <a title=\"Lleg\u00f3 a su casa y encontr\u00f3 un joven durmiendo en su cama\" class=\"read-more\" href=\"https:\/\/www.hoymercedes.com.ar\/principal\/2014\/02\/04\/llego-a-su-casa-y-encontro-un-joven-durmiendo-en-su-cama\/\" aria-label=\"Leer m\u00e1s sobre Lleg\u00f3 a su casa y encontr\u00f3 un joven durmiendo en su cama\">Leer m\u00e1s<\/a><\/p>\n","protected":false},"author":1,"featured_media":0,"comment_status":"open","ping_status":"open","sticky":false,"template":"","format":"standard","meta":{"_monsterinsights_skip_tracking":false,"_monsterinsights_sitenote_active":false,"_monsterinsights_sitenote_note":"","_monsterinsights_sitenote_category":0,"jetpack_post_was_ever_published":false,"_jetpack_newsletter_access":"","_jetpack_dont_email_post_to_subs":false,"_jetpack_newsletter_tier_id":0,"_jetpack_memberships_contains_paywalled_content":false,"_jetpack_memberships_contains_paid_content":false,"footnotes":"","jetpack_publicize_message":"","jetpack_publicize_feature_enabled":true,"jetpack_social_post_already_shared":false,"jetpack_social_options":{"image_generator_settings":{"template":"highway","default_image_id":0,"font":"","enabled":false},"version":2},"_wpas_customize_per_network":false},"categories":[85],"tags":[4580],"class_list":["post-29639","post","type-post","status-publish","format-standard","hentry","category-policial","tag-llego-a-su-casa-y-encontro-un-joven-durmiendo-en-su-cama","generate-columns","tablet-grid-50","mobile-grid-100","grid-parent","grid-50"],"jetpack_publicize_connections":[],"jetpack_featured_media_url":"","wps_subtitle":"","jetpack_sharing_enabled":true,"_links":{"self":[{"href":"https:\/\/www.hoymercedes.com.ar\/principal\/wp-json\/wp\/v2\/posts\/29639","targetHints":{"allow":["GET"]}}],"collection":[{"href":"https:\/\/www.hoymercedes.com.ar\/principal\/wp-json\/wp\/v2\/posts"}],"about":[{"href":"https:\/\/www.hoymercedes.com.ar\/principal\/wp-json\/wp\/v2\/types\/post"}],"author":[{"embeddable":true,"href":"https:\/\/www.hoymercedes.com.ar\/principal\/wp-json\/wp\/v2\/users\/1"}],"replies":[{"embeddable":true,"href":"https:\/\/www.hoymercedes.com.ar\/principal\/wp-json\/wp\/v2\/comments?post=29639"}],"version-history":[{"count":0,"href":"https:\/\/www.hoymercedes.com.ar\/principal\/wp-json\/wp\/v2\/posts\/29639\/revisions"}],"wp:attachment":[{"href":"https:\/\/www.hoymercedes.com.ar\/principal\/wp-json\/wp\/v2\/media?parent=29639"}],"wp:term":[{"taxonomy":"category","embeddable":true,"href":"https:\/\/www.hoymercedes.com.ar\/principal\/wp-json\/wp\/v2\/categories?post=29639"},{"taxonomy":"post_tag","embeddable":true,"href":"https:\/\/www.hoymercedes.com.ar\/principal\/wp-json\/wp\/v2\/tags?post=29639"}],"curies":[{"name":"wp","href":"https:\/\/api.w.org\/{rel}","templated":true}]}}